{"id":2205,"date":"2019-02-01T13:05:43","date_gmt":"2019-02-01T13:05:43","guid":{"rendered":"http:\/\/gkvitkovice.cz\/?p=2205"},"modified":"2019-02-01T13:08:05","modified_gmt":"2019-02-01T13:08:05","slug":"zvt-2018","status":"publish","type":"post","link":"https:\/\/gkvitkovice.cz\/?p=2205","title":{"rendered":"ZVT 2019"},"content":{"rendered":"<div id=\"fb-root\"><\/div>\n<p><script>(function(d, s, id) {\n  var js, fjs = d.getElementsByTagName(s)[0];\n  if (d.getElementById(id)) return;\n  js = d.createElement(s); js.id = id;\n  js.src = 'https:\/\/connect.facebook.net\/cs_CZ\/sdk.js#xfbml=1&version=v3.2';\n  fjs.parentNode.insertBefore(js, fjs);\n}(document, 'script', 'facebook-jssdk'));<\/script><br \/>\n<a href=\"http:\/\/gkvitkovice.cz\/wp-content\/uploads\/2019\/02\/49344247_1506080996202325_7099873582179680256_n.jpg\"><img loading=\"lazy\" class=\"alignleft size-medium wp-image-2206\" src=\"http:\/\/gkvitkovice.cz\/wp-content\/uploads\/2019\/02\/49344247_1506080996202325_7099873582179680256_n-300x225.jpg\" alt=\"\" width=\"300\" height=\"225\" srcset=\"https:\/\/gkvitkovice.cz\/wp-content\/uploads\/2019\/02\/49344247_1506080996202325_7099873582179680256_n-300x225.jpg 300w, https:\/\/gkvitkovice.cz\/wp-content\/uploads\/2019\/02\/49344247_1506080996202325_7099873582179680256_n-768x576.jpg 768w, https:\/\/gkvitkovice.cz\/wp-content\/uploads\/2019\/02\/49344247_1506080996202325_7099873582179680256_n.jpg 960w\" sizes=\"(max-width: 300px) 100vw, 300px\" \/><\/a>Nov\u00fd rok jsme zah\u00e1jily zimn\u00edm soust\u0159ed\u011bn\u00edm v kr\u00e1sn\u00e9m prost\u0159ed\u00ed Beskyd, a to na Prost\u0159edn\u00ed Be\u010dv\u011b. Zima na hor\u00e1ch byla opravdu p\u0159\u00edmo &#8222;Ladovsk\u00e1&#8220;, se spoustou sn\u011bhu, ale i slun\u00ed\u010dka. B\u011bhem ka\u017edodenn\u00edho ly\u017eov\u00e1n\u00ed se n\u00e1m po cel\u00fd t\u00fdden st\u0159\u00eddalo r\u016fzn\u00e9 po\u010das\u00ed, od slun\u00ed\u010dka po hust\u00e9 sn\u011b\u017een\u00ed a mlhu. Ly\u017eovali jsme na Sachov\u011b stud\u00e1nce, kam n\u00e1s vozil skibus. Krom\u011b ly\u017eov\u00e1n\u00ed jsme se v\u011bnovaly cvi\u010den\u00ed, plav\u00e1n\u00ed a hr\u00e1m venku se sn\u011bhem. Ubytov\u00e1n\u00ed bylo p\u0159\u00edjemn\u00e9, j\u00eddlo v\u00fdborn\u00e9. Leto\u0161n\u00ed zimn\u00ed soust\u0159ed\u011bn\u00ed jsme si u\u017eily i s jedin\u00fdm chlap\u00edkem, kter\u00fd n\u00e1s p\u0159ijel nav\u0161t\u00edvit s maminkou, s mal\u00fdm Mi\u0161\u00e1nkem.<\/p>\n<p>Fotky <a href=\"https:\/\/gkvitkovice.rajce.idnes.cz\/ZVT%2C_Becva%2C_6.-11.1.2019\/\">ZDE<\/a><\/p>\n<p><em>(Monika Prutkayov\u00e1)<\/em><\/p>\n<div class=\"fb-like\" data-href=\"http:\/\/gkvitkovice.cz\/?p=2205\" data-layout=\"standard\" data-action=\"like\" data-size=\"small\" data-show-faces=\"true\" data-share=\"true\"><\/div>\n","protected":false},"excerpt":{"rendered":"<p><a href=\"http:\/\/gkvitkovice.cz\/wp-content\/uploads\/2019\/02\/49344247_1506080996202325_7099873582179680256_n.jpg\"><img loading=\"lazy\" class=\"alignleft size-medium wp-image-2206\" src=\"http:\/\/gkvitkovice.cz\/wp-content\/uploads\/2019\/02\/49344247_1506080996202325_7099873582179680256_n-300x225.jpg\" alt=\"\" width=\"300\" height=\"225\" srcset=\"https:\/\/gkvitkovice.cz\/wp-content\/uploads\/2019\/02\/49344247_1506080996202325_7099873582179680256_n-300x225.jpg 300w, https:\/\/gkvitkovice.cz\/wp-content\/uploads\/2019\/02\/49344247_1506080996202325_7099873582179680256_n-768x576.jpg 768w, https:\/\/gkvitkovice.cz\/wp-content\/uploads\/2019\/02\/49344247_1506080996202325_7099873582179680256_n.jpg 960w\" sizes=\"(max-width: 300px) 100vw, 300px\" \/><\/a>Nov\u00fd rok jsme zah\u00e1jily zimn\u00edm soust\u0159ed\u011bn\u00edm v kr\u00e1sn\u00e9m prost\u0159ed\u00ed Beskyd, a to na Prost\u0159edn\u00ed Be\u010dv\u011b.<\/p>\n","protected":false},"author":1,"featured_media":0,"comment_status":"closed","ping_status":"open","sticky":false,"template":"","format":"standard","meta":[],"categories":[14],"tags":[],"_links":{"self":[{"href":"https:\/\/gkvitkovice.cz\/index.php?rest_route=\/wp\/v2\/posts\/2205"}],"collection":[{"href":"https:\/\/gkvitkovice.cz\/index.php?rest_route=\/wp\/v2\/posts"}],"about":[{"href":"https:\/\/gkvitkovice.cz\/index.php?rest_route=\/wp\/v2\/types\/post"}],"author":[{"embeddable":true,"href":"https:\/\/gkvitkovice.cz\/index.php?rest_route=\/wp\/v2\/users\/1"}],"replies":[{"embeddable":true,"href":"https:\/\/gkvitkovice.cz\/index.php?rest_route=%2Fwp%2Fv2%2Fcomments&post=2205"}],"version-history":[{"count":5,"href":"https:\/\/gkvitkovice.cz\/index.php?rest_route=\/wp\/v2\/posts\/2205\/revisions"}],"predecessor-version":[{"id":2212,"href":"https:\/\/gkvitkovice.cz\/index.php?rest_route=\/wp\/v2\/posts\/2205\/revisions\/2212"}],"wp:attachment":[{"href":"https:\/\/gkvitkovice.cz\/index.php?rest_route=%2Fwp%2Fv2%2Fmedia&parent=2205"}],"wp:term":[{"taxonomy":"category","embeddable":true,"href":"https:\/\/gkvitkovice.cz\/index.php?rest_route=%2Fwp%2Fv2%2Fcategories&post=2205"},{"taxonomy":"post_tag","embeddable":true,"href":"https:\/\/gkvitkovice.cz\/index.php?rest_route=%2Fwp%2Fv2%2Ftags&post=2205"}],"curies":[{"name":"wp","href":"https:\/\/api.w.org\/{rel}","templated":true}]}}