{"id":2211,"date":"2019-02-01T13:10:47","date_gmt":"2019-02-01T13:10:47","guid":{"rendered":"http:\/\/gkvitkovice.cz\/?p=2211"},"modified":"2019-02-01T13:11:23","modified_gmt":"2019-02-01T13:11:23","slug":"memorial-jana-palacha-2019","status":"publish","type":"post","link":"https:\/\/gkvitkovice.cz\/?p=2211","title":{"rendered":"Memori\u00e1l Jana Palacha 2019"},"content":{"rendered":"<div id=\"fb-root\"><\/div>\n<p><script>(function(d, s, id) {\n  var js, fjs = d.getElementsByTagName(s)[0];\n  if (d.getElementById(id)) return;\n  js = d.createElement(s); js.id = id;\n  js.src = 'https:\/\/connect.facebook.net\/cs_CZ\/sdk.js#xfbml=1&version=v3.2';\n  fjs.parentNode.insertBefore(js, fjs);\n}(document, 'script', 'facebook-jssdk'));<\/script><br \/>\n<a href=\"http:\/\/gkvitkovice.cz\/wp-content\/uploads\/2019\/02\/DSCN8371.jpg\"><img loading=\"lazy\" class=\"alignleft size-medium wp-image-2213\" src=\"http:\/\/gkvitkovice.cz\/wp-content\/uploads\/2019\/02\/DSCN8371-300x215.jpg\" alt=\"\" width=\"300\" height=\"215\" srcset=\"https:\/\/gkvitkovice.cz\/wp-content\/uploads\/2019\/02\/DSCN8371-300x215.jpg 300w, https:\/\/gkvitkovice.cz\/wp-content\/uploads\/2019\/02\/DSCN8371-768x551.jpg 768w, https:\/\/gkvitkovice.cz\/wp-content\/uploads\/2019\/02\/DSCN8371-1024x735.jpg 1024w, https:\/\/gkvitkovice.cz\/wp-content\/uploads\/2019\/02\/DSCN8371.jpg 1200w\" sizes=\"(max-width: 300px) 100vw, 300px\" \/><\/a>Po\u010detn\u00e1 skupina gymnastek i rodi\u010d\u016f se vydala v p\u00e1tek 19. 1. 2019 na z\u00e1vody do V\u0161etat na\u00a0Memori\u00e1l Jana Palacha, kde jsme v t\u011blocvi\u010dn\u011b Tj Sokola\u00a0V\u0161etaty\u00a0po\u0159\u00e1daj\u00edc\u00ed z\u00e1vod, p\u0159espali ve spac\u00e1c\u00edch. Byl to prvn\u00ed z\u00e1vod v roce 2019 a na\u0161im gymnastk\u00e1m, od nejmen\u0161\u00edch a\u017e po ty nejv\u011bt\u0161\u00ed, se v\u011bt\u0161inou da\u0159ilo. D\u011bkujeme jim za p\u0159edveden\u00e9 v\u00fdkony a rovn\u011b\u017e gratulujeme.<\/p>\n<p>Fotky <a href=\"https:\/\/gkvitkovice.rajce.idnes.cz\/Memorial_Jana_Palacha%2C_Vsetaty%2C_19.1._2019\/\">ZDE<\/a><\/p>\n<p>V\u00fdsledky <a href=\"http:\/\/www.gymfed.cz\/vysledky\/detail\/1416\">ZDE<\/a><\/p>\n<p><em>(Monika Prutkayov\u00e1)<\/em><\/p>\n<div class=\"fb-like\" data-href=\"http:\/\/gkvitkovice.cz\/?p=2211\" data-layout=\"standard\" data-action=\"like\" data-size=\"small\" data-show-faces=\"true\" data-share=\"true\"><\/div>\n<p>&nbsp;<\/p>\n","protected":false},"excerpt":{"rendered":"<p><a href=\"http:\/\/gkvitkovice.cz\/wp-content\/uploads\/2019\/02\/DSCN8371.jpg\"><img loading=\"lazy\" class=\"alignleft size-medium wp-image-2213\" src=\"http:\/\/gkvitkovice.cz\/wp-content\/uploads\/2019\/02\/DSCN8371-300x215.jpg\" alt=\"\" width=\"300\" height=\"215\" srcset=\"https:\/\/gkvitkovice.cz\/wp-content\/uploads\/2019\/02\/DSCN8371-300x215.jpg 300w, https:\/\/gkvitkovice.cz\/wp-content\/uploads\/2019\/02\/DSCN8371-768x551.jpg 768w, https:\/\/gkvitkovice.cz\/wp-content\/uploads\/2019\/02\/DSCN8371-1024x735.jpg 1024w, https:\/\/gkvitkovice.cz\/wp-content\/uploads\/2019\/02\/DSCN8371.jpg 1200w\" sizes=\"(max-width: 300px) 100vw, 300px\" \/><\/a>Po\u010detn\u00e1 skupina gymnastek i rodi\u010d\u016f se vydala v p\u00e1tek 19. 1. 2019 na z\u00e1vody do V\u0161etat na\u00a0Memori\u00e1l Jana Palacha, kde jsme v t\u011blocvi\u010dn\u011b Tj Sokola\u00a0V\u0161etaty\u00a0po\u0159\u00e1daj\u00edc\u00ed z\u00e1vod, p\u0159espali ve spac\u00e1c\u00edch. <\/p>\n","protected":false},"author":1,"featured_media":0,"comment_status":"closed","ping_status":"open","sticky":false,"template":"","format":"standard","meta":[],"categories":[14],"tags":[],"_links":{"self":[{"href":"https:\/\/gkvitkovice.cz\/index.php?rest_route=\/wp\/v2\/posts\/2211"}],"collection":[{"href":"https:\/\/gkvitkovice.cz\/index.php?rest_route=\/wp\/v2\/posts"}],"about":[{"href":"https:\/\/gkvitkovice.cz\/index.php?rest_route=\/wp\/v2\/types\/post"}],"author":[{"embeddable":true,"href":"https:\/\/gkvitkovice.cz\/index.php?rest_route=\/wp\/v2\/users\/1"}],"replies":[{"embeddable":true,"href":"https:\/\/gkvitkovice.cz\/index.php?rest_route=%2Fwp%2Fv2%2Fcomments&post=2211"}],"version-history":[{"count":2,"href":"https:\/\/gkvitkovice.cz\/index.php?rest_route=\/wp\/v2\/posts\/2211\/revisions"}],"predecessor-version":[{"id":2215,"href":"https:\/\/gkvitkovice.cz\/index.php?rest_route=\/wp\/v2\/posts\/2211\/revisions\/2215"}],"wp:attachment":[{"href":"https:\/\/gkvitkovice.cz\/index.php?rest_route=%2Fwp%2Fv2%2Fmedia&parent=2211"}],"wp:term":[{"taxonomy":"category","embeddable":true,"href":"https:\/\/gkvitkovice.cz\/index.php?rest_route=%2Fwp%2Fv2%2Fcategories&post=2211"},{"taxonomy":"post_tag","embeddable":true,"href":"https:\/\/gkvitkovice.cz\/index.php?rest_route=%2Fwp%2Fv2%2Ftags&post=2211"}],"curies":[{"name":"wp","href":"https:\/\/api.w.org\/{rel}","templated":true}]}}