{"id":2216,"date":"2019-02-01T13:19:07","date_gmt":"2019-02-01T13:19:07","guid":{"rendered":"http:\/\/gkvitkovice.cz\/?p=2216"},"modified":"2019-02-01T13:19:36","modified_gmt":"2019-02-01T13:19:36","slug":"duo-gym-cup-2019","status":"publish","type":"post","link":"https:\/\/gkvitkovice.cz\/?p=2216","title":{"rendered":"Duo Gym Cup 2019"},"content":{"rendered":"<div id=\"fb-root\"><\/div>\n<p><script>(function(d, s, id) {\n  var js, fjs = d.getElementsByTagName(s)[0];\n  if (d.getElementById(id)) return;\n  js = d.createElement(s); js.id = id;\n  js.src = 'https:\/\/connect.facebook.net\/cs_CZ\/sdk.js#xfbml=1&version=v3.2';\n  fjs.parentNode.insertBefore(js, fjs);\n}(document, 'script', 'facebook-jssdk'));<\/script><br \/>\n<a href=\"http:\/\/gkvitkovice.cz\/wp-content\/uploads\/2019\/02\/BF8F6677-ACAB-4A9A-8B6E-120B2782B933.jpg\"><img loading=\"lazy\" class=\"alignleft size-medium wp-image-2217\" src=\"http:\/\/gkvitkovice.cz\/wp-content\/uploads\/2019\/02\/BF8F6677-ACAB-4A9A-8B6E-120B2782B933-300x225.jpg\" alt=\"\" width=\"300\" height=\"225\" srcset=\"https:\/\/gkvitkovice.cz\/wp-content\/uploads\/2019\/02\/BF8F6677-ACAB-4A9A-8B6E-120B2782B933-300x225.jpg 300w, https:\/\/gkvitkovice.cz\/wp-content\/uploads\/2019\/02\/BF8F6677-ACAB-4A9A-8B6E-120B2782B933-768x576.jpg 768w, https:\/\/gkvitkovice.cz\/wp-content\/uploads\/2019\/02\/BF8F6677-ACAB-4A9A-8B6E-120B2782B933-1024x768.jpg 1024w, https:\/\/gkvitkovice.cz\/wp-content\/uploads\/2019\/02\/BF8F6677-ACAB-4A9A-8B6E-120B2782B933.jpg 2000w\" sizes=\"(max-width: 300px) 100vw, 300px\" \/><\/a>V ned\u011bli 20. 1. 2019 jsme se z\u00fa\u010dastnily dal\u0161\u00edho z\u00e1vodu Duo Gym Cup v \u0160estajovic\u00edch. Do \u0160estajovic jsme se p\u0159em\u00edstili ze V\u0161etat po sobotn\u00edm z\u00e1vod\u011b a p\u0159espali jsme v t\u011blocvi\u010dn\u011b v \u0160estajovic\u00edch.<\/p>\n<p>Tento z\u00e1vod se stal tak\u00e9 velmi \u00fasp\u011b\u0161n\u00fdm. Z\u00e1vodilo se ve dvojic\u00edch, kdy si dan\u00e1\u00a0gymnastka z dvojice zvolila dv\u011b n\u00e1\u0159ad\u00ed, druh\u00e1 gymnastka dv\u011b dal\u0161\u00ed r\u016fzn\u00e9 n\u00e1\u0159ad\u00ed, aby pokryly cel\u00fd \u010dty\u0159boj.<\/p>\n<p>V kategorii MIMI I se zada\u0159ilo dvoj\u010dat\u016fm <strong>S\u00e1\u0159e K\u0159i\u017eo\u0161\u010dakov\u00e9<\/strong> a <strong>Frederce Prutkayov\u00e9<\/strong>, kter\u00e9 vyhr\u00e1ly z\u00e1vod Mimi I.<\/p>\n<p>V kategorii MIMI II se tak\u00e9 da\u0159ilo <strong>Elen Kantorov\u00e9<\/strong> a <strong>Bar\u010de Skotnicov\u00e9<\/strong>, kter\u00e9 se um\u00edstily\u00a0na st\u0159\u00edbrn\u00e9m m\u00edst\u011b a dvoj\u010data <strong>Lili Mlyn\u00e1\u0159ov\u00e1<\/strong> a <strong>Zoe Kol\u00e1\u0159ov\u00e1<\/strong> se um\u00edstily na p\u011bkn\u00e9m 7. m\u00edst\u011b.\u00a0Tyto dv\u011b kategorie se s\u010d\u00edtali a ve v\u00fdsledku se \u010dtve\u0159ice d\u011bv\u010dat S\u00e1rka, Frederka, Elenka a Baru\u0161ka um\u00edstily na 1. m\u00edst\u011b. Obdr\u017eely bezva poh\u00e1r, dort a kr\u00e1sn\u00e9 ceny.<\/p>\n<p>V kategorii Mlad\u0161\u00ed I se nejl\u00e9pe vedlo <strong>Ad\u00e9lce Nykodymov\u00e9<\/strong> a <strong>Lindi Rakov\u00e9<\/strong>, kter\u00e9 se um\u00edstily na nepopul\u00e1rn\u00edm bramborov\u00e9m m\u00edst\u011b. Dal\u0161\u00edmi dvoj\u010daty byly <strong>Ka\u010dka B\u00e1rtkov\u00e1<\/strong> s <strong>Ad\u00e9lkou Chudovou<\/strong> 7. m\u00edsto, <strong>Eli\u0161ka Bystro\u0148ov\u00e1<\/strong> s <strong>Anet Nen\u00ed\u010dkovou<\/strong> 25. m\u00edsto\u00a0a <strong>Jul\u010da Biolkov\u00e1<\/strong> s <strong>Nelkou Hl\u00e1vkovou<\/strong> 29. m\u00edsto. Tato kategorie byla nejpo\u010detn\u011bji zastoupen\u00e1, startovalo celkem 40 dru\u017estev.<\/p>\n<p>V kategorii Mlad\u0161\u00ed II se po p\u011bkn\u00fdch v\u00fdkonech zada\u0159ilo dvojici <strong>Klaudi Hynek<\/strong> a <strong>Rozce O\u017eanov\u00e9<\/strong>, kter\u00e9 vyhr\u00e1ly tuto kategorii, dal\u0161\u00ed dvojic\u00ed byly <strong>Terka Gromnicov\u00e1<\/strong> s <strong>Naty Papou\u0161kovou<\/strong>, kter\u00e9 se\u00a0tak\u00e9 um\u00edstily na 4. m\u00edst\u011b. Tyto dv\u011b kategorie se tak\u00e9 s\u010d\u00edtali a \u010dtve\u0159ice gymnastek Ad\u00e9lka Nykodymov\u00e1, Lin\u010fa, Klaudi a Rozka vyhr\u00e1ly kr\u00e1sn\u00fd poh\u00e1r s dortem a s cenami.<\/p>\n<p>V kategorii Star\u0161\u00ed I jsme m\u011bli zastoupen\u00ed ve dvojici <strong>Lucka G\u0159e\u0161ov\u00e1<\/strong> a <strong>A\u0148a Kr\u00fdsov\u00e1<\/strong>, kter\u00e9 si tak\u00e9 p\u011bkn\u00fdm cvi\u010den\u00edm vybojovaly 2. m\u00edsto. Dvoj\u010data <strong>Ad\u00e9l \u010c\u00e1pov\u00e1<\/strong> a <strong>Anet Nykodymov\u00e1<\/strong> 7. m\u00edsto.<\/p>\n<p>V kategorii Star\u0161\u00ed II z\u00e1vodily dv\u011b na\u0161e dvoj\u010data, a to <strong>K\u00e1ja Adam\u00edkov\u00e1<\/strong> s <strong>Lenkou Jaskovi\u010dovou<\/strong>, kter\u00e9 se takt\u00e9\u017e um\u00edstily na 4. m\u00edst\u011b a <strong>Naty Najdekov\u00e1<\/strong> s hostuj\u00edc\u00ed Viktori\u00ed Bro\u017eovou TJ Sokol Horn\u00ed Po\u010dernice 7. m\u00edst\u011b. Sou\u010dtem v\u00fdsledk\u016f obou kategori\u00ed se \u010dtve\u0159ici Lucka, A\u0148a, K\u00e1ja, Lenka poda\u0159ilo um\u00edstit na bronzov\u00e9m stup\u00ednku.<\/p>\n<p>V\u0161em d\u011bkujeme a gratulujeme.<\/p>\n<p>Fotky <a href=\"https:\/\/gkvitkovice.rajce.idnes.cz\/Duo_Gym_Cup%2C_Sestajovice%2C_21.1._2019\/\">ZDE<\/a><\/p>\n<p>V\u00fdsledky <a href=\"http:\/\/www.gymfed.cz\/vysledky\/detail\/1320\">ZDE<\/a><\/p>\n<p><em>(Monika Prutkayov\u00e1)<\/em><\/p>\n<div class=\"fb-like\" data-href=\"http:\/\/gkvitkovice.cz\/?p=2216\" data-layout=\"standard\" data-action=\"like\" data-size=\"small\" data-show-faces=\"true\" data-share=\"true\"><\/div>\n<p>&nbsp;<\/p>\n","protected":false},"excerpt":{"rendered":"<p><a href=\"http:\/\/gkvitkovice.cz\/wp-content\/uploads\/2019\/02\/BF8F6677-ACAB-4A9A-8B6E-120B2782B933.jpg\"><img loading=\"lazy\" class=\"alignleft size-medium wp-image-2217\" src=\"http:\/\/gkvitkovice.cz\/wp-content\/uploads\/2019\/02\/BF8F6677-ACAB-4A9A-8B6E-120B2782B933-300x225.jpg\" alt=\"\" width=\"300\" height=\"225\" srcset=\"https:\/\/gkvitkovice.cz\/wp-content\/uploads\/2019\/02\/BF8F6677-ACAB-4A9A-8B6E-120B2782B933-300x225.jpg 300w, https:\/\/gkvitkovice.cz\/wp-content\/uploads\/2019\/02\/BF8F6677-ACAB-4A9A-8B6E-120B2782B933-768x576.jpg 768w, https:\/\/gkvitkovice.cz\/wp-content\/uploads\/2019\/02\/BF8F6677-ACAB-4A9A-8B6E-120B2782B933-1024x768.jpg 1024w, https:\/\/gkvitkovice.cz\/wp-content\/uploads\/2019\/02\/BF8F6677-ACAB-4A9A-8B6E-120B2782B933.jpg 2000w\" sizes=\"(max-width: 300px) 100vw, 300px\" \/><\/a>V ned\u011bli 20. 1. 2019 jsme se z\u00fa\u010dastnily dal\u0161\u00edho z\u00e1vodu Duo Gym Cup v \u0160estajovic\u00edch.<\/p>\n","protected":false},"author":1,"featured_media":0,"comment_status":"closed","ping_status":"open","sticky":false,"template":"","format":"standard","meta":[],"categories":[14],"tags":[],"_links":{"self":[{"href":"https:\/\/gkvitkovice.cz\/index.php?rest_route=\/wp\/v2\/posts\/2216"}],"collection":[{"href":"https:\/\/gkvitkovice.cz\/index.php?rest_route=\/wp\/v2\/posts"}],"about":[{"href":"https:\/\/gkvitkovice.cz\/index.php?rest_route=\/wp\/v2\/types\/post"}],"author":[{"embeddable":true,"href":"https:\/\/gkvitkovice.cz\/index.php?rest_route=\/wp\/v2\/users\/1"}],"replies":[{"embeddable":true,"href":"https:\/\/gkvitkovice.cz\/index.php?rest_route=%2Fwp%2Fv2%2Fcomments&post=2216"}],"version-history":[{"count":2,"href":"https:\/\/gkvitkovice.cz\/index.php?rest_route=\/wp\/v2\/posts\/2216\/revisions"}],"predecessor-version":[{"id":2219,"href":"https:\/\/gkvitkovice.cz\/index.php?rest_route=\/wp\/v2\/posts\/2216\/revisions\/2219"}],"wp:attachment":[{"href":"https:\/\/gkvitkovice.cz\/index.php?rest_route=%2Fwp%2Fv2%2Fmedia&parent=2216"}],"wp:term":[{"taxonomy":"category","embeddable":true,"href":"https:\/\/gkvitkovice.cz\/index.php?rest_route=%2Fwp%2Fv2%2Fcategories&post=2216"},{"taxonomy":"post_tag","embeddable":true,"href":"https:\/\/gkvitkovice.cz\/index.php?rest_route=%2Fwp%2Fv2%2Ftags&post=2216"}],"curies":[{"name":"wp","href":"https:\/\/api.w.org\/{rel}","templated":true}]}}