{"id":2222,"date":"2019-02-04T09:13:17","date_gmt":"2019-02-04T09:13:17","guid":{"rendered":"http:\/\/gkvitkovice.cz\/?p=2222"},"modified":"2019-02-04T09:13:47","modified_gmt":"2019-02-04T09:13:47","slug":"mcr-c-2018","status":"publish","type":"post","link":"https:\/\/gkvitkovice.cz\/?p=2222","title":{"rendered":"M\u010cR C 2018"},"content":{"rendered":"<div id=\"fb-root\"><\/div>\n<p><script>(function(d, s, id) {\n  var js, fjs = d.getElementsByTagName(s)[0];\n  if (d.getElementById(id)) return;\n  js = d.createElement(s); js.id = id;\n  js.src = 'https:\/\/connect.facebook.net\/cs_CZ\/sdk.js#xfbml=1&version=v3.2';\n  fjs.parentNode.insertBefore(js, fjs);\n}(document, 'script', 'facebook-jssdk'));<\/script><\/p>\n<div><a href=\"http:\/\/gkvitkovice.cz\/wp-content\/uploads\/2019\/02\/IMG_4793.jpg\"><img loading=\"lazy\" class=\"alignleft size-medium wp-image-2223\" src=\"http:\/\/gkvitkovice.cz\/wp-content\/uploads\/2019\/02\/IMG_4793-200x300.jpg\" alt=\"\" width=\"200\" height=\"300\" srcset=\"https:\/\/gkvitkovice.cz\/wp-content\/uploads\/2019\/02\/IMG_4793-200x300.jpg 200w, https:\/\/gkvitkovice.cz\/wp-content\/uploads\/2019\/02\/IMG_4793-768x1152.jpg 768w, https:\/\/gkvitkovice.cz\/wp-content\/uploads\/2019\/02\/IMG_4793-682x1024.jpg 682w, https:\/\/gkvitkovice.cz\/wp-content\/uploads\/2019\/02\/IMG_4793.jpg 1333w\" sizes=\"(max-width: 200px) 100vw, 200px\" \/><\/a>Skv\u011ble si vedly na\u0161e gymnastky na sobotn\u00edm mistrovstv\u00ed \u010cR 27. 10. 2018, kter\u00e9 se konalo v Jind\u0159ichov\u011b Hradci.<\/div>\n<div><\/div>\n<div><strong>Klaudi Hynek<\/strong> v kategorii \u017e\u00e1ky\u0148\u00a0vybojovala v konkurenci 101 z\u00e1vodnic st\u0159\u00edbro. Skv\u011ble se vedlo ale i <strong>Anet Nykod\u00fdmov\u00e9<\/strong>, kter\u00e1 skon\u010dila na 4. m\u00edst\u011b a <strong>Terce Gromnicov\u00e9<\/strong>, kter\u00e1 se tak\u00e9 vlezla do TOP 10 vyhl\u00e1\u0161en\u00fdch, skon\u010dila na kr\u00e1sn\u00e9m 9. m\u00edst\u011b. Z\u00e1vodu se \u00fa\u010dastnila tak\u00e9 <strong>Dom\u010da Friedrichov\u00e1<\/strong> &#8211; 25. m\u00edsto a <strong>Lea Vrl\u00edkov\u00e1<\/strong> &#8211; 60. m\u00edsto.<\/div>\n<div><\/div>\n<div>Odpoledne jsme m\u011bli zastoupen\u00ed i v kategorii juniorek. Nejl\u00e9pe se z\u00e1vodu zhostila <strong>Natka Najdekov\u00e1<\/strong> &#8211; 17. m\u00edsto. Dal\u0161\u00edmi z\u00e1vodnicemi byly<strong> Ad\u00e9l Zdvihalov\u00e1<\/strong> &#8211; 30. m\u00edsto s\u00a0<strong>Viki Kov\u00e1\u0159ovou<\/strong>\u00a0&#8211; 49. m\u00edsto. I t\u00e9to kategorie se \u00fa\u010dastnilo neuv\u011b\u0159iteln\u00fdch 56 z\u00e1vodnic.<\/div>\n<div><\/div>\n<div>Gratulujeme z\u00e1vodnic\u00edm i tren\u00e9r\u016fm!<\/div>\n<div><\/div>\n<div>V\u00fdsledky <a href=\"http:\/\/www.gymfed.cz\/vysledky\/detail\/1109\">ZDE<\/a><\/div>\n<div>Fotky <a href=\"https:\/\/gkvitkovice.rajce.idnes.cz\/MCR_C%2C_Jindrichuv_Hradec_2018\/\">ZDE<\/a><\/div>\n<div><\/div>\n<div><em>(Gabriela Hynek)<\/em><\/div>\n<div class=\"fb-like\" data-href=\"http:\/\/gkvitkovice.cz\/?p=2222\" data-layout=\"standard\" data-action=\"like\" data-size=\"small\" data-show-faces=\"true\" data-share=\"true\"><\/div>\n","protected":false},"excerpt":{"rendered":"<div><a href=\"http:\/\/gkvitkovice.cz\/wp-content\/uploads\/2019\/02\/IMG_4793.jpg\"><img loading=\"lazy\" class=\"alignleft size-medium wp-image-2223\" src=\"http:\/\/gkvitkovice.cz\/wp-content\/uploads\/2019\/02\/IMG_4793-200x300.jpg\" alt=\"\" width=\"200\" height=\"300\" srcset=\"https:\/\/gkvitkovice.cz\/wp-content\/uploads\/2019\/02\/IMG_4793-200x300.jpg 200w, https:\/\/gkvitkovice.cz\/wp-content\/uploads\/2019\/02\/IMG_4793-768x1152.jpg 768w, https:\/\/gkvitkovice.cz\/wp-content\/uploads\/2019\/02\/IMG_4793-682x1024.jpg 682w, https:\/\/gkvitkovice.cz\/wp-content\/uploads\/2019\/02\/IMG_4793.jpg 1333w\" sizes=\"(max-width: 200px) 100vw, 200px\" \/><\/a>Skv\u011ble si vedly na\u0161e gymnastky na sobotn\u00edm mistrovstv\u00ed \u010cR 27. 10. 2018, kter\u00e9 se konalo v Jind\u0159ichov\u011b Hradci.<\/div>\n<div><\/div>\n","protected":false},"author":1,"featured_media":0,"comment_status":"closed","ping_status":"open","sticky":false,"template":"","format":"standard","meta":[],"categories":[13],"tags":[],"_links":{"self":[{"href":"https:\/\/gkvitkovice.cz\/index.php?rest_route=\/wp\/v2\/posts\/2222"}],"collection":[{"href":"https:\/\/gkvitkovice.cz\/index.php?rest_route=\/wp\/v2\/posts"}],"about":[{"href":"https:\/\/gkvitkovice.cz\/index.php?rest_route=\/wp\/v2\/types\/post"}],"author":[{"embeddable":true,"href":"https:\/\/gkvitkovice.cz\/index.php?rest_route=\/wp\/v2\/users\/1"}],"replies":[{"embeddable":true,"href":"https:\/\/gkvitkovice.cz\/index.php?rest_route=%2Fwp%2Fv2%2Fcomments&post=2222"}],"version-history":[{"count":2,"href":"https:\/\/gkvitkovice.cz\/index.php?rest_route=\/wp\/v2\/posts\/2222\/revisions"}],"predecessor-version":[{"id":2225,"href":"https:\/\/gkvitkovice.cz\/index.php?rest_route=\/wp\/v2\/posts\/2222\/revisions\/2225"}],"wp:attachment":[{"href":"https:\/\/gkvitkovice.cz\/index.php?rest_route=%2Fwp%2Fv2%2Fmedia&parent=2222"}],"wp:term":[{"taxonomy":"category","embeddable":true,"href":"https:\/\/gkvitkovice.cz\/index.php?rest_route=%2Fwp%2Fv2%2Fcategories&post=2222"},{"taxonomy":"post_tag","embeddable":true,"href":"https:\/\/gkvitkovice.cz\/index.php?rest_route=%2Fwp%2Fv2%2Ftags&post=2222"}],"curies":[{"name":"wp","href":"https:\/\/api.w.org\/{rel}","templated":true}]}}