{"id":2234,"date":"2019-02-04T09:22:59","date_gmt":"2019-02-04T09:22:59","guid":{"rendered":"http:\/\/gkvitkovice.cz\/?p=2234"},"modified":"2019-02-04T09:23:28","modified_gmt":"2019-02-04T09:23:28","slug":"vanoce-2019","status":"publish","type":"post","link":"https:\/\/gkvitkovice.cz\/?p=2234","title":{"rendered":"V\u00e1noce 2019"},"content":{"rendered":"<div id=\"fb-root\"><\/div>\n<p><script>(function(d, s, id) {\n  var js, fjs = d.getElementsByTagName(s)[0];\n  if (d.getElementById(id)) return;\n  js = d.createElement(s); js.id = id;\n  js.src = 'https:\/\/connect.facebook.net\/cs_CZ\/sdk.js#xfbml=1&version=v3.2';\n  fjs.parentNode.insertBefore(js, fjs);\n}(document, 'script', 'facebook-jssdk'));<\/script><\/p>\n<div><a href=\"http:\/\/gkvitkovice.cz\/wp-content\/uploads\/2019\/02\/IMG_6777.jpg\"><img loading=\"lazy\" class=\"alignleft size-medium wp-image-2235\" src=\"http:\/\/gkvitkovice.cz\/wp-content\/uploads\/2019\/02\/IMG_6777-300x200.jpg\" alt=\"\" width=\"300\" height=\"200\" srcset=\"https:\/\/gkvitkovice.cz\/wp-content\/uploads\/2019\/02\/IMG_6777-300x200.jpg 300w, https:\/\/gkvitkovice.cz\/wp-content\/uploads\/2019\/02\/IMG_6777-768x512.jpg 768w, https:\/\/gkvitkovice.cz\/wp-content\/uploads\/2019\/02\/IMG_6777-1024x682.jpg 1024w, https:\/\/gkvitkovice.cz\/wp-content\/uploads\/2019\/02\/IMG_6777.jpg 2000w\" sizes=\"(max-width: 300px) 100vw, 300px\" \/><\/a>Ono jsou to vlastn\u011b V\u00e1noce 2018, ale oslavili jsme je a\u017e v tomto roce. Proto\u017ee v prosinci n\u011bkter\u00e9 holky z na\u0161eho dru\u017estva odjely ly\u017eovat a proto\u017ee na konci roku je v\u017edycky m\u00e1lo \u010dasu a v\u0161ichni po\u0159\u00e1d n\u011bco sh\u00e1n\u00ed a n\u011bkam sp\u011bchaj\u00ed, tak jsme se rozhodli, \u017ee si d\u00e1rky rozd\u00e1me a\u017e v lednu. Oslava prob\u011bhla z vesela, nad\u011blili jsme si kr\u00e1sn\u00e9 tri\u010dka GK V\u00edtkovice a u\u017eili si spoustu z\u00e1bavy. Lou\u010dily se nejen holky, ale p\u0159i\u0161li i rodi\u010de. Nov\u00fd rok jsme pak p\u0159iv\u00edtali pomoc\u00ed her, zp\u011bvu, sportovn\u00edch i nesportovn\u00edch \u00fakol\u016f a taky skv\u011bl\u00fdmi fotkami, u kter\u00fdch jsme se fakt pobavili \ud83d\ude42<\/div>\n<div>A pozor, do na\u0161i gymnastick\u00e9 rodiny p\u0159ibyl dal\u0161\u00ed \u010dlen&#8230; ply\u0161ov\u00fd maskot Garfiled!<\/div>\n<div><\/div>\n<div>Fotky <a href=\"https:\/\/gkvitkovice.rajce.idnes.cz\/Vanocni_besidka_v_novem_roce%2C_leden_2019\/\">ZDE<\/a><\/div>\n<div><\/div>\n<div><i>(Gabriela Hynek)<\/i><\/div>\n<div class=\"fb-like\" data-href=\"http:\/\/gkvitkovice.cz\/?p=2234\" data-layout=\"standard\" data-action=\"like\" data-size=\"small\" data-show-faces=\"true\" data-share=\"true\"><\/div>\n","protected":false},"excerpt":{"rendered":"<div><a href=\"http:\/\/gkvitkovice.cz\/wp-content\/uploads\/2019\/02\/IMG_6777.jpg\"><img loading=\"lazy\" class=\"alignleft size-medium wp-image-2235\" src=\"http:\/\/gkvitkovice.cz\/wp-content\/uploads\/2019\/02\/IMG_6777-300x200.jpg\" alt=\"\" width=\"300\" height=\"200\" srcset=\"https:\/\/gkvitkovice.cz\/wp-content\/uploads\/2019\/02\/IMG_6777-300x200.jpg 300w, https:\/\/gkvitkovice.cz\/wp-content\/uploads\/2019\/02\/IMG_6777-768x512.jpg 768w, https:\/\/gkvitkovice.cz\/wp-content\/uploads\/2019\/02\/IMG_6777-1024x682.jpg 1024w, https:\/\/gkvitkovice.cz\/wp-content\/uploads\/2019\/02\/IMG_6777.jpg 2000w\" sizes=\"(max-width: 300px) 100vw, 300px\" \/><\/a>Ono jsou to vlastn\u011b V\u00e1noce 2018, ale oslavili jsme je a\u017e v tomto roce.<\/p>\n","protected":false},"author":1,"featured_media":0,"comment_status":"closed","ping_status":"open","sticky":false,"template":"","format":"standard","meta":[],"categories":[13],"tags":[],"_links":{"self":[{"href":"https:\/\/gkvitkovice.cz\/index.php?rest_route=\/wp\/v2\/posts\/2234"}],"collection":[{"href":"https:\/\/gkvitkovice.cz\/index.php?rest_route=\/wp\/v2\/posts"}],"about":[{"href":"https:\/\/gkvitkovice.cz\/index.php?rest_route=\/wp\/v2\/types\/post"}],"author":[{"embeddable":true,"href":"https:\/\/gkvitkovice.cz\/index.php?rest_route=\/wp\/v2\/users\/1"}],"replies":[{"embeddable":true,"href":"https:\/\/gkvitkovice.cz\/index.php?rest_route=%2Fwp%2Fv2%2Fcomments&post=2234"}],"version-history":[{"count":2,"href":"https:\/\/gkvitkovice.cz\/index.php?rest_route=\/wp\/v2\/posts\/2234\/revisions"}],"predecessor-version":[{"id":2237,"href":"https:\/\/gkvitkovice.cz\/index.php?rest_route=\/wp\/v2\/posts\/2234\/revisions\/2237"}],"wp:attachment":[{"href":"https:\/\/gkvitkovice.cz\/index.php?rest_route=%2Fwp%2Fv2%2Fmedia&parent=2234"}],"wp:term":[{"taxonomy":"category","embeddable":true,"href":"https:\/\/gkvitkovice.cz\/index.php?rest_route=%2Fwp%2Fv2%2Fcategories&post=2234"},{"taxonomy":"post_tag","embeddable":true,"href":"https:\/\/gkvitkovice.cz\/index.php?rest_route=%2Fwp%2Fv2%2Ftags&post=2234"}],"curies":[{"name":"wp","href":"https:\/\/api.w.org\/{rel}","templated":true}]}}