{"id":2238,"date":"2019-02-04T09:25:34","date_gmt":"2019-02-04T09:25:34","guid":{"rendered":"http:\/\/gkvitkovice.cz\/?p=2238"},"modified":"2019-02-04T09:26:00","modified_gmt":"2019-02-04T09:26:00","slug":"zvt-bila-2019","status":"publish","type":"post","link":"https:\/\/gkvitkovice.cz\/?p=2238","title":{"rendered":"ZVT B\u00edl\u00e1 2019"},"content":{"rendered":"<div id=\"fb-root\"><\/div>\n<p><script>(function(d, s, id) {\n  var js, fjs = d.getElementsByTagName(s)[0];\n  if (d.getElementById(id)) return;\n  js = d.createElement(s); js.id = id;\n  js.src = 'https:\/\/connect.facebook.net\/cs_CZ\/sdk.js#xfbml=1&version=v3.2';\n  fjs.parentNode.insertBefore(js, fjs);\n}(document, 'script', 'facebook-jssdk'));<\/script><\/p>\n<div><a href=\"http:\/\/gkvitkovice.cz\/wp-content\/uploads\/2019\/02\/IMG_6618a.jpg\"><img loading=\"lazy\" class=\"alignleft size-medium wp-image-2239\" src=\"http:\/\/gkvitkovice.cz\/wp-content\/uploads\/2019\/02\/IMG_6618a-300x197.jpg\" alt=\"\" width=\"300\" height=\"197\" srcset=\"https:\/\/gkvitkovice.cz\/wp-content\/uploads\/2019\/02\/IMG_6618a-300x197.jpg 300w, https:\/\/gkvitkovice.cz\/wp-content\/uploads\/2019\/02\/IMG_6618a-768x503.jpg 768w, https:\/\/gkvitkovice.cz\/wp-content\/uploads\/2019\/02\/IMG_6618a-1024x671.jpg 1024w, https:\/\/gkvitkovice.cz\/wp-content\/uploads\/2019\/02\/IMG_6618a.jpg 2000w\" sizes=\"(max-width: 300px) 100vw, 300px\" \/><\/a>Nov\u00fd rok na\u0161e gymnastky a Honza zah\u00e1jili zimn\u00ed p\u0159\u00edpravou na soust\u0159ed\u011bn\u00ed v Beskydech. Odlo\u017eili jsme gymnastick\u00e9 dresy a p\u0159evl\u00e9kli se do ly\u017ea\u0159sk\u00e9 v\u00fdbavy. Po\u010das\u00ed n\u00e1m p\u0159\u00e1lo snad nejv\u00edce za posledn\u00edch p\u00e1r let, p\u0159ineslo opravdu bohatou sn\u011bhovou nad\u00edlku.<\/div>\n<div>\nP\u016fvodn\u011b jsme pl\u00e1novali, \u017ee budeme krom\u011b ly\u017eov\u00e1n\u00ed a snowbordov\u00e1n\u00ed hodn\u011b cvi\u010dit, ale s takovou horou sn\u011bhu jsme se sna\u017eili b\u00fdt neust\u00e1le venku. Stav\u011bli jsme sn\u011bhul\u00e1ky, bobovali, ochutn\u00e1vali rampouchy nebo jsme jen tak &#8222;blbnuli&#8220; na zdrav\u00e9m horsk\u00e9m vzduchu.<\/div>\n<div><\/div>\n<div>Je to skv\u011bl\u00e9, v\u0161ichni jsme si zimn\u00ed p\u0159\u00edpravu moc u\u017eili, nejen d\u011bti, ale i my tren\u00e9rky, G. Hynek a S. Kaczorov\u00e1.<\/div>\n<div><\/div>\n<div>Fotky <a href=\"https:\/\/gkvitkovice.rajce.idnes.cz\/ZVT_Bila_2019\/\">ZDE<\/a><\/div>\n<div><\/div>\n<div><em>(Gabriela Hynek)<\/em><\/div>\n<div class=\"fb-like\" data-href=\"http:\/\/gkvitkovice.cz\/?p=2238\" data-layout=\"standard\" data-action=\"like\" data-size=\"small\" data-show-faces=\"true\" data-share=\"true\"><\/div>\n","protected":false},"excerpt":{"rendered":"<div><a href=\"http:\/\/gkvitkovice.cz\/wp-content\/uploads\/2019\/02\/IMG_6618a.jpg\"><img loading=\"lazy\" class=\"alignleft size-medium wp-image-2239\" src=\"http:\/\/gkvitkovice.cz\/wp-content\/uploads\/2019\/02\/IMG_6618a-300x197.jpg\" alt=\"\" width=\"300\" height=\"197\" srcset=\"https:\/\/gkvitkovice.cz\/wp-content\/uploads\/2019\/02\/IMG_6618a-300x197.jpg 300w, https:\/\/gkvitkovice.cz\/wp-content\/uploads\/2019\/02\/IMG_6618a-768x503.jpg 768w, https:\/\/gkvitkovice.cz\/wp-content\/uploads\/2019\/02\/IMG_6618a-1024x671.jpg 1024w, https:\/\/gkvitkovice.cz\/wp-content\/uploads\/2019\/02\/IMG_6618a.jpg 2000w\" sizes=\"(max-width: 300px) 100vw, 300px\" \/><\/a>Nov\u00fd rok na\u0161e gymnastky a Honza zah\u00e1jili zimn\u00ed p\u0159\u00edpravou na soust\u0159ed\u011bn\u00ed v Beskydech.<\/p>\n","protected":false},"author":1,"featured_media":0,"comment_status":"closed","ping_status":"open","sticky":false,"template":"","format":"standard","meta":[],"categories":[14],"tags":[],"_links":{"self":[{"href":"https:\/\/gkvitkovice.cz\/index.php?rest_route=\/wp\/v2\/posts\/2238"}],"collection":[{"href":"https:\/\/gkvitkovice.cz\/index.php?rest_route=\/wp\/v2\/posts"}],"about":[{"href":"https:\/\/gkvitkovice.cz\/index.php?rest_route=\/wp\/v2\/types\/post"}],"author":[{"embeddable":true,"href":"https:\/\/gkvitkovice.cz\/index.php?rest_route=\/wp\/v2\/users\/1"}],"replies":[{"embeddable":true,"href":"https:\/\/gkvitkovice.cz\/index.php?rest_route=%2Fwp%2Fv2%2Fcomments&post=2238"}],"version-history":[{"count":2,"href":"https:\/\/gkvitkovice.cz\/index.php?rest_route=\/wp\/v2\/posts\/2238\/revisions"}],"predecessor-version":[{"id":2241,"href":"https:\/\/gkvitkovice.cz\/index.php?rest_route=\/wp\/v2\/posts\/2238\/revisions\/2241"}],"wp:attachment":[{"href":"https:\/\/gkvitkovice.cz\/index.php?rest_route=%2Fwp%2Fv2%2Fmedia&parent=2238"}],"wp:term":[{"taxonomy":"category","embeddable":true,"href":"https:\/\/gkvitkovice.cz\/index.php?rest_route=%2Fwp%2Fv2%2Fcategories&post=2238"},{"taxonomy":"post_tag","embeddable":true,"href":"https:\/\/gkvitkovice.cz\/index.php?rest_route=%2Fwp%2Fv2%2Ftags&post=2238"}],"curies":[{"name":"wp","href":"https:\/\/api.w.org\/{rel}","templated":true}]}}