{"id":2251,"date":"2019-02-20T12:06:37","date_gmt":"2019-02-20T12:06:37","guid":{"rendered":"http:\/\/gkvitkovice.cz\/?p=2251"},"modified":"2019-02-20T12:06:37","modified_gmt":"2019-02-20T12:06:37","slug":"1-gymnasticky-ples","status":"publish","type":"post","link":"https:\/\/gkvitkovice.cz\/?p=2251","title":{"rendered":"1. Gymnastick\u00fd ples"},"content":{"rendered":"<p><a href=\"http:\/\/gkvitkovice.cz\/wp-content\/uploads\/2019\/02\/GYMFED-Ples-MAIL.jpg\"><img loading=\"lazy\" class=\"alignleft size-medium wp-image-2254\" src=\"http:\/\/gkvitkovice.cz\/wp-content\/uploads\/2019\/02\/GYMFED-Ples-MAIL-212x300.jpg\" alt=\"\" width=\"212\" height=\"300\" srcset=\"https:\/\/gkvitkovice.cz\/wp-content\/uploads\/2019\/02\/GYMFED-Ples-MAIL-212x300.jpg 212w, https:\/\/gkvitkovice.cz\/wp-content\/uploads\/2019\/02\/GYMFED-Ples-MAIL-768x1086.jpg 768w, https:\/\/gkvitkovice.cz\/wp-content\/uploads\/2019\/02\/GYMFED-Ples-MAIL-724x1024.jpg 724w, https:\/\/gkvitkovice.cz\/wp-content\/uploads\/2019\/02\/GYMFED-Ples-MAIL.jpg 886w\" sizes=\"(max-width: 212px) 100vw, 212px\" \/><\/a>\u010cGF V\u00e1s zve na 1. Gymnastick\u00fd ples!!!<\/p>\n<p>Vzor objedn\u00e1vky vstupenek:\u00a0<a href=\"http:\/\/gkvitkovice.cz\/wp-content\/uploads\/2019\/02\/vzor_objdavka_vstupenky.doc\">vzor_objdavka_vstupenky<\/a><\/p>\n<p>&nbsp;<\/p>\n<p>&nbsp;<\/p>\n<p>&nbsp;<\/p>\n<p>&nbsp;<\/p>\n<p>&nbsp;<\/p>\n<p>&nbsp;<\/p>\n<p>Pl\u00e1nek m\u00edst k sezen\u00ed:<\/p>\n<p><a href=\"http:\/\/gkvitkovice.cz\/wp-content\/uploads\/2019\/02\/Pl\u00e1nek.jpg\"><img loading=\"lazy\" class=\"size-medium wp-image-2253 alignleft\" src=\"http:\/\/gkvitkovice.cz\/wp-content\/uploads\/2019\/02\/Pl\u00e1nek-214x300.jpg\" alt=\"\" width=\"214\" height=\"300\" srcset=\"https:\/\/gkvitkovice.cz\/wp-content\/uploads\/2019\/02\/Pl\u00e1nek-214x300.jpg 214w, https:\/\/gkvitkovice.cz\/wp-content\/uploads\/2019\/02\/Pl\u00e1nek-768x1078.jpg 768w, https:\/\/gkvitkovice.cz\/wp-content\/uploads\/2019\/02\/Pl\u00e1nek-730x1024.jpg 730w, https:\/\/gkvitkovice.cz\/wp-content\/uploads\/2019\/02\/Pl\u00e1nek.jpg 1199w\" sizes=\"(max-width: 214px) 100vw, 214px\" \/><\/a><\/p>\n<p>&nbsp;<\/p>\n<p>&nbsp;<\/p>\n<p>&nbsp;<\/p>\n","protected":false},"excerpt":{"rendered":"<p><a href=\"http:\/\/gkvitkovice.cz\/wp-content\/uploads\/2019\/02\/Bez-n\u00e1zvu-1.jpg\"><img loading=\"lazy\" class=\"alignleft size-medium wp-image-2252\" src=\"http:\/\/gkvitkovice.cz\/wp-content\/uploads\/2019\/02\/Bez-n\u00e1zvu-1-213x300.jpg\" alt=\"\" width=\"213\" height=\"300\" srcset=\"https:\/\/gkvitkovice.cz\/wp-content\/uploads\/2019\/02\/Bez-n\u00e1zvu-1-213x300.jpg 213w, https:\/\/gkvitkovice.cz\/wp-content\/uploads\/2019\/02\/Bez-n\u00e1zvu-1-729x1024.jpg 729w, https:\/\/gkvitkovice.cz\/wp-content\/uploads\/2019\/02\/Bez-n\u00e1zvu-1.jpg 735w\" sizes=\"(max-width: 213px) 100vw, 213px\" \/><\/a>\u010cGF V\u00e1s zve na 1. Gymnastick\u00fd ples!!!<\/p>\n","protected":false},"author":1,"featured_media":0,"comment_status":"closed","ping_status":"open","sticky":false,"template":"","format":"standard","meta":[],"categories":[14],"tags":[],"_links":{"self":[{"href":"https:\/\/gkvitkovice.cz\/index.php?rest_route=\/wp\/v2\/posts\/2251"}],"collection":[{"href":"https:\/\/gkvitkovice.cz\/index.php?rest_route=\/wp\/v2\/posts"}],"about":[{"href":"https:\/\/gkvitkovice.cz\/index.php?rest_route=\/wp\/v2\/types\/post"}],"author":[{"embeddable":true,"href":"https:\/\/gkvitkovice.cz\/index.php?rest_route=\/wp\/v2\/users\/1"}],"replies":[{"embeddable":true,"href":"https:\/\/gkvitkovice.cz\/index.php?rest_route=%2Fwp%2Fv2%2Fcomments&post=2251"}],"version-history":[{"count":1,"href":"https:\/\/gkvitkovice.cz\/index.php?rest_route=\/wp\/v2\/posts\/2251\/revisions"}],"predecessor-version":[{"id":2256,"href":"https:\/\/gkvitkovice.cz\/index.php?rest_route=\/wp\/v2\/posts\/2251\/revisions\/2256"}],"wp:attachment":[{"href":"https:\/\/gkvitkovice.cz\/index.php?rest_route=%2Fwp%2Fv2%2Fmedia&parent=2251"}],"wp:term":[{"taxonomy":"category","embeddable":true,"href":"https:\/\/gkvitkovice.cz\/index.php?rest_route=%2Fwp%2Fv2%2Fcategories&post=2251"},{"taxonomy":"post_tag","embeddable":true,"href":"https:\/\/gkvitkovice.cz\/index.php?rest_route=%2Fwp%2Fv2%2Ftags&post=2251"}],"curies":[{"name":"wp","href":"https:\/\/api.w.org\/{rel}","templated":true}]}}