{"id":2259,"date":"2019-03-11T08:39:05","date_gmt":"2019-03-11T08:39:05","guid":{"rendered":"http:\/\/gkvitkovice.cz\/?p=2259"},"modified":"2019-03-11T08:39:40","modified_gmt":"2019-03-11T08:39:40","slug":"gymnasticke-nadeje-2019","status":"publish","type":"post","link":"https:\/\/gkvitkovice.cz\/?p=2259","title":{"rendered":"Gymnastick\u00e9 nad\u011bje 2019"},"content":{"rendered":"<div id=\"fb-root\"><\/div>\n<p><script async defer crossorigin=\"anonymous\" src=\"https:\/\/connect.facebook.net\/cs_CZ\/sdk.js#xfbml=1&#038;version=v3.2\"><\/script><br \/>\n<a href=\"http:\/\/gkvitkovice.cz\/wp-content\/uploads\/2019\/03\/53687198_2249584518396295_7027038040715427840_o.jpg\"><img loading=\"lazy\" class=\"alignleft size-medium wp-image-2260\" src=\"http:\/\/gkvitkovice.cz\/wp-content\/uploads\/2019\/03\/53687198_2249584518396295_7027038040715427840_o-300x225.jpg\" alt=\"\" width=\"300\" height=\"225\" srcset=\"https:\/\/gkvitkovice.cz\/wp-content\/uploads\/2019\/03\/53687198_2249584518396295_7027038040715427840_o-300x225.jpg 300w, https:\/\/gkvitkovice.cz\/wp-content\/uploads\/2019\/03\/53687198_2249584518396295_7027038040715427840_o-768x576.jpg 768w, https:\/\/gkvitkovice.cz\/wp-content\/uploads\/2019\/03\/53687198_2249584518396295_7027038040715427840_o-1024x768.jpg 1024w, https:\/\/gkvitkovice.cz\/wp-content\/uploads\/2019\/03\/53687198_2249584518396295_7027038040715427840_o.jpg 1440w\" sizes=\"(max-width: 300px) 100vw, 300px\" \/><\/a>Na\u0161e\u00a0gymnastky se z\u00fa\u010dastnily z\u00e1vodu v Uhersk\u00e9m Ostrohu v sobotu 9. 3. 2019, a to Gymnastick\u00fdch nad\u011bj\u00ed.<\/p>\n<p>V\u00a0nejmlad\u0161\u00ed kategorii MIMINA (ro\u010d. 2013) se p\u0159edstavila <strong>Frederka Prutkayov\u00e1<\/strong>. Pan\u00ed tren\u00e9rky mohou b\u00fdt velmi spokojen\u00e9, proto\u017ee odcvi\u010dila sestavy na lavi\u010dce a prostn\u00fdch opravdu moc p\u011bkn\u011b a zaslou\u017een\u011b si vystoupila na nejvy\u0161\u0161\u00ed stup\u00ednek.<\/p>\n<p>V kategorii P\u0158\u00cdPRAVKA (ro\u010d. 2012) z\u00e1vodila <strong>Elenka Kantorov\u00e1<\/strong> a <strong>Zoe Kol\u00e1\u0159ov\u00e1<\/strong>. Ob\u011b zacvi\u010dily v\u0161echny t\u0159i n\u00e1\u0159ad\u00ed tak\u00e9 moc p\u011bkn\u011b a poda\u0159ilo se i v t\u00e9to kategorii Elence vyhr\u00e1t zlatou a Zoe st\u0159\u00edbrnou medaili.<\/p>\n<p>V kategorii \u017d\u00c1KYN\u011a A (ro\u010d. 2011) se z\u00e1vodilo ji\u017e v gymnastick\u00e9m\u00a0\u010dty\u0159boji, kde si vybojovala<strong> Julka Biolkov\u00e1<\/strong> takt\u00e9\u017e velmi zda\u0159il\u00fdm cvi\u010den\u00edm bronzovou medaili.<\/p>\n<p>Gratulujeme \ud83d\ude42<\/p>\n<p><a href=\"http:\/\/gkvitkovice.cz\/wp-content\/uploads\/2019\/03\/Gymnasticke-nadeje_2019-03-02_16-57-40-VYSLEDKY.xlsx\">Gymnasticke nadeje_2019-03-02_16-57-40-VYSLEDKY<\/a><\/p>\n<p><em>(Monika Prutkayov\u00e1)<\/em><\/p>\n<div class=\"fb-like\" data-href=\"http:\/\/gkvitkovice.cz\/?p=2259\" data-layout=\"standard\" data-action=\"like\" data-size=\"small\" data-show-faces=\"true\" data-share=\"true\"><\/div>\n","protected":false},"excerpt":{"rendered":"<p><a href=\"http:\/\/gkvitkovice.cz\/wp-content\/uploads\/2019\/03\/53687198_2249584518396295_7027038040715427840_o.jpg\"><img loading=\"lazy\" class=\"alignleft size-medium wp-image-2260\" src=\"http:\/\/gkvitkovice.cz\/wp-content\/uploads\/2019\/03\/53687198_2249584518396295_7027038040715427840_o-300x225.jpg\" alt=\"\" width=\"300\" height=\"225\" srcset=\"https:\/\/gkvitkovice.cz\/wp-content\/uploads\/2019\/03\/53687198_2249584518396295_7027038040715427840_o-300x225.jpg 300w, https:\/\/gkvitkovice.cz\/wp-content\/uploads\/2019\/03\/53687198_2249584518396295_7027038040715427840_o-768x576.jpg 768w, https:\/\/gkvitkovice.cz\/wp-content\/uploads\/2019\/03\/53687198_2249584518396295_7027038040715427840_o-1024x768.jpg 1024w, https:\/\/gkvitkovice.cz\/wp-content\/uploads\/2019\/03\/53687198_2249584518396295_7027038040715427840_o.jpg 1440w\" sizes=\"(max-width: 300px) 100vw, 300px\" \/><\/a>Na\u0161e\u00a0gymnastky se z\u00fa\u010dastnily z\u00e1vodu v Uhersk\u00e9m Ostrohu v sobotu 9. 3. 2019, a to Gymnastick\u00fdch nad\u011bj\u00ed.<\/p>\n","protected":false},"author":1,"featured_media":0,"comment_status":"closed","ping_status":"open","sticky":false,"template":"","format":"standard","meta":[],"categories":[14],"tags":[],"_links":{"self":[{"href":"https:\/\/gkvitkovice.cz\/index.php?rest_route=\/wp\/v2\/posts\/2259"}],"collection":[{"href":"https:\/\/gkvitkovice.cz\/index.php?rest_route=\/wp\/v2\/posts"}],"about":[{"href":"https:\/\/gkvitkovice.cz\/index.php?rest_route=\/wp\/v2\/types\/post"}],"author":[{"embeddable":true,"href":"https:\/\/gkvitkovice.cz\/index.php?rest_route=\/wp\/v2\/users\/1"}],"replies":[{"embeddable":true,"href":"https:\/\/gkvitkovice.cz\/index.php?rest_route=%2Fwp%2Fv2%2Fcomments&post=2259"}],"version-history":[{"count":2,"href":"https:\/\/gkvitkovice.cz\/index.php?rest_route=\/wp\/v2\/posts\/2259\/revisions"}],"predecessor-version":[{"id":2263,"href":"https:\/\/gkvitkovice.cz\/index.php?rest_route=\/wp\/v2\/posts\/2259\/revisions\/2263"}],"wp:attachment":[{"href":"https:\/\/gkvitkovice.cz\/index.php?rest_route=%2Fwp%2Fv2%2Fmedia&parent=2259"}],"wp:term":[{"taxonomy":"category","embeddable":true,"href":"https:\/\/gkvitkovice.cz\/index.php?rest_route=%2Fwp%2Fv2%2Fcategories&post=2259"},{"taxonomy":"post_tag","embeddable":true,"href":"https:\/\/gkvitkovice.cz\/index.php?rest_route=%2Fwp%2Fv2%2Ftags&post=2259"}],"curies":[{"name":"wp","href":"https:\/\/api.w.org\/{rel}","templated":true}]}}