{"id":2278,"date":"2019-03-29T07:42:58","date_gmt":"2019-03-29T07:42:58","guid":{"rendered":"http:\/\/gkvitkovice.cz\/?p=2278"},"modified":"2019-04-01T06:16:14","modified_gmt":"2019-04-01T06:16:14","slug":"innsbruck-2019","status":"publish","type":"post","link":"https:\/\/gkvitkovice.cz\/?p=2278","title":{"rendered":"Innsbruck 2019"},"content":{"rendered":"<div id=\"fb-root\"><\/div>\n<p><script async defer crossorigin=\"anonymous\" src=\"https:\/\/connect.facebook.net\/cs_CZ\/sdk.js#xfbml=1&#038;version=v3.2\"><\/script><br \/>\n<a href=\"http:\/\/gkvitkovice.cz\/wp-content\/uploads\/2019\/03\/WP_20190323_17_30_38_Pro.jpg\"><img loading=\"lazy\" class=\"size-medium wp-image-2279 alignleft\" src=\"http:\/\/gkvitkovice.cz\/wp-content\/uploads\/2019\/03\/WP_20190323_17_30_38_Pro-168x300.jpg\" alt=\"\" width=\"168\" height=\"300\" srcset=\"https:\/\/gkvitkovice.cz\/wp-content\/uploads\/2019\/03\/WP_20190323_17_30_38_Pro-168x300.jpg 168w, https:\/\/gkvitkovice.cz\/wp-content\/uploads\/2019\/03\/WP_20190323_17_30_38_Pro-768x1368.jpg 768w, https:\/\/gkvitkovice.cz\/wp-content\/uploads\/2019\/03\/WP_20190323_17_30_38_Pro-575x1024.jpg 575w, https:\/\/gkvitkovice.cz\/wp-content\/uploads\/2019\/03\/WP_20190323_17_30_38_Pro.jpg 1123w\" sizes=\"(max-width: 168px) 100vw, 168px\" \/><\/a>Na\u0161e gymnastky se z\u00fa\u010dastnily z\u00e1vodu v rakousk\u00e9m Innsbrucku ve dnech 22. &#8211; 23. 3. 2019, kter\u00fd se jim velmi vyvedl.<\/p>\n<p><strong>Nela\u00a0\u0160t\u011bpandov\u00e1<\/strong> vybojovala zlatou medaili a <strong>Karla Adam\u00edkov\u00e1<\/strong> 12. m\u00edsto v mezin\u00e1rodn\u00ed konkurenci 6 st\u00e1t\u016f (Velk\u00e1 Brit\u00e1nie, Slovensko, Rakousko, Chorvatsko, Slovinsko, \u010cesk\u00e1 republika). Nele se, i p\u0159esto, \u017ee zaznamenala dva p\u00e1dy (p\u0159eskok, kladina), se za\u0159azen\u00edm\u00a0nov\u00fdch obt\u00ed\u017en\u011bj\u0161\u00edch prvk\u016f poda\u0159ilo udr\u017eet prvenstv\u00ed. Karla zacvi\u010dila v\u0161echny sestavy p\u011bkn\u011b, bez v\u011bt\u0161\u00edch chybi\u010dek a i v t\u00e9to konkurenci se j\u00ed zada\u0159ilo um\u00edstit v p\u016flce z\u00e1vodn\u00edho pole.<\/p>\n<p>Gratulujeme a p\u0159ejeme d\u011bv\u010dat\u016fm mnoho \u0161t\u011bst\u00ed v nast\u00e1vaj\u00edc\u00ed z\u00e1vodn\u00ed sezon\u011b.<\/p>\n<p>Fotky <a href=\"https:\/\/gkvitkovice.rajce.idnes.cz\/Innsbruck%2C_23.3.2019\">ZDE<\/a><\/p>\n<p>V\u00fdsledky:\u00a0<a href=\"http:\/\/gkvitkovice.cz\/wp-content\/uploads\/2019\/03\/Innsbruck-19_wag_youth.pdf\">Innsbruck 19_wag_youth<\/a><\/p>\n<p><em>(Monika Prutkayov\u00e1)<\/em><\/p>\n<div class=\"fb-like\" data-href=\"http:\/\/gkvitkovice.cz\/?p=2278\" data-layout=\"standard\" data-action=\"like\" data-size=\"small\" data-show-faces=\"true\" data-share=\"true\"><\/div>\n","protected":false},"excerpt":{"rendered":"<p><a href=\"http:\/\/gkvitkovice.cz\/wp-content\/uploads\/2019\/03\/WP_20190323_17_30_38_Pro.jpg\"><img loading=\"lazy\" class=\"size-medium wp-image-2279 alignleft\" src=\"http:\/\/gkvitkovice.cz\/wp-content\/uploads\/2019\/03\/WP_20190323_17_30_38_Pro-168x300.jpg\" alt=\"\" width=\"168\" height=\"300\" srcset=\"https:\/\/gkvitkovice.cz\/wp-content\/uploads\/2019\/03\/WP_20190323_17_30_38_Pro-168x300.jpg 168w, https:\/\/gkvitkovice.cz\/wp-content\/uploads\/2019\/03\/WP_20190323_17_30_38_Pro-768x1368.jpg 768w, https:\/\/gkvitkovice.cz\/wp-content\/uploads\/2019\/03\/WP_20190323_17_30_38_Pro-575x1024.jpg 575w, https:\/\/gkvitkovice.cz\/wp-content\/uploads\/2019\/03\/WP_20190323_17_30_38_Pro.jpg 1123w\" sizes=\"(max-width: 168px) 100vw, 168px\" \/><\/a>Na\u0161e gymnastky se z\u00fa\u010dastnily z\u00e1vodu v rakousk\u00e9m Innsbrucku ve dnech 22. &#8211; 23. 3. 2019, kter\u00fd se jim velmi vyvedl.<\/p>\n","protected":false},"author":1,"featured_media":0,"comment_status":"closed","ping_status":"open","sticky":false,"template":"","format":"standard","meta":[],"categories":[14],"tags":[],"_links":{"self":[{"href":"https:\/\/gkvitkovice.cz\/index.php?rest_route=\/wp\/v2\/posts\/2278"}],"collection":[{"href":"https:\/\/gkvitkovice.cz\/index.php?rest_route=\/wp\/v2\/posts"}],"about":[{"href":"https:\/\/gkvitkovice.cz\/index.php?rest_route=\/wp\/v2\/types\/post"}],"author":[{"embeddable":true,"href":"https:\/\/gkvitkovice.cz\/index.php?rest_route=\/wp\/v2\/users\/1"}],"replies":[{"embeddable":true,"href":"https:\/\/gkvitkovice.cz\/index.php?rest_route=%2Fwp%2Fv2%2Fcomments&post=2278"}],"version-history":[{"count":4,"href":"https:\/\/gkvitkovice.cz\/index.php?rest_route=\/wp\/v2\/posts\/2278\/revisions"}],"predecessor-version":[{"id":2284,"href":"https:\/\/gkvitkovice.cz\/index.php?rest_route=\/wp\/v2\/posts\/2278\/revisions\/2284"}],"wp:attachment":[{"href":"https:\/\/gkvitkovice.cz\/index.php?rest_route=%2Fwp%2Fv2%2Fmedia&parent=2278"}],"wp:term":[{"taxonomy":"category","embeddable":true,"href":"https:\/\/gkvitkovice.cz\/index.php?rest_route=%2Fwp%2Fv2%2Fcategories&post=2278"},{"taxonomy":"post_tag","embeddable":true,"href":"https:\/\/gkvitkovice.cz\/index.php?rest_route=%2Fwp%2Fv2%2Ftags&post=2278"}],"curies":[{"name":"wp","href":"https:\/\/api.w.org\/{rel}","templated":true}]}}