{"id":2297,"date":"2019-04-08T11:04:46","date_gmt":"2019-04-08T11:04:46","guid":{"rendered":"http:\/\/gkvitkovice.cz\/?p=2297"},"modified":"2019-04-08T11:05:32","modified_gmt":"2019-04-08T11:05:32","slug":"1-kz-lodm-prebor-moravy-olomouc-6-4-2019-skoky-na-trampoline","status":"publish","type":"post","link":"https:\/\/gkvitkovice.cz\/?p=2297","title":{"rendered":"1. KZ LODM, P\u0159ebor Moravy, Olomouc, 6. 4. 2019 &#8211; skoky na trampol\u00edn\u011b"},"content":{"rendered":"<div id=\"fb-root\"><\/div>\n<p><script async defer crossorigin=\"anonymous\" src=\"https:\/\/connect.facebook.net\/cs_CZ\/sdk.js#xfbml=1&#038;version=v3.2\"><\/script><br \/>\n<a href=\"http:\/\/gkvitkovice.cz\/wp-content\/uploads\/2019\/04\/IMG_20190406_110340.jpg\"><img loading=\"lazy\" class=\"alignleft size-medium wp-image-2299\" src=\"http:\/\/gkvitkovice.cz\/wp-content\/uploads\/2019\/04\/IMG_20190406_110340-300x225.jpg\" alt=\"\" width=\"300\" height=\"225\" srcset=\"https:\/\/gkvitkovice.cz\/wp-content\/uploads\/2019\/04\/IMG_20190406_110340-300x225.jpg 300w, https:\/\/gkvitkovice.cz\/wp-content\/uploads\/2019\/04\/IMG_20190406_110340-768x576.jpg 768w, https:\/\/gkvitkovice.cz\/wp-content\/uploads\/2019\/04\/IMG_20190406_110340.jpg 1000w\" sizes=\"(max-width: 300px) 100vw, 300px\" \/><\/a>V leto\u0161n\u00edm roce byly do programu Letn\u00ed olympi\u00e1dy d\u011bt\u00ed a ml\u00e1de\u017ee za\u0159azeny skoky na trampol\u00edn\u011b. Moravskoslezsk\u00fd kraj nem\u00e1 \u017e\u00e1dn\u00fd klub v\u011bnuj\u00edc\u00ed se tomuto sportu, a proto \u010cesk\u00e1 gymnastick\u00e1 federace nab\u00eddla tuto mo\u017enost klub\u016fm v na\u0161em kraji v\u011bnuj\u00edc\u00edm se sportovn\u00ed gymnastice, kter\u00e1 je pr\u00e1v\u011b z\u00e1kladem skok\u016f na trampol\u00edn\u00e1ch.<\/p>\n<p>1. kvalifika\u010dn\u00edho z\u00e1vodu v kategorii ro\u010dn\u00edk\u016f 2007-2008 se z\u00fa\u010dastnila <strong>Ad\u00e9la \u010c\u00e1pov\u00e1<\/strong>, kter\u00e1 se um\u00edstila na 9. m\u00edst\u011b a<strong> Simona Kaczorov\u00e1<\/strong> na 19. m\u00edst\u011b z 22 z\u00fa\u010dastn\u011bn\u00fdch trampol\u00ednistek. Uchaze\u010d\u016f o nominaci za MSK byly \u010dty\u0159i d\u00edvky, z nich\u017e se mohou kvalifikovat pouze t\u0159i. Po\u0159ad\u00ed 1. KZ d\u00edvky za MSK: 1. Ad\u00e9la \u010c\u00e1pov\u00e1, 2. Simona Kaczorov\u00e1, 3. Koschatzk\u00e1 Lucie a 4. Silberov\u00e1 Krist\u00fdna (ob\u011b TJ \u0160pi\u010dkov\u00e1 Opava). V kategorii ro\u010dn\u00edk\u016f 2004-2006 se <strong>Jan Kaczor<\/strong> um\u00edstil na 7. m\u00edst\u011b z 9 chlapc\u016f. Uchaze\u010d\u016f o nominaci byli\u00a0\u010dty\u0159i chlapci, z nich\u017e se op\u011bt mohou kvalifikovat pouze t\u0159i adepti. Po\u0159ad\u00ed 1. KZ chlapci za MSK: 1. Zvalen\u00fd V\u00edt, 2. Zvalen\u00fd Filip (TJ Ro\u017enov p. Radho\u0161t\u011bm), 3. \u0160pi\u010dka Felix (TJ \u0160pi\u010dkov\u00e1 Opava), 4. Kaczor\u00a0Jan. V\u0161ichni zaznamenali n\u011bjak\u00e9 nedostatky, a to p\u00e1d, nedokon\u010den\u00ed sestavy \u010di men\u0161\u00ed chybi\u010dky. Dal\u0161\u00ed, tedy 2. kvalifikace prob\u011bhne v Ro\u017enov\u011b v r\u00e1mci z\u00e1vodu Zlat\u00fd\u00a0Radegast 4. 5. 2019 a v\u0161ichni na\u0161i \u00fa\u010dastn\u00edci maj\u00ed je\u0161t\u011b dostatek \u010dasu na zdokonalov\u00e1n\u00ed a zvy\u0161ov\u00e1n\u00ed obt\u00ed\u017enosti sv\u00fdch sestav.<\/p>\n<p>Fotky <a href=\"https:\/\/gkvitkovice.rajce.idnes.cz\/Prebor_Moravy_-_1KZ_LODM_skoky_na_trampoline%2C_Olomouc%2C_6.4._2019\">ZDE<\/a><\/p>\n<p>V\u00fdsledky:\u00a0<a href=\"http:\/\/gkvitkovice.cz\/wp-content\/uploads\/2019\/04\/P\u0159ebor-Moravy-2019-v\u00fdsledky.pdf\">P\u0159ebor Moravy 2019 &#8211; v\u00fdsledky<\/a><\/p>\n<p><em>(Monika Prutkayov\u00e1)<\/em><\/p>\n<div class=\"fb-like\" data-href=\"http:\/\/gkvitkovice.cz\/?p=2297\" data-layout=\"standard\" data-action=\"like\" data-size=\"small\" data-show-faces=\"true\" data-share=\"true\"><\/div>\n","protected":false},"excerpt":{"rendered":"<p><a href=\"http:\/\/gkvitkovice.cz\/wp-content\/uploads\/2019\/04\/IMG_20190406_110340.jpg\"><img loading=\"lazy\" class=\"alignleft size-medium wp-image-2299\" src=\"http:\/\/gkvitkovice.cz\/wp-content\/uploads\/2019\/04\/IMG_20190406_110340-300x225.jpg\" alt=\"\" width=\"300\" height=\"225\" srcset=\"https:\/\/gkvitkovice.cz\/wp-content\/uploads\/2019\/04\/IMG_20190406_110340-300x225.jpg 300w, https:\/\/gkvitkovice.cz\/wp-content\/uploads\/2019\/04\/IMG_20190406_110340-768x576.jpg 768w, https:\/\/gkvitkovice.cz\/wp-content\/uploads\/2019\/04\/IMG_20190406_110340.jpg 1000w\" sizes=\"(max-width: 300px) 100vw, 300px\" \/><\/a>V leto\u0161n\u00edm roce byly do programu Letn\u00ed olympi\u00e1dy d\u011bt\u00ed a ml\u00e1de\u017ee za\u0159azeny skoky na trampol\u00edn\u011b. Moravskoslezsk\u00fd kraj nem\u00e1 \u017e\u00e1dn\u00fd klub v\u011bnuj\u00edc\u00ed se tomuto sportu, a proto \u010cesk\u00e1 gymnastick\u00e1 federace nab\u00eddla tuto mo\u017enost klub\u016fm v na\u0161em kraji v\u011bnuj\u00edc\u00edm se sportovn\u00ed gymnastice, kter\u00e1 je pr\u00e1v\u011b z\u00e1kladem skok\u016f na trampol\u00edn\u00e1ch.<\/p>\n","protected":false},"author":1,"featured_media":0,"comment_status":"closed","ping_status":"open","sticky":false,"template":"","format":"standard","meta":[],"categories":[14],"tags":[],"_links":{"self":[{"href":"https:\/\/gkvitkovice.cz\/index.php?rest_route=\/wp\/v2\/posts\/2297"}],"collection":[{"href":"https:\/\/gkvitkovice.cz\/index.php?rest_route=\/wp\/v2\/posts"}],"about":[{"href":"https:\/\/gkvitkovice.cz\/index.php?rest_route=\/wp\/v2\/types\/post"}],"author":[{"embeddable":true,"href":"https:\/\/gkvitkovice.cz\/index.php?rest_route=\/wp\/v2\/users\/1"}],"replies":[{"embeddable":true,"href":"https:\/\/gkvitkovice.cz\/index.php?rest_route=%2Fwp%2Fv2%2Fcomments&post=2297"}],"version-history":[{"count":3,"href":"https:\/\/gkvitkovice.cz\/index.php?rest_route=\/wp\/v2\/posts\/2297\/revisions"}],"predecessor-version":[{"id":2302,"href":"https:\/\/gkvitkovice.cz\/index.php?rest_route=\/wp\/v2\/posts\/2297\/revisions\/2302"}],"wp:attachment":[{"href":"https:\/\/gkvitkovice.cz\/index.php?rest_route=%2Fwp%2Fv2%2Fmedia&parent=2297"}],"wp:term":[{"taxonomy":"category","embeddable":true,"href":"https:\/\/gkvitkovice.cz\/index.php?rest_route=%2Fwp%2Fv2%2Fcategories&post=2297"},{"taxonomy":"post_tag","embeddable":true,"href":"https:\/\/gkvitkovice.cz\/index.php?rest_route=%2Fwp%2Fv2%2Ftags&post=2297"}],"curies":[{"name":"wp","href":"https:\/\/api.w.org\/{rel}","templated":true}]}}