{"id":2305,"date":"2019-04-15T07:36:31","date_gmt":"2019-04-15T07:36:31","guid":{"rendered":"http:\/\/gkvitkovice.cz\/?p=2305"},"modified":"2019-04-15T07:36:58","modified_gmt":"2019-04-15T07:36:58","slug":"memorial-evy-bosakove-2019","status":"publish","type":"post","link":"https:\/\/gkvitkovice.cz\/?p=2305","title":{"rendered":"Memori\u00e1l Evy Bos\u00e1kov\u00e9 2019"},"content":{"rendered":"<div id=\"fb-root\"><\/div>\n<p><script async defer crossorigin=\"anonymous\" src=\"https:\/\/connect.facebook.net\/cs_CZ\/sdk.js#xfbml=1&#038;version=v3.2\"><\/script><br \/>\n<a href=\"http:\/\/gkvitkovice.cz\/wp-content\/uploads\/2019\/04\/IMG_6319.jpg\"><img loading=\"lazy\" class=\"alignleft size-medium wp-image-2306\" src=\"http:\/\/gkvitkovice.cz\/wp-content\/uploads\/2019\/04\/IMG_6319-241x300.jpg\" alt=\"\" width=\"241\" height=\"300\" srcset=\"https:\/\/gkvitkovice.cz\/wp-content\/uploads\/2019\/04\/IMG_6319-241x300.jpg 241w, https:\/\/gkvitkovice.cz\/wp-content\/uploads\/2019\/04\/IMG_6319-768x958.jpg 768w, https:\/\/gkvitkovice.cz\/wp-content\/uploads\/2019\/04\/IMG_6319-821x1024.jpg 821w, https:\/\/gkvitkovice.cz\/wp-content\/uploads\/2019\/04\/IMG_6319.jpg 847w\" sizes=\"(max-width: 241px) 100vw, 241px\" \/><\/a>V\u00a0sobotu 13. dubna se d\u011bv\u010data na\u0161eho klubu z\u00fa\u010dastnila 26. ro\u010dn\u00edku Memori\u00e1lu Evy Bos\u00e1kov\u00e9, z\u00e1vodu ve dvojboji na kladin\u011b a prostn\u00fdch, kter\u00fd se konal za \u00fa\u010dasti z\u00e1vodnic \u010cesk\u00e9 republiky, Velk\u00e9 Brit\u00e1nie a Belgie v\u00a0t\u011blocvi\u010dn\u011b Slovanu Praha.<\/p>\n<p>V\u00a0nejmlad\u0161\u00ed kategorii Evi\u010dky, ve kter\u00e9 startovala d\u011bv\u010data ro\u010dn\u00edku 2009 a mlad\u0161\u00ed, nastoupily <strong>Linda Rakov\u00e1<\/strong> a <strong>Ka\u010dka B\u00e1rtkov\u00e1<\/strong>. Linda, p\u0159esto\u017ee pat\u0159ila k\u00a0nejmlad\u0161\u00edm z\u00e1vodnic\u00edm, zacvi\u010dila p\u011bkn\u00e9 sestavy a v\u00a0konkurenci 19 z\u00e1vodnic z\u00edskala bronzovou medaili. Ka\u010dka B\u00e1rtkov\u00e1 obsadila s\u00a0minim\u00e1ln\u00ed ztr\u00e1tou 0,05 bodu velmi p\u011bkn\u00e9 4. m\u00edsto.<\/p>\n<p>V\u00a0odpoledn\u00edm z\u00e1vod\u011b nastoupila v\u00a0kategorii \u017een <strong>Lenka Jaskovi\u010dov\u00e1<\/strong>. Lenka prod\u011blala v\u00a0t\u00fddnu p\u0159ed z\u00e1vodem vir\u00f3zu, a p\u0159esto\u017ee zacvi\u010dila sestavu na kladin\u011b bez hrub\u00e9 chyby, na prostn\u00fdch j\u00ed v\u00a0z\u00e1v\u011bru sestavy do\u0161ly s\u00edly a v\u00a0posledn\u00ed akrobatick\u00e9 \u0159ad\u011b spadla. Obsadila 7. m\u00edsto.<\/p>\n<p>Blahop\u0159ejeme d\u011bv\u010dat\u016fm a p\u0159ejeme hodn\u011b \u0161t\u011bst\u00ed v\u00a0dal\u0161\u00ed p\u0159\u00edprav\u011b na mistrovsk\u00e9 sout\u011b\u017ee.<\/p>\n<p>V\u00fdsledky <a href=\"http:\/\/www.gymfed.cz\/vysledky\/detail\/1401\">ZDE<\/a><\/p>\n<p>Fotky <a href=\"https:\/\/gkvitkovice.rajce.idnes.cz\/Memorial_Evy_Bosakove%2C_13.4.2019%2C_Praha\">ZDE<\/a><\/p>\n<p><em>(Sv\u011btlana Grmelov\u00e1)<\/em><\/p>\n<div class=\"fb-like\" data-href=\"http:\/\/gkvitkovice.cz\/?p=2305\" data-layout=\"standard\" data-action=\"like\" data-size=\"small\" data-show-faces=\"true\" data-share=\"true\"><\/div>\n","protected":false},"excerpt":{"rendered":"<p><a href=\"http:\/\/gkvitkovice.cz\/wp-content\/uploads\/2019\/04\/IMG_6319.jpg\"><img loading=\"lazy\" class=\"alignleft size-medium wp-image-2306\" src=\"http:\/\/gkvitkovice.cz\/wp-content\/uploads\/2019\/04\/IMG_6319-241x300.jpg\" alt=\"\" width=\"241\" height=\"300\" srcset=\"https:\/\/gkvitkovice.cz\/wp-content\/uploads\/2019\/04\/IMG_6319-241x300.jpg 241w, https:\/\/gkvitkovice.cz\/wp-content\/uploads\/2019\/04\/IMG_6319-768x958.jpg 768w, https:\/\/gkvitkovice.cz\/wp-content\/uploads\/2019\/04\/IMG_6319-821x1024.jpg 821w, https:\/\/gkvitkovice.cz\/wp-content\/uploads\/2019\/04\/IMG_6319.jpg 847w\" sizes=\"(max-width: 241px) 100vw, 241px\" \/><\/a>V\u00a0sobotu 13. dubna se d\u011bv\u010data na\u0161eho klubu z\u00fa\u010dastnila 26. ro\u010dn\u00edku Memori\u00e1lu Evy Bos\u00e1kov\u00e9, z\u00e1vodu ve dvojboji na kladin\u011b a prostn\u00fdch, kter\u00fd se konal za \u00fa\u010dasti z\u00e1vodnic \u010cesk\u00e9 republiky, Velk\u00e9 Brit\u00e1nie a Belgie v\u00a0t\u011blocvi\u010dn\u011b Slovanu Praha.<\/p>\n","protected":false},"author":1,"featured_media":0,"comment_status":"closed","ping_status":"open","sticky":false,"template":"","format":"standard","meta":[],"categories":[14],"tags":[],"_links":{"self":[{"href":"https:\/\/gkvitkovice.cz\/index.php?rest_route=\/wp\/v2\/posts\/2305"}],"collection":[{"href":"https:\/\/gkvitkovice.cz\/index.php?rest_route=\/wp\/v2\/posts"}],"about":[{"href":"https:\/\/gkvitkovice.cz\/index.php?rest_route=\/wp\/v2\/types\/post"}],"author":[{"embeddable":true,"href":"https:\/\/gkvitkovice.cz\/index.php?rest_route=\/wp\/v2\/users\/1"}],"replies":[{"embeddable":true,"href":"https:\/\/gkvitkovice.cz\/index.php?rest_route=%2Fwp%2Fv2%2Fcomments&post=2305"}],"version-history":[{"count":2,"href":"https:\/\/gkvitkovice.cz\/index.php?rest_route=\/wp\/v2\/posts\/2305\/revisions"}],"predecessor-version":[{"id":2308,"href":"https:\/\/gkvitkovice.cz\/index.php?rest_route=\/wp\/v2\/posts\/2305\/revisions\/2308"}],"wp:attachment":[{"href":"https:\/\/gkvitkovice.cz\/index.php?rest_route=%2Fwp%2Fv2%2Fmedia&parent=2305"}],"wp:term":[{"taxonomy":"category","embeddable":true,"href":"https:\/\/gkvitkovice.cz\/index.php?rest_route=%2Fwp%2Fv2%2Fcategories&post=2305"},{"taxonomy":"post_tag","embeddable":true,"href":"https:\/\/gkvitkovice.cz\/index.php?rest_route=%2Fwp%2Fv2%2Ftags&post=2305"}],"curies":[{"name":"wp","href":"https:\/\/api.w.org\/{rel}","templated":true}]}}