{"id":2309,"date":"2019-04-16T06:45:35","date_gmt":"2019-04-16T06:45:35","guid":{"rendered":"http:\/\/gkvitkovice.cz\/?p=2309"},"modified":"2019-04-16T06:46:06","modified_gmt":"2019-04-16T06:46:06","slug":"memorial-z-hartlove-2019","status":"publish","type":"post","link":"https:\/\/gkvitkovice.cz\/?p=2309","title":{"rendered":"Memori\u00e1l Z. Hartlov\u00e9 2019"},"content":{"rendered":"<p>&nbsp;<\/p>\n<div id=\"fb-root\"><\/div>\n<p><script async defer crossorigin=\"anonymous\" src=\"https:\/\/connect.facebook.net\/cs_CZ\/sdk.js#xfbml=1&#038;version=v3.2\"><\/script><br \/>\n<a href=\"http:\/\/gkvitkovice.cz\/wp-content\/uploads\/2019\/04\/IMG_20190413_132802.jpg\"><img loading=\"lazy\" class=\"size-medium wp-image-2311 alignleft\" src=\"http:\/\/gkvitkovice.cz\/wp-content\/uploads\/2019\/04\/IMG_20190413_132802-300x225.jpg\" alt=\"\" width=\"300\" height=\"225\" srcset=\"https:\/\/gkvitkovice.cz\/wp-content\/uploads\/2019\/04\/IMG_20190413_132802-300x225.jpg 300w, https:\/\/gkvitkovice.cz\/wp-content\/uploads\/2019\/04\/IMG_20190413_132802-768x576.jpg 768w, https:\/\/gkvitkovice.cz\/wp-content\/uploads\/2019\/04\/IMG_20190413_132802-1024x768.jpg 1024w, https:\/\/gkvitkovice.cz\/wp-content\/uploads\/2019\/04\/IMG_20190413_132802.jpg 2000w\" sizes=\"(max-width: 300px) 100vw, 300px\" \/><\/a>V Pelh\u0159imov\u011b jsme se z\u00fa\u010dastnily velmi p\u011bkn\u011b zorganizovan\u00e9ho\u00a0z\u00e1vodu. I kdy\u017e se n\u00e1m ve 4.00 hod. r\u00e1no nevst\u00e1valo nejl\u00e9pe, medailov\u00e1 a dal\u0161\u00ed p\u011bkn\u00e1 um\u00edst\u011bn\u00ed st\u00e1la za to.<\/p>\n<p>V kategorii MIMI I. se um\u00edstila <strong>S\u00e1ra K\u0159i\u017eo\u0161\u010dakov\u00e1<\/strong> na 1. m\u00edst\u011b, v kategorii MIMI II. se <strong>Frederka Prutkayov\u00e1<\/strong> um\u00edstila na 3. m\u00edst\u011b, <strong>Zoe Kol\u00e1\u0159ov\u00e1<\/strong> na 4. m\u00edst\u011b a <strong>Lili Mlyn\u00e1\u0159ov\u00e1<\/strong> i s p\u00e1dem z kladiny na skv\u011bl\u00e9m 6. m\u00edst\u011b. V kategorii VS0A <strong>Bar\u010da Skotnicov\u00e1<\/strong> vybojovala zlatou medaili a <strong>Jul\u010da Biolkov\u00e1<\/strong> bronzovou medaili. Ve v\u0161ech kategori\u00edch, do kter\u00fdch mal\u00e1 d\u011bv\u010data nastoupila, z\u00e1vodilo nem\u00e1lo d\u011bv\u010dat a konkurence byla slu\u0161n\u00e1. Gratulujeme mal\u00fdm z\u00e1vodnic\u00edm.<\/p>\n<p><em>(Monika Prutkayov\u00e1)<\/em><\/p>\n<p>Na odpoledn\u00ed z\u00e1vod star\u0161\u00edch d\u011bv\u010dat dorazila p. tren\u00e9rka Kaczorov\u00e1 se sv\u00fdmi d\u011bv\u010daty.<\/p>\n<p>Rozcvi\u010den\u00ed prob\u011bhlo pouze v \u010dase 1 minuty na n\u00e1\u0159ad\u00ed a ihned se na n\u011bm z\u00e1vodilo, co\u017e bylo velice rychl\u00e9 a tak\u00e9 se to d\u011bv\u010dat\u016fm zamlouvalo.<\/p>\n<p>Startovala a za\u010d\u00ednala <strong>Ella Kosteleck\u00e1<\/strong> na prostn\u00fdch, <strong>Simona Kaczorov\u00e1<\/strong> na bradlech a <strong>S\u00e1ra Sta\u0148kov\u00e1<\/strong> na kladin\u011b. Prostn\u00e1 se velmi vyda\u0159ily Simon\u011b a S\u00e1\u0159e a dostaly kr\u00e1sn\u00e9 ohodnocen\u00ed, na bradlech z\u00edskala Simona nejvy\u0161\u0161\u00ed zn\u00e1mku v kategorii, Ella bohu\u017eel spadla z n\u00e1skoku do d\u0159epu a z kladiny nespadla \u017e\u00e1dn\u00e1 z d\u011bv\u010dat.<\/p>\n<p>Star\u0161\u00ed d\u011bv\u010data startovala ob\u011b na bradlech, kde <strong>Viktorie Kov\u00e1\u0159ov\u00e1<\/strong> tak\u00e9 zaznamenala p\u00e1d, <strong>Ad\u00e9la Zdvihalov\u00e1<\/strong> zacvi\u010dila velmi slu\u0161nou sestavu a z\u00edskala vysok\u00e9 ohodnocen\u00ed. Na kladin\u011b Ad\u00e9la tak\u00e9 nespadla, ov\u0161em Viki zaznamenala dva p\u00e1dy. Na prostn\u00fdch Ad\u00e9la zajela nejhez\u010d\u00ed sestavu posledn\u00ed doby a dostala vysok\u00e9 ohodnocen\u00ed, Viki nevyhovovaly star\u00e9 prostn\u00e1 a byla velmi nejist\u00e1, co\u017e se projevilo na zn\u00e1mce.<\/p>\n<p>Simona skon\u010dila na 2. m\u00edst\u011b, S\u00e1ra na 12. a Ella na 15. z 22 z\u00e1vodnic.<\/p>\n<p>Ad\u00e9la na 4. m\u00edst\u011b, kde od 3. m\u00edsta ji d\u011blilo pouze m\u00e9n\u011b ne\u017e p\u016fl desetiny a Viki na m\u00edst\u011b 15. z 16 z\u00e1vodnic.<\/p>\n<p>Gratulujeme.<\/p>\n<p><em>(S\u00e1ra Kaczorov\u00e1)<\/em><\/p>\n<p>Fotky <a href=\"https:\/\/gkvitkovice.rajce.idnes.cz\/Memorial_Z._Hartlove%2C_Pelhrimov%2C_13.4._2019\">ZDE<\/a><\/p>\n<p>V\u00fdsledky:\u00a0<a href=\"http:\/\/gkvitkovice.cz\/wp-content\/uploads\/2019\/04\/v\u00fdsledky-Pelh\u0159imov-2019.pdf\">v\u00fdsledky Pelh\u0159imov 2019<\/a><\/p>\n<div class=\"fb-like\" data-href=\"http:\/\/gkvitkovice.cz\/?p=2309\" data-layout=\"standard\" data-action=\"like\" data-size=\"small\" data-show-faces=\"true\" data-share=\"true\"><\/div>\n","protected":false},"excerpt":{"rendered":"<p><a href=\"http:\/\/gkvitkovice.cz\/wp-content\/uploads\/2019\/04\/IMG_20190413_132802.jpg\"><img loading=\"lazy\" class=\"size-medium wp-image-2311 alignleft\" src=\"http:\/\/gkvitkovice.cz\/wp-content\/uploads\/2019\/04\/IMG_20190413_132802-300x225.jpg\" alt=\"\" width=\"300\" height=\"225\" srcset=\"https:\/\/gkvitkovice.cz\/wp-content\/uploads\/2019\/04\/IMG_20190413_132802-300x225.jpg 300w, https:\/\/gkvitkovice.cz\/wp-content\/uploads\/2019\/04\/IMG_20190413_132802-768x576.jpg 768w, https:\/\/gkvitkovice.cz\/wp-content\/uploads\/2019\/04\/IMG_20190413_132802-1024x768.jpg 1024w, https:\/\/gkvitkovice.cz\/wp-content\/uploads\/2019\/04\/IMG_20190413_132802.jpg 2000w\" sizes=\"(max-width: 300px) 100vw, 300px\" \/><\/a>V Pelh\u0159imov\u011b jsme se z\u00fa\u010dastnily velmi p\u011bkn\u011b zorganizovan\u00e9ho\u00a0z\u00e1vodu. I kdy\u017e se n\u00e1m ve 4.00 hod. r\u00e1no nevst\u00e1valo nejl\u00e9pe, medailov\u00e1 a dal\u0161\u00ed p\u011bkn\u00e1 um\u00edst\u011bn\u00ed st\u00e1la za to.<\/p>\n","protected":false},"author":1,"featured_media":0,"comment_status":"closed","ping_status":"open","sticky":false,"template":"","format":"standard","meta":[],"categories":[14],"tags":[],"_links":{"self":[{"href":"https:\/\/gkvitkovice.cz\/index.php?rest_route=\/wp\/v2\/posts\/2309"}],"collection":[{"href":"https:\/\/gkvitkovice.cz\/index.php?rest_route=\/wp\/v2\/posts"}],"about":[{"href":"https:\/\/gkvitkovice.cz\/index.php?rest_route=\/wp\/v2\/types\/post"}],"author":[{"embeddable":true,"href":"https:\/\/gkvitkovice.cz\/index.php?rest_route=\/wp\/v2\/users\/1"}],"replies":[{"embeddable":true,"href":"https:\/\/gkvitkovice.cz\/index.php?rest_route=%2Fwp%2Fv2%2Fcomments&post=2309"}],"version-history":[{"count":3,"href":"https:\/\/gkvitkovice.cz\/index.php?rest_route=\/wp\/v2\/posts\/2309\/revisions"}],"predecessor-version":[{"id":2315,"href":"https:\/\/gkvitkovice.cz\/index.php?rest_route=\/wp\/v2\/posts\/2309\/revisions\/2315"}],"wp:attachment":[{"href":"https:\/\/gkvitkovice.cz\/index.php?rest_route=%2Fwp%2Fv2%2Fmedia&parent=2309"}],"wp:term":[{"taxonomy":"category","embeddable":true,"href":"https:\/\/gkvitkovice.cz\/index.php?rest_route=%2Fwp%2Fv2%2Fcategories&post=2309"},{"taxonomy":"post_tag","embeddable":true,"href":"https:\/\/gkvitkovice.cz\/index.php?rest_route=%2Fwp%2Fv2%2Ftags&post=2309"}],"curies":[{"name":"wp","href":"https:\/\/api.w.org\/{rel}","templated":true}]}}