{"id":2318,"date":"2019-04-23T07:02:07","date_gmt":"2019-04-23T07:02:07","guid":{"rendered":"http:\/\/gkvitkovice.cz\/?p=2318"},"modified":"2019-04-23T07:02:28","modified_gmt":"2019-04-23T07:02:28","slug":"znojmo-gym-cup-aneb-znojemska-kladinka-2019","status":"publish","type":"post","link":"https:\/\/gkvitkovice.cz\/?p=2318","title":{"rendered":"Znojmo Gym Cup aneb Znojemsk\u00e1 kladinka 2019"},"content":{"rendered":"<div id=\"fb-root\"><\/div>\n<p><script async defer crossorigin=\"anonymous\" src=\"https:\/\/connect.facebook.net\/cs_CZ\/sdk.js#xfbml=1&#038;version=v3.2\"><\/script><br \/>\n<a href=\"http:\/\/gkvitkovice.cz\/wp-content\/uploads\/2019\/04\/57536374_916313682034011_6738409821743087616_n.jpg\"><img loading=\"lazy\" class=\"alignleft size-medium wp-image-2319\" src=\"http:\/\/gkvitkovice.cz\/wp-content\/uploads\/2019\/04\/57536374_916313682034011_6738409821743087616_n-300x200.jpg\" alt=\"\" width=\"300\" height=\"200\" srcset=\"https:\/\/gkvitkovice.cz\/wp-content\/uploads\/2019\/04\/57536374_916313682034011_6738409821743087616_n-300x200.jpg 300w, https:\/\/gkvitkovice.cz\/wp-content\/uploads\/2019\/04\/57536374_916313682034011_6738409821743087616_n-768x512.jpg 768w, https:\/\/gkvitkovice.cz\/wp-content\/uploads\/2019\/04\/57536374_916313682034011_6738409821743087616_n-1024x683.jpg 1024w, https:\/\/gkvitkovice.cz\/wp-content\/uploads\/2019\/04\/57536374_916313682034011_6738409821743087616_n.jpg 1296w\" sizes=\"(max-width: 300px) 100vw, 300px\" \/><\/a>Ve velikono\u010dn\u00edm \u010dase jsme se z\u00fa\u010dastnily 20. 4. 2019 ji\u017e 22. ro\u010dn\u00edku Znojemsk\u00e9 kladinky. Z\u00e1vod byl p\u011bkn\u011b zorganizov\u00e1n a d\u011bv\u010d\u00e1tk\u016fm se i tentokr\u00e1t velmi da\u0159ilo.<\/p>\n<p>V kategorii MIMI ro\u010dn\u00edk\u016f 2013 a ml. si <strong>Frederka Prutkayov\u00e1<\/strong> odvezla st\u0159\u00edbrnou medaili po p\u011bkn\u011b zacvi\u010den\u00fdch sestav\u00e1ch na kladince a prostn\u00fdch a bronzovou medaili i po p\u00e1du z kladiny z\u00edskala <strong>S\u00e1rka K\u0159i\u017eo\u0161\u010dakov\u00e1<\/strong> z celkov\u00e9ho po\u010dtu 24 mal\u00fdch gymnastek.<\/p>\n<p>V kategorii MIMI ro\u010dn\u00edk\u016f 2011 &#8211; 2012 z\u00edskala zlatou medaili <strong>Jul\u010da Biolkov\u00e1<\/strong> po velmi \u010dist\u011b zacvi\u010den\u00fdch sestav\u00e1ch a 9. m\u00edsto pat\u0159ilo <strong>Lili Mlyn\u00e1\u0159ov\u00e9<\/strong>, kter\u00e1 bohu\u017eel zaznamenala p\u00e1d z kladiny, ale zato sestavu na prostn\u00fdch zacvi\u010dila opravdu hezky a z\u00edskala za n\u011bj tak\u00e9 vysok\u00e9 bodov\u00e9 ohodnocen\u00ed. V t\u00e9to kategorii startovalo 25 d\u011bv\u010dat.<\/p>\n<p>V kategorii VS1B startovala <strong>Sof\u010da Smel\u00edkov\u00e1<\/strong>, kter\u00e1 si takt\u00e9\u017e odvezla zlatou medaili. V\u0161echny\u00a0\u010dty\u0159i\u00a0 n\u00e1\u0159ad\u00ed odcvi\u010dila opravdu zda\u0159ile a zaslou\u017een\u011b vystoupala na nejvy\u0161\u0161\u00ed stup\u00ednek.<\/p>\n<p>V\u0161echna d\u011bv\u010data od organiz\u00e1tor\u016f dostala mal\u00e9 d\u00e1re\u010dky v\u010detn\u011b rozhod\u010d\u00edch za jejich celodenn\u00ed rozhodov\u00e1n\u00ed. D\u011bkujeme a gratulujeme.<\/p>\n<p><em>(Monika Prutkayov\u00e1)<\/em><\/p>\n<p>Fotky <a href=\"https:\/\/gkvitkovice.rajce.idnes.cz\/Znojmo_Gym_Cup%2C_20.4._2019\">ZDE<\/a><\/p>\n<p>V\u00fdsledky <a href=\"http:\/\/www.gymfed.cz\/vysledky\/detail\/1383\">ZDE<\/a><\/p>\n<div class=\"fb-like\" data-href=\"http:\/\/gkvitkovice.cz\/?p=2318\" data-layout=\"standard\" data-action=\"like\" data-size=\"small\" data-show-faces=\"true\" data-share=\"true\"><\/div>\n","protected":false},"excerpt":{"rendered":"<p><a href=\"http:\/\/gkvitkovice.cz\/wp-content\/uploads\/2019\/04\/57536374_916313682034011_6738409821743087616_n.jpg\"><img loading=\"lazy\" class=\"alignleft size-medium wp-image-2319\" src=\"http:\/\/gkvitkovice.cz\/wp-content\/uploads\/2019\/04\/57536374_916313682034011_6738409821743087616_n-300x200.jpg\" alt=\"\" width=\"300\" height=\"200\" srcset=\"https:\/\/gkvitkovice.cz\/wp-content\/uploads\/2019\/04\/57536374_916313682034011_6738409821743087616_n-300x200.jpg 300w, https:\/\/gkvitkovice.cz\/wp-content\/uploads\/2019\/04\/57536374_916313682034011_6738409821743087616_n-768x512.jpg 768w, https:\/\/gkvitkovice.cz\/wp-content\/uploads\/2019\/04\/57536374_916313682034011_6738409821743087616_n-1024x683.jpg 1024w, https:\/\/gkvitkovice.cz\/wp-content\/uploads\/2019\/04\/57536374_916313682034011_6738409821743087616_n.jpg 1296w\" sizes=\"(max-width: 300px) 100vw, 300px\" \/><\/a>Ve velikono\u010dn\u00edm \u010dase jsme se z\u00fa\u010dastnily 20. 4. 2019 ji\u017e 22. ro\u010dn\u00edku Znojemsk\u00e9 kladinky. <\/p>\n","protected":false},"author":1,"featured_media":0,"comment_status":"closed","ping_status":"open","sticky":false,"template":"","format":"standard","meta":[],"categories":[14],"tags":[],"_links":{"self":[{"href":"https:\/\/gkvitkovice.cz\/index.php?rest_route=\/wp\/v2\/posts\/2318"}],"collection":[{"href":"https:\/\/gkvitkovice.cz\/index.php?rest_route=\/wp\/v2\/posts"}],"about":[{"href":"https:\/\/gkvitkovice.cz\/index.php?rest_route=\/wp\/v2\/types\/post"}],"author":[{"embeddable":true,"href":"https:\/\/gkvitkovice.cz\/index.php?rest_route=\/wp\/v2\/users\/1"}],"replies":[{"embeddable":true,"href":"https:\/\/gkvitkovice.cz\/index.php?rest_route=%2Fwp%2Fv2%2Fcomments&post=2318"}],"version-history":[{"count":2,"href":"https:\/\/gkvitkovice.cz\/index.php?rest_route=\/wp\/v2\/posts\/2318\/revisions"}],"predecessor-version":[{"id":2321,"href":"https:\/\/gkvitkovice.cz\/index.php?rest_route=\/wp\/v2\/posts\/2318\/revisions\/2321"}],"wp:attachment":[{"href":"https:\/\/gkvitkovice.cz\/index.php?rest_route=%2Fwp%2Fv2%2Fmedia&parent=2318"}],"wp:term":[{"taxonomy":"category","embeddable":true,"href":"https:\/\/gkvitkovice.cz\/index.php?rest_route=%2Fwp%2Fv2%2Fcategories&post=2318"},{"taxonomy":"post_tag","embeddable":true,"href":"https:\/\/gkvitkovice.cz\/index.php?rest_route=%2Fwp%2Fv2%2Ftags&post=2318"}],"curies":[{"name":"wp","href":"https:\/\/api.w.org\/{rel}","templated":true}]}}