{"id":2327,"date":"2019-04-23T07:16:04","date_gmt":"2019-04-23T07:16:04","guid":{"rendered":"http:\/\/gkvitkovice.cz\/?p=2327"},"modified":"2019-04-23T07:16:25","modified_gmt":"2019-04-23T07:16:25","slug":"vt-liberec-skoky-na-trampoline-2019","status":"publish","type":"post","link":"https:\/\/gkvitkovice.cz\/?p=2327","title":{"rendered":"VT Liberec skoky na trampol\u00edn\u011b 2019"},"content":{"rendered":"<div id=\"fb-root\"><\/div>\n<p><script async defer crossorigin=\"anonymous\" src=\"https:\/\/connect.facebook.net\/cs_CZ\/sdk.js#xfbml=1&#038;version=v3.2\"><\/script><br \/>\n<a href=\"http:\/\/gkvitkovice.cz\/wp-content\/uploads\/2019\/04\/57451077_293340038235523_7433915698713198592_n.jpg\"><img loading=\"lazy\" class=\"alignleft size-medium wp-image-2328\" src=\"http:\/\/gkvitkovice.cz\/wp-content\/uploads\/2019\/04\/57451077_293340038235523_7433915698713198592_n-225x300.jpg\" alt=\"\" width=\"225\" height=\"300\" srcset=\"https:\/\/gkvitkovice.cz\/wp-content\/uploads\/2019\/04\/57451077_293340038235523_7433915698713198592_n-225x300.jpg 225w, https:\/\/gkvitkovice.cz\/wp-content\/uploads\/2019\/04\/57451077_293340038235523_7433915698713198592_n.jpg 768w\" sizes=\"(max-width: 225px) 100vw, 225px\" \/><\/a>V\u00fdcvikov\u00e9ho\u00a0kempu v\u00a0Liberci, kter\u00fd se konal v term\u00ednu 19. &#8211; 21. 4. 2019, se z\u00fa\u010dastnili tren\u00e9\u0159i z\u00a0Liberce, Odolen\u00e9 Vody, Sokola Kampy, kte\u0159\u00ed se sna\u017eili p\u0159edat cvi\u010denc\u016fm nov\u00e9 zku\u0161enosti, nau\u010dili je nov\u00e9 prvky a zlep\u0161ovali proveden\u00ed jednotliv\u00fdch prvk\u016f.<\/p>\n<p>Sportovci byli rozd\u011bleni do 2 skupin dle v\u00fdkonnosti, kdy jedna skupina posilovala a cvi\u010dila na AirTracku a druh\u00e1 sk\u00e1kala na trampol\u00edn\u00e1ch a naopak. Program za\u010d\u00ednal v\u017edy spole\u010dnou rozcvi\u010dkou na slun\u00ed\u010dku a pak za\u010dal samotn\u00fd tr\u00e9nink. Z\u00a0na\u0161eho odd\u00edlu se kempu z\u00fa\u010dastnili Ad\u00e9la \u010c\u00e1pov\u00e1, Simona Kaczorov\u00e1, Honza Kaczor a\u00a0Nat\u00e1lie Najdekov\u00e1, kte\u0159\u00ed se nau\u010dili nov\u00e9 prvky (barany, dvojit\u00e9 salta vp\u0159ed a vzad), t\u011b\u017e\u0161\u00ed prvky nacvi\u010dovali do j\u00e1my. Na\u0161im sv\u011b\u0159enc\u016fm se tren\u00e9\u0159i sna\u017eili hlavn\u011b zlep\u0161it proveden\u00ed sestav ODM a voln\u00fdch sestav ke kvalifikaci na bl\u00ed\u017e\u00edc\u00ed se letn\u00ed Olympi\u00e1du d\u011bt\u00ed a ml\u00e1de\u017ee, techniky skoku a v\u00fd\u0161ky, nechyb\u011bla ani z\u00e1bava a ve\u010dern\u00ed program.<\/p>\n<p>V\u0161ichni si to moc u\u017eili a cel\u00fd kemp byl zakon\u010den v\u00fdjezdem na nedalek\u00fd Je\u0161t\u011bd.<\/p>\n<p>Fotky <a href=\"https:\/\/gkvitkovice.rajce.idnes.cz\/VT_Liberec_skoky_na_trampoline%2C_19.-21.4._2019\">ZDE<\/a><\/p>\n<p><em>(Monika Prutkayov\u00e1)<\/em><\/p>\n<div class=\"fb-like\" data-href=\"http:\/\/gkvitkovice.cz\/?p=2327\" data-layout=\"standard\" data-action=\"like\" data-size=\"small\" data-show-faces=\"true\" data-share=\"true\"><\/div>\n","protected":false},"excerpt":{"rendered":"<p><a href=\"http:\/\/gkvitkovice.cz\/wp-content\/uploads\/2019\/04\/57451077_293340038235523_7433915698713198592_n.jpg\"><img loading=\"lazy\" class=\"alignleft size-medium wp-image-2328\" src=\"http:\/\/gkvitkovice.cz\/wp-content\/uploads\/2019\/04\/57451077_293340038235523_7433915698713198592_n-225x300.jpg\" alt=\"\" width=\"225\" height=\"300\" srcset=\"https:\/\/gkvitkovice.cz\/wp-content\/uploads\/2019\/04\/57451077_293340038235523_7433915698713198592_n-225x300.jpg 225w, https:\/\/gkvitkovice.cz\/wp-content\/uploads\/2019\/04\/57451077_293340038235523_7433915698713198592_n.jpg 768w\" sizes=\"(max-width: 225px) 100vw, 225px\" \/><\/a>V\u00fdcvikov\u00e9ho\u00a0kempu v\u00a0Liberci, kter\u00fd se konal v term\u00ednu 19. &#8211; 21. 4. 2019, se z\u00fa\u010dastnili tren\u00e9\u0159i z\u00a0Liberce, Odolen\u00e9 Vody, Sokola Kampy, kte\u0159\u00ed se sna\u017eili p\u0159edat cvi\u010denc\u016fm nov\u00e9 zku\u0161enosti, nau\u010dili je nov\u00e9 prvky a zlep\u0161ovali proveden\u00ed jednotliv\u00fdch prvk\u016f.<\/p>\n","protected":false},"author":1,"featured_media":0,"comment_status":"closed","ping_status":"open","sticky":false,"template":"","format":"standard","meta":[],"categories":[14],"tags":[],"_links":{"self":[{"href":"https:\/\/gkvitkovice.cz\/index.php?rest_route=\/wp\/v2\/posts\/2327"}],"collection":[{"href":"https:\/\/gkvitkovice.cz\/index.php?rest_route=\/wp\/v2\/posts"}],"about":[{"href":"https:\/\/gkvitkovice.cz\/index.php?rest_route=\/wp\/v2\/types\/post"}],"author":[{"embeddable":true,"href":"https:\/\/gkvitkovice.cz\/index.php?rest_route=\/wp\/v2\/users\/1"}],"replies":[{"embeddable":true,"href":"https:\/\/gkvitkovice.cz\/index.php?rest_route=%2Fwp%2Fv2%2Fcomments&post=2327"}],"version-history":[{"count":2,"href":"https:\/\/gkvitkovice.cz\/index.php?rest_route=\/wp\/v2\/posts\/2327\/revisions"}],"predecessor-version":[{"id":2330,"href":"https:\/\/gkvitkovice.cz\/index.php?rest_route=\/wp\/v2\/posts\/2327\/revisions\/2330"}],"wp:attachment":[{"href":"https:\/\/gkvitkovice.cz\/index.php?rest_route=%2Fwp%2Fv2%2Fmedia&parent=2327"}],"wp:term":[{"taxonomy":"category","embeddable":true,"href":"https:\/\/gkvitkovice.cz\/index.php?rest_route=%2Fwp%2Fv2%2Fcategories&post=2327"},{"taxonomy":"post_tag","embeddable":true,"href":"https:\/\/gkvitkovice.cz\/index.php?rest_route=%2Fwp%2Fv2%2Ftags&post=2327"}],"curies":[{"name":"wp","href":"https:\/\/api.w.org\/{rel}","templated":true}]}}