{"id":2336,"date":"2019-04-29T10:00:34","date_gmt":"2019-04-29T10:00:34","guid":{"rendered":"http:\/\/gkvitkovice.cz\/?p=2336"},"modified":"2019-04-29T10:02:13","modified_gmt":"2019-04-29T10:02:13","slug":"vt-juniorske-reprezentace-2019","status":"publish","type":"post","link":"https:\/\/gkvitkovice.cz\/?p=2336","title":{"rendered":"VT juniorsk\u00e9 reprezentace 2019"},"content":{"rendered":"<div id=\"fb-root\"><\/div>\n<p><script async defer crossorigin=\"anonymous\" src=\"https:\/\/connect.facebook.net\/cs_CZ\/sdk.js#xfbml=1&#038;version=v3.2\"><\/script><br \/>\n<a href=\"http:\/\/gkvitkovice.cz\/wp-content\/uploads\/2019\/04\/IMG_20190428_115954.jpg\"><img loading=\"lazy\" class=\"size-medium wp-image-2337 alignleft\" src=\"http:\/\/gkvitkovice.cz\/wp-content\/uploads\/2019\/04\/IMG_20190428_115954-300x225.jpg\" alt=\"\" width=\"300\" height=\"225\" srcset=\"https:\/\/gkvitkovice.cz\/wp-content\/uploads\/2019\/04\/IMG_20190428_115954-300x225.jpg 300w, https:\/\/gkvitkovice.cz\/wp-content\/uploads\/2019\/04\/IMG_20190428_115954-768x576.jpg 768w, https:\/\/gkvitkovice.cz\/wp-content\/uploads\/2019\/04\/IMG_20190428_115954-1024x768.jpg 1024w, https:\/\/gkvitkovice.cz\/wp-content\/uploads\/2019\/04\/IMG_20190428_115954.jpg 2000w\" sizes=\"(max-width: 300px) 100vw, 300px\" \/><\/a>V\u00a0t\u011blocvi\u010dn\u011b TJ Bohemians Praha, kter\u00e9 poskytlo tr\u00e9ninkov\u00e9 z\u00e1zem\u00ed, prob\u011bhlo ve dnech 27. &#8211; 28. 4. 2019 reprezenta\u010dn\u00ed soust\u0159ed\u011bn\u00ed juniorek. Z na\u0161eho odd\u00edlu se VT z\u00fa\u010dastnila <strong>Nela \u0160t\u011bpandov\u00e1<\/strong> spole\u010dn\u011b s dal\u0161\u00edmi gymnastkami a tren\u00e9ry z r\u016fzn\u00fdch klub\u016f cel\u00e9 \u010cR.<\/p>\n<p>D\u011bv\u010data byla rozd\u011blena do dru\u017estev a na\u0161e Nela, Nela Kaplanov\u00e1, Lucie Ma\u0159\u00edkov\u00e1 a\u00a0Daniela H\u00e1lov\u00e1 tvo\u0159ily jedno z dru\u017estev. Holky se navz\u00e1jem podporovaly. Sobotn\u00ed tr\u00e9nink byl n\u00e1ro\u010dn\u011bj\u0161\u00ed a prob\u011bhl dvouf\u00e1zov\u011b, ned\u011bln\u00ed s jednou f\u00e1z\u00ed. Krom\u011b sestav si Nela vyzkou\u0161ela nov\u00e9 pr\u016fpravy na p\u0159eskoku, prostn\u00fdch pod veden\u00edm tren\u00e9rky Zdenky Tcholakove a tak\u00e9 kvalitn\u00ed baletn\u00ed pr\u016fpravy od baletn\u00ed pedago\u017eky a choreografky\u00a0dom\u00e1c\u00edho klubu Iriny Nazarenko. Soust\u0159ed\u011bn\u00ed bylo prosp\u011b\u0161n\u00e9 nejen pro gymnastky, ale tak\u00e9 tren\u00e9ry.<\/p>\n<p>Fotky <a href=\"https:\/\/gkvitkovice.rajce.idnes.cz\/VT_juniorske_reprezentace_Praha%2C_27.-28.4._2019\">ZDE<\/a><\/p>\n<p><em>(Monika Prutkayov\u00e1)<\/em><\/p>\n<div class=\"fb-like\" data-href=\"http:\/\/gkvitkovice.cz\/?p=2336\" data-width=\"\" data-layout=\"standard\" data-action=\"like\" data-size=\"small\" data-show-faces=\"true\" data-share=\"true\"><\/div>\n","protected":false},"excerpt":{"rendered":"<p><a href=\"http:\/\/gkvitkovice.cz\/wp-content\/uploads\/2019\/04\/IMG_20190428_115954.jpg\"><img loading=\"lazy\" class=\"size-medium wp-image-2337 alignleft\" src=\"http:\/\/gkvitkovice.cz\/wp-content\/uploads\/2019\/04\/IMG_20190428_115954-300x225.jpg\" alt=\"\" width=\"300\" height=\"225\" srcset=\"https:\/\/gkvitkovice.cz\/wp-content\/uploads\/2019\/04\/IMG_20190428_115954-300x225.jpg 300w, https:\/\/gkvitkovice.cz\/wp-content\/uploads\/2019\/04\/IMG_20190428_115954-768x576.jpg 768w, https:\/\/gkvitkovice.cz\/wp-content\/uploads\/2019\/04\/IMG_20190428_115954-1024x768.jpg 1024w, https:\/\/gkvitkovice.cz\/wp-content\/uploads\/2019\/04\/IMG_20190428_115954.jpg 2000w\" sizes=\"(max-width: 300px) 100vw, 300px\" \/><\/a>V\u00a0t\u011blocvi\u010dn\u011b TJ Bohemians Praha, kter\u00e9 poskytlo tr\u00e9ninkov\u00e9 z\u00e1zem\u00ed, prob\u011bhlo ve dnech 27. &#8211; 28. 4. 2019 reprezenta\u010dn\u00ed soust\u0159ed\u011bn\u00ed juniorek.<\/p>\n","protected":false},"author":1,"featured_media":0,"comment_status":"closed","ping_status":"open","sticky":false,"template":"","format":"standard","meta":[],"categories":[14],"tags":[],"_links":{"self":[{"href":"https:\/\/gkvitkovice.cz\/index.php?rest_route=\/wp\/v2\/posts\/2336"}],"collection":[{"href":"https:\/\/gkvitkovice.cz\/index.php?rest_route=\/wp\/v2\/posts"}],"about":[{"href":"https:\/\/gkvitkovice.cz\/index.php?rest_route=\/wp\/v2\/types\/post"}],"author":[{"embeddable":true,"href":"https:\/\/gkvitkovice.cz\/index.php?rest_route=\/wp\/v2\/users\/1"}],"replies":[{"embeddable":true,"href":"https:\/\/gkvitkovice.cz\/index.php?rest_route=%2Fwp%2Fv2%2Fcomments&post=2336"}],"version-history":[{"count":5,"href":"https:\/\/gkvitkovice.cz\/index.php?rest_route=\/wp\/v2\/posts\/2336\/revisions"}],"predecessor-version":[{"id":2342,"href":"https:\/\/gkvitkovice.cz\/index.php?rest_route=\/wp\/v2\/posts\/2336\/revisions\/2342"}],"wp:attachment":[{"href":"https:\/\/gkvitkovice.cz\/index.php?rest_route=%2Fwp%2Fv2%2Fmedia&parent=2336"}],"wp:term":[{"taxonomy":"category","embeddable":true,"href":"https:\/\/gkvitkovice.cz\/index.php?rest_route=%2Fwp%2Fv2%2Fcategories&post=2336"},{"taxonomy":"post_tag","embeddable":true,"href":"https:\/\/gkvitkovice.cz\/index.php?rest_route=%2Fwp%2Fv2%2Ftags&post=2336"}],"curies":[{"name":"wp","href":"https:\/\/api.w.org\/{rel}","templated":true}]}}