{"id":2346,"date":"2019-05-02T10:48:10","date_gmt":"2019-05-02T10:48:10","guid":{"rendered":"http:\/\/gkvitkovice.cz\/?p=2346"},"modified":"2019-05-02T10:48:43","modified_gmt":"2019-05-02T10:48:43","slug":"hledame-nove-talenty-a-memorial-o-effenbergrove-2019","status":"publish","type":"post","link":"https:\/\/gkvitkovice.cz\/?p=2346","title":{"rendered":"Hled\u00e1me nov\u00e9 talenty a Memori\u00e1l O. Effenbergrov\u00e9 2019"},"content":{"rendered":"<div id=\"fb-root\"><\/div>\n<p><script async defer crossorigin=\"anonymous\" src=\"https:\/\/connect.facebook.net\/cs_CZ\/sdk.js#xfbml=1&#038;version=v3.3\"><\/script><br \/>\n<a href=\"http:\/\/gkvitkovice.cz\/wp-content\/uploads\/2019\/05\/DSCN8516.jpg\"><img loading=\"lazy\" class=\"alignleft size-medium wp-image-2351\" src=\"http:\/\/gkvitkovice.cz\/wp-content\/uploads\/2019\/05\/DSCN8516-300x225.jpg\" alt=\"\" width=\"300\" height=\"225\" srcset=\"https:\/\/gkvitkovice.cz\/wp-content\/uploads\/2019\/05\/DSCN8516-300x225.jpg 300w, https:\/\/gkvitkovice.cz\/wp-content\/uploads\/2019\/05\/DSCN8516-768x576.jpg 768w, https:\/\/gkvitkovice.cz\/wp-content\/uploads\/2019\/05\/DSCN8516-1024x768.jpg 1024w\" sizes=\"(max-width: 300px) 100vw, 300px\" \/><\/a>V\u00a0ned\u011bli 28. dubna 2019 se d\u011bv\u010data na\u0161eho klubu z\u00fa\u010dastnila tradi\u010dn\u00edch z\u00e1vod\u016f v\u00a0Kol\u00edn\u011b \u2013 Hled\u00e1me nov\u00e9 talenty pro d\u011bv\u010data ro\u010dn\u00edku 2012 a mlad\u0161\u00ed a Memori\u00e1lu O. Effenbergrov\u00e9 pro d\u011bv\u010data ro\u010dn\u00edku 2011 a ml. Z\u00e1vod prob\u011bhl v trojboji na kladin\u011b, prostn\u00fdch a \u0161plhu na ty\u010di.<\/p>\n<p>V\u00a0obou z\u00e1vodech jsme z\u00edskali zlato v\u00a0sout\u011b\u017ei dru\u017estev i v\u00a0sout\u011b\u017ei jednotlivky\u0148. V\u00a0dopoledn\u00edm z\u00e1vod\u011b mlad\u0161\u00edch d\u011bv\u010dat zacvi\u010dilo dru\u017estvo ve slo\u017een\u00ed <strong>Bar\u010da Skotnicov\u00e1<\/strong>, <strong>Elen Kantorov\u00e1<\/strong>, <strong>Zoe Kol\u00e1\u0159ov\u00e1<\/strong> a <strong>Frederka Prutkayov\u00e1<\/strong> velmi p\u011bkn\u00e9 sestavy a zaslou\u017een\u011b zv\u00edt\u011bzilo v\u00a0konkurenci 10 dru\u017estev. D\u011bv\u010dat\u016fm se povedl i \u0161plh na ty\u010di, kter\u00fd chodila poctiv\u011b tr\u00e9novat do t\u011blocvi\u010dny sportovn\u00edho gymn\u00e1zia. V\u00a0sout\u011b\u017ei jednotlivky\u0148 zv\u00edt\u011bzila Bar\u010da Skotnicov\u00e1, Elen Kantorov\u00e1 obsadila 5. m\u00edsto, Zoe Kol\u00e1\u0159ov\u00e1 6. m\u00edsto a Frederka Prutkayov\u00e1 po men\u0161\u00ed chyb\u011b na lavi\u010dce skon\u010dila 10. V\u00a0sout\u011b\u017ei jednotlivky\u0148 nastoupila je\u0161t\u011b <strong>Lili Mlyn\u00e1\u0159ov\u00e1<\/strong>, kter\u00e9 se z\u00e1vod taky velmi povedl, a skon\u010dila z\u00a035 d\u011bv\u010dat na kr\u00e1sn\u00e9m 11. m\u00edst\u011b.<\/p>\n<p>V\u00a0odpoledn\u00edm z\u00e1vod\u011b zahajovalo dru\u017estvo ve slo\u017een\u00ed <strong>Linda Rakov\u00e1<\/strong>, <strong>Ad\u00e9lka Chudov\u00e1<\/strong>, <strong>Jul\u010da Biolkov\u00e1<\/strong> a <strong>M\u00ed\u0161a Vavro\u0161ov\u00e1<\/strong> sv\u016fj z\u00e1vod na ob\u00e1van\u00e9 kladin\u011b. Holky ale prvn\u00ed n\u00e1\u0159ad\u00ed zvl\u00e1dly na v\u00fdbornou a po vyda\u0159en\u00fdch prostn\u00fdch se bl\u00fdskly na \u0161plhu 3x nejvy\u0161\u0161\u00edm hodnocen\u00edm. D\u011bv\u010data zaslou\u017een\u011b zv\u00edt\u011bzila, v\u00a0sout\u011b\u017ei jednotlivky\u0148 p\u0159idala Linda Rakov\u00e1 zlato, Ad\u00e9lka bronz, Jul\u010da obsadila 6. m\u00edsto a M\u00ed\u0161a skon\u010dila 18.<\/p>\n<p>Dom\u016f si d\u011bv\u010data p\u0159ivezla 2 v\u00fdborn\u00e9 dorty, o kter\u00e9 se rozd\u011blila s\u00a0ostatn\u00edmi d\u011bv\u010daty a tren\u00e9ry z\u00a0klubu. V\u0161em blahop\u0159ejeme k\u00a0p\u011bkn\u00fdm v\u00fdsledk\u016fm a p\u0159ejeme hodn\u011b \u0161t\u011bst\u00ed v\u00a0dal\u0161\u00ed p\u0159\u00edprav\u011b na mistrovsk\u00e9 sout\u011b\u017ee.<\/p>\n<p>Fotky a videa <a href=\"https:\/\/gkvitkovice.rajce.idnes.cz\/Hledame_nove_talenty_a_Memorial_O._Effenbergrove%2C_Kolin%2C_28.4.2019\">ZDE<\/a><\/p>\n<p>V\u00fdsledky:<\/p>\n<p><a href=\"http:\/\/gkvitkovice.cz\/wp-content\/uploads\/2019\/05\/Memorial-druzstva-vysledky.pdf\">Memorial &#8211; druzstva &#8211; vysledky<\/a><\/p>\n<p><a href=\"http:\/\/gkvitkovice.cz\/wp-content\/uploads\/2019\/05\/Memorial-jednotlivkyne-vysledky.pdf\">Memorial &#8211; jednotlivkyne &#8211; vysledky<\/a><\/p>\n<p><a href=\"http:\/\/gkvitkovice.cz\/wp-content\/uploads\/2019\/05\/Talenty-druzstva-vysledky.pdf\">Talenty &#8211; druzstva &#8211; vysledky<\/a><\/p>\n<p><a href=\"http:\/\/gkvitkovice.cz\/wp-content\/uploads\/2019\/05\/Talenty-jednotlivkyne-vysledky.pdf\">Talenty &#8211; jednotlivkyne &#8211; vysledky<\/a><\/p>\n<p><em>(Sv\u011btlana Grmelov\u00e1)<\/em><\/p>\n<div class=\"fb-like\" data-href=\"http:\/\/gkvitkovice.cz\/?p=2346\" data-width=\"\" data-layout=\"standard\" data-action=\"like\" data-size=\"small\" data-show-faces=\"true\" data-share=\"true\"><\/div>\n","protected":false},"excerpt":{"rendered":"<p><a href=\"http:\/\/gkvitkovice.cz\/wp-content\/uploads\/2019\/05\/DSCN8516.jpg\"><img loading=\"lazy\" class=\"alignleft size-medium wp-image-2351\" src=\"http:\/\/gkvitkovice.cz\/wp-content\/uploads\/2019\/05\/DSCN8516-300x225.jpg\" alt=\"\" width=\"300\" height=\"225\" srcset=\"https:\/\/gkvitkovice.cz\/wp-content\/uploads\/2019\/05\/DSCN8516-300x225.jpg 300w, https:\/\/gkvitkovice.cz\/wp-content\/uploads\/2019\/05\/DSCN8516-768x576.jpg 768w, https:\/\/gkvitkovice.cz\/wp-content\/uploads\/2019\/05\/DSCN8516-1024x768.jpg 1024w\" sizes=\"(max-width: 300px) 100vw, 300px\" \/><\/a>V\u00a0ned\u011bli 28. dubna 2019 se d\u011bv\u010data na\u0161eho klubu z\u00fa\u010dastnila tradi\u010dn\u00edch z\u00e1vod\u016f v\u00a0Kol\u00edn\u011b \u2013 Hled\u00e1me nov\u00e9 talenty pro d\u011bv\u010data ro\u010dn\u00edku 2012 a mlad\u0161\u00ed a Memori\u00e1lu O. Effenbergrov\u00e9 pro d\u011bv\u010data ro\u010dn\u00edku 2011 a ml.<\/p>\n","protected":false},"author":1,"featured_media":0,"comment_status":"closed","ping_status":"open","sticky":false,"template":"","format":"standard","meta":[],"categories":[14],"tags":[],"_links":{"self":[{"href":"https:\/\/gkvitkovice.cz\/index.php?rest_route=\/wp\/v2\/posts\/2346"}],"collection":[{"href":"https:\/\/gkvitkovice.cz\/index.php?rest_route=\/wp\/v2\/posts"}],"about":[{"href":"https:\/\/gkvitkovice.cz\/index.php?rest_route=\/wp\/v2\/types\/post"}],"author":[{"embeddable":true,"href":"https:\/\/gkvitkovice.cz\/index.php?rest_route=\/wp\/v2\/users\/1"}],"replies":[{"embeddable":true,"href":"https:\/\/gkvitkovice.cz\/index.php?rest_route=%2Fwp%2Fv2%2Fcomments&post=2346"}],"version-history":[{"count":2,"href":"https:\/\/gkvitkovice.cz\/index.php?rest_route=\/wp\/v2\/posts\/2346\/revisions"}],"predecessor-version":[{"id":2353,"href":"https:\/\/gkvitkovice.cz\/index.php?rest_route=\/wp\/v2\/posts\/2346\/revisions\/2353"}],"wp:attachment":[{"href":"https:\/\/gkvitkovice.cz\/index.php?rest_route=%2Fwp%2Fv2%2Fmedia&parent=2346"}],"wp:term":[{"taxonomy":"category","embeddable":true,"href":"https:\/\/gkvitkovice.cz\/index.php?rest_route=%2Fwp%2Fv2%2Fcategories&post=2346"},{"taxonomy":"post_tag","embeddable":true,"href":"https:\/\/gkvitkovice.cz\/index.php?rest_route=%2Fwp%2Fv2%2Ftags&post=2346"}],"curies":[{"name":"wp","href":"https:\/\/api.w.org\/{rel}","templated":true}]}}