{"id":2356,"date":"2019-05-13T10:28:59","date_gmt":"2019-05-13T10:28:59","guid":{"rendered":"http:\/\/gkvitkovice.cz\/?p=2356"},"modified":"2019-05-13T10:29:29","modified_gmt":"2019-05-13T10:29:29","slug":"2-kz-lodm-zlaty-radegast-roznov-pod-radhostem-4-5-2019-skoky-na-trampoline","status":"publish","type":"post","link":"https:\/\/gkvitkovice.cz\/?p=2356","title":{"rendered":"2. KZ LODM, Zlat\u00fd Radegast, Ro\u017enov pod Radho\u0161t\u011bm, 4. 5. 2019 &#8211; skoky na trampol\u00edn\u011b"},"content":{"rendered":"<div id=\"fb-root\"><\/div>\n<p><script async defer crossorigin=\"anonymous\" src=\"https:\/\/connect.facebook.net\/cs_CZ\/sdk.js#xfbml=1&#038;version=v3.3\"><\/script><br \/>\n<a href=\"http:\/\/gkvitkovice.cz\/wp-content\/uploads\/2019\/05\/60162712_294557068086747_812183448159518720_n.jpg\"><img loading=\"lazy\" class=\"alignleft size-medium wp-image-2358\" src=\"http:\/\/gkvitkovice.cz\/wp-content\/uploads\/2019\/05\/60162712_294557068086747_812183448159518720_n-300x225.jpg\" alt=\"\" width=\"300\" height=\"225\" srcset=\"https:\/\/gkvitkovice.cz\/wp-content\/uploads\/2019\/05\/60162712_294557068086747_812183448159518720_n-300x225.jpg 300w, https:\/\/gkvitkovice.cz\/wp-content\/uploads\/2019\/05\/60162712_294557068086747_812183448159518720_n-768x576.jpg 768w, https:\/\/gkvitkovice.cz\/wp-content\/uploads\/2019\/05\/60162712_294557068086747_812183448159518720_n.jpg 1024w\" sizes=\"(max-width: 300px) 100vw, 300px\" \/><\/a>Odd\u00edl Trampol\u00edny TJ Ro\u017enov pod Radho\u0161t\u011bm po\u0159\u00e1dal 4. 5. 2019 3. ro\u010dn\u00edk z\u00e1vodu ve skoc\u00edch na trampol\u00edn\u00e1ch &#8222;Zlat\u00fd Radegast&#8220;, jeho\u017e sou\u010d\u00e1st\u00ed byl i 2. kvalifika\u010dn\u00ed z\u00e1vod na Olympi\u00e1du d\u011bt\u00ed a ml\u00e1de\u017ee. T\u00e9to kvalifikace se z\u00fa\u010dastnilo mnohem v\u00edce gymnastek a gymnast\u016f z Moravskoslezsk\u00e9ho kraje v boj\u00edch o nominaci do t\u0159\u00ed\u010dlenn\u00fdch dru\u017estev d\u00edvek a chlapc\u016f na ODM.<\/p>\n<p>Velkou radost\u00a0n\u00e1m ud\u011blali <strong>Ad\u00e9la \u010c\u00e1pov\u00e1<\/strong> a <strong>Jan Kaczor<\/strong>, kte\u0159\u00ed se nominovali na ODM a <strong>Simona Kaczorov\u00e1<\/strong> se stala n\u00e1hradnic\u00ed do dru\u017estva d\u00edvek. Dal\u0161\u00ed na\u0161\u00ed gymnastkou, kter\u00e1 se uch\u00e1zela o nominaci byla <strong>Nat\u00e1lie Najdekov\u00e1<\/strong>, kter\u00e9 bohu\u017eel nevy\u0161la druh\u00e1 sestava podle jejich p\u0159edstav.<\/p>\n<p>V\u0161em, gymnastk\u00e1m, gymnast\u016fm i tren\u00e9r\u016fm\u00a0gratulujeme za jejich \u00fasil\u00ed, kter\u00e9 vlo\u017eili nejen do p\u0159\u00edpravy\u00a0ji\u017e prob\u00edhaj\u00edc\u00edho\u00a0z\u00e1vodn\u00edho obdob\u00ed ve sportovn\u00ed gymnastice, ale nav\u00edc i p\u0159\u00edprav\u011b ve skoc\u00edch na trampol\u00edn\u00e1ch a p\u0159ejeme jim hodn\u011b \u0161t\u011bst\u00ed v dal\u0161\u00ed p\u0159\u00edprav\u011b nejen na ODM.<\/p>\n<p>Fotky <a href=\"https:\/\/gkvitkovice.rajce.idnes.cz\/Zlaty_Radegast_-_2_KZ_LODM_skoky_na_trampolinach%2C_Roznov_pod_Radhostem%2C_4.5._2019\">ZDE<\/a><\/p>\n<p>V\u00fdsledky:\u00a0<a href=\"http:\/\/gkvitkovice.cz\/wp-content\/uploads\/2019\/05\/Zlat\u00fd_Radegast_19_v\u00fdsledky.pdf\">Zlat\u00fd_Radegast_19_v\u00fdsledky<\/a><\/p>\n<p><em>(Monika Prutkayov\u00e1)<\/em><\/p>\n<div class=\"fb-like\" data-href=\"http:\/\/gkvitkovice.cz\/?p=2356\" data-width=\"\" data-layout=\"standard\" data-action=\"like\" data-size=\"small\" data-show-faces=\"true\" data-share=\"true\"><\/div>\n","protected":false},"excerpt":{"rendered":"<p><a href=\"http:\/\/gkvitkovice.cz\/wp-content\/uploads\/2019\/05\/60162712_294557068086747_812183448159518720_n.jpg\"><img loading=\"lazy\" class=\"alignleft size-medium wp-image-2358\" src=\"http:\/\/gkvitkovice.cz\/wp-content\/uploads\/2019\/05\/60162712_294557068086747_812183448159518720_n-300x225.jpg\" alt=\"\" width=\"300\" height=\"225\" srcset=\"https:\/\/gkvitkovice.cz\/wp-content\/uploads\/2019\/05\/60162712_294557068086747_812183448159518720_n-300x225.jpg 300w, https:\/\/gkvitkovice.cz\/wp-content\/uploads\/2019\/05\/60162712_294557068086747_812183448159518720_n-768x576.jpg 768w, https:\/\/gkvitkovice.cz\/wp-content\/uploads\/2019\/05\/60162712_294557068086747_812183448159518720_n.jpg 1024w\" sizes=\"(max-width: 300px) 100vw, 300px\" \/><\/a>Odd\u00edl Trampol\u00edny TJ Ro\u017enov pod Radho\u0161t\u011bm po\u0159\u00e1dal 4. 5. 2019 3. ro\u010dn\u00edk z\u00e1vodu ve skoc\u00edch na trampol\u00edn\u00e1ch &#8222;Zlat\u00fd Radegast&#8220;, jeho\u017e sou\u010d\u00e1st\u00ed byl i 2. kvalifika\u010dn\u00ed z\u00e1vod na Olympi\u00e1du d\u011bt\u00ed a ml\u00e1de\u017ee. <\/p>\n","protected":false},"author":1,"featured_media":0,"comment_status":"closed","ping_status":"open","sticky":false,"template":"","format":"standard","meta":[],"categories":[14],"tags":[],"_links":{"self":[{"href":"https:\/\/gkvitkovice.cz\/index.php?rest_route=\/wp\/v2\/posts\/2356"}],"collection":[{"href":"https:\/\/gkvitkovice.cz\/index.php?rest_route=\/wp\/v2\/posts"}],"about":[{"href":"https:\/\/gkvitkovice.cz\/index.php?rest_route=\/wp\/v2\/types\/post"}],"author":[{"embeddable":true,"href":"https:\/\/gkvitkovice.cz\/index.php?rest_route=\/wp\/v2\/users\/1"}],"replies":[{"embeddable":true,"href":"https:\/\/gkvitkovice.cz\/index.php?rest_route=%2Fwp%2Fv2%2Fcomments&post=2356"}],"version-history":[{"count":2,"href":"https:\/\/gkvitkovice.cz\/index.php?rest_route=\/wp\/v2\/posts\/2356\/revisions"}],"predecessor-version":[{"id":2360,"href":"https:\/\/gkvitkovice.cz\/index.php?rest_route=\/wp\/v2\/posts\/2356\/revisions\/2360"}],"wp:attachment":[{"href":"https:\/\/gkvitkovice.cz\/index.php?rest_route=%2Fwp%2Fv2%2Fmedia&parent=2356"}],"wp:term":[{"taxonomy":"category","embeddable":true,"href":"https:\/\/gkvitkovice.cz\/index.php?rest_route=%2Fwp%2Fv2%2Fcategories&post=2356"},{"taxonomy":"post_tag","embeddable":true,"href":"https:\/\/gkvitkovice.cz\/index.php?rest_route=%2Fwp%2Fv2%2Ftags&post=2356"}],"curies":[{"name":"wp","href":"https:\/\/api.w.org\/{rel}","templated":true}]}}