{"id":2450,"date":"2019-05-29T06:34:59","date_gmt":"2019-05-29T06:34:59","guid":{"rendered":"http:\/\/gkvitkovice.cz\/?p=2450"},"modified":"2019-05-29T06:35:32","modified_gmt":"2019-05-29T06:35:32","slug":"memorial-m-kojdeckeho-2019","status":"publish","type":"post","link":"https:\/\/gkvitkovice.cz\/?p=2450","title":{"rendered":"Memori\u00e1l M. Kojdeck\u00e9ho 2019"},"content":{"rendered":"<div id=\"fb-root\"><\/div>\n<p><script async defer crossorigin=\"anonymous\" src=\"https:\/\/connect.facebook.net\/cs_CZ\/sdk.js#xfbml=1&#038;version=v3.3\"><\/script><br \/>\n<a href=\"http:\/\/gkvitkovice.cz\/wp-content\/uploads\/2019\/05\/61105831_821941104852349_9019685759757582336_n.jpg\"><img loading=\"lazy\" class=\"alignleft size-medium wp-image-2451\" src=\"http:\/\/gkvitkovice.cz\/wp-content\/uploads\/2019\/05\/61105831_821941104852349_9019685759757582336_n-225x300.jpg\" alt=\"\" width=\"225\" height=\"300\" srcset=\"https:\/\/gkvitkovice.cz\/wp-content\/uploads\/2019\/05\/61105831_821941104852349_9019685759757582336_n-225x300.jpg 225w, https:\/\/gkvitkovice.cz\/wp-content\/uploads\/2019\/05\/61105831_821941104852349_9019685759757582336_n-768x1024.jpg 768w, https:\/\/gkvitkovice.cz\/wp-content\/uploads\/2019\/05\/61105831_821941104852349_9019685759757582336_n.jpg 1500w\" sizes=\"(max-width: 225px) 100vw, 225px\" \/><\/a>V sobotu 18. 5. 2019 se konal tradi\u010dn\u00ed ostravsk\u00fd z\u00e1vod Memori\u00e1l M. Kojdeck\u00e9ho.<\/p>\n<p>V dopoledn\u00edm bloku se z\u00e1vodu z\u00fa\u010dastnily\u00a03 v\u00edtkovick\u00e9 gymnastky v kategorii VS2A, a to <strong>Ad\u00e9la Nykodymov\u00e1<\/strong>, kter\u00e1 se um\u00edstila na 38. m\u00edst\u011b, <strong>Leona Vrl\u00edkov\u00e1<\/strong> na 46. m\u00edst\u011b a <strong>Elen Ludwigov\u00e1<\/strong> na 52. m\u00edst\u011b.<\/p>\n<p>V kategorii juniorek a \u017een se\u00a0nejl\u00e9pe um\u00edstila <strong>Nela \u0160t\u011bpandov\u00e1<\/strong>, kter\u00e1 se um\u00edstila na 2. m\u00edst\u011b, <strong>Lenka Jaskovi\u010dov\u00e1<\/strong> 7. m\u00edsto a <strong>Karla Adam\u00edkov\u00e1<\/strong> 10. m\u00edsto.<\/p>\n<p>Ve ve\u010dern\u00edch hodin\u00e1ch z\u00e1vodila d\u011bv\u010data v kategorii VS3A, zde se p\u0159edstavila <strong>Aneta Nykodymov\u00e1<\/strong>, kter\u00e1 se um\u00edstila na 13. m\u00edst\u011b.<\/p>\n<p>Gratulujeme v\u0161em.<\/p>\n<p>Fotky <a href=\"https:\/\/gkvitkovice.rajce.idnes.cz\/Memorial_M._Kojdeckeho%2C_2_KZ_Ostrava%2C_18.5._2019\">ZDE<\/a><\/p>\n<p>V\u00fdsledky:\u00a0<a href=\"http:\/\/gkvitkovice.cz\/wp-content\/uploads\/2019\/05\/v\u00fdsledky-Kojdeck\u00fd-2019.pdf\">v\u00fdsledky Kojdeck\u00fd 2019<\/a><\/p>\n<p><em>(Monika Prutkayov\u00e1)<\/em><\/p>\n<div class=\"fb-like\" data-href=\"http:\/\/gkvitkovice.cz\/?p=2450\" data-width=\"\" data-layout=\"standard\" data-action=\"like\" data-size=\"small\" data-show-faces=\"true\" data-share=\"true\"><\/div>\n","protected":false},"excerpt":{"rendered":"<p><a href=\"http:\/\/gkvitkovice.cz\/wp-content\/uploads\/2019\/05\/61105831_821941104852349_9019685759757582336_n.jpg\"><img loading=\"lazy\" class=\"alignleft size-medium wp-image-2451\" src=\"http:\/\/gkvitkovice.cz\/wp-content\/uploads\/2019\/05\/61105831_821941104852349_9019685759757582336_n-225x300.jpg\" alt=\"\" width=\"225\" height=\"300\" srcset=\"https:\/\/gkvitkovice.cz\/wp-content\/uploads\/2019\/05\/61105831_821941104852349_9019685759757582336_n-225x300.jpg 225w, https:\/\/gkvitkovice.cz\/wp-content\/uploads\/2019\/05\/61105831_821941104852349_9019685759757582336_n-768x1024.jpg 768w, https:\/\/gkvitkovice.cz\/wp-content\/uploads\/2019\/05\/61105831_821941104852349_9019685759757582336_n.jpg 1500w\" sizes=\"(max-width: 225px) 100vw, 225px\" \/><\/a>V sobotu 18. 5. 2019 se konal tradi\u010dn\u00ed ostravsk\u00fd z\u00e1vod Memori\u00e1l M. Kojdeck\u00e9ho.<\/p>\n","protected":false},"author":1,"featured_media":0,"comment_status":"closed","ping_status":"open","sticky":false,"template":"","format":"standard","meta":[],"categories":[14],"tags":[],"_links":{"self":[{"href":"https:\/\/gkvitkovice.cz\/index.php?rest_route=\/wp\/v2\/posts\/2450"}],"collection":[{"href":"https:\/\/gkvitkovice.cz\/index.php?rest_route=\/wp\/v2\/posts"}],"about":[{"href":"https:\/\/gkvitkovice.cz\/index.php?rest_route=\/wp\/v2\/types\/post"}],"author":[{"embeddable":true,"href":"https:\/\/gkvitkovice.cz\/index.php?rest_route=\/wp\/v2\/users\/1"}],"replies":[{"embeddable":true,"href":"https:\/\/gkvitkovice.cz\/index.php?rest_route=%2Fwp%2Fv2%2Fcomments&post=2450"}],"version-history":[{"count":2,"href":"https:\/\/gkvitkovice.cz\/index.php?rest_route=\/wp\/v2\/posts\/2450\/revisions"}],"predecessor-version":[{"id":2454,"href":"https:\/\/gkvitkovice.cz\/index.php?rest_route=\/wp\/v2\/posts\/2450\/revisions\/2454"}],"wp:attachment":[{"href":"https:\/\/gkvitkovice.cz\/index.php?rest_route=%2Fwp%2Fv2%2Fmedia&parent=2450"}],"wp:term":[{"taxonomy":"category","embeddable":true,"href":"https:\/\/gkvitkovice.cz\/index.php?rest_route=%2Fwp%2Fv2%2Fcategories&post=2450"},{"taxonomy":"post_tag","embeddable":true,"href":"https:\/\/gkvitkovice.cz\/index.php?rest_route=%2Fwp%2Fv2%2Ftags&post=2450"}],"curies":[{"name":"wp","href":"https:\/\/api.w.org\/{rel}","templated":true}]}}