{"id":2455,"date":"2019-05-29T06:43:39","date_gmt":"2019-05-29T06:43:39","guid":{"rendered":"http:\/\/gkvitkovice.cz\/?p=2455"},"modified":"2019-05-30T10:46:21","modified_gmt":"2019-05-30T10:46:21","slug":"24-zuri-oberland-cup-2019","status":"publish","type":"post","link":"https:\/\/gkvitkovice.cz\/?p=2455","title":{"rendered":"24. Z\u00fcri Oberland Cup 2019"},"content":{"rendered":"<div id=\"fb-root\"><\/div>\n<p><script async defer crossorigin=\"anonymous\" src=\"https:\/\/connect.facebook.net\/cs_CZ\/sdk.js#xfbml=1&#038;version=v3.3\"><\/script><br \/>\n<a href=\"http:\/\/gkvitkovice.cz\/wp-content\/uploads\/2019\/05\/61224239_2145455102237101_4352926621234102272_n.jpg\"><img loading=\"lazy\" class=\"alignleft size-medium wp-image-2460\" src=\"http:\/\/gkvitkovice.cz\/wp-content\/uploads\/2019\/05\/61224239_2145455102237101_4352926621234102272_n-225x300.jpg\" alt=\"\" width=\"225\" height=\"300\" srcset=\"https:\/\/gkvitkovice.cz\/wp-content\/uploads\/2019\/05\/61224239_2145455102237101_4352926621234102272_n-225x300.jpg 225w, https:\/\/gkvitkovice.cz\/wp-content\/uploads\/2019\/05\/61224239_2145455102237101_4352926621234102272_n-768x1024.jpg 768w, https:\/\/gkvitkovice.cz\/wp-content\/uploads\/2019\/05\/61224239_2145455102237101_4352926621234102272_n.jpg 1500w\" sizes=\"(max-width: 225px) 100vw, 225px\" \/><\/a>Na pozv\u00e1n\u00ed \u0161v\u00fdcarsk\u00e9ho klubu z Usteru jsme se\u00a0z\u00fa\u010dastnily velmi p\u011bkn\u00e9ho z\u00e1vodu s kvalitn\u00ed konkurenc\u00ed a velk\u00fdm mno\u017estv\u00edm z\u00e1vodnic z 9 st\u00e1t\u016f (\u010cesk\u00e1 republika, Spojen\u00e9 arabsk\u00e9 emir\u00e1ty, Velk\u00e1\u00a0Brit\u00e1nie, Turecko, Holandsko, N\u011bmecko, Rakousko, Belgie, \u0160v\u00fdcarsko).<\/p>\n<p>Nejprve se p\u0159edstavila v kategorii Open (kategorie bez omezen\u00ed v\u011bku a v\u00fdkonnosti) <strong>Ad\u00e9la \u010c\u00e1pov\u00e1<\/strong>, kter\u00e1 po velmi p\u011bkn\u00e9m v\u00fdkonu obsadila 7. m\u00edsto z 61. gymnastek.<\/p>\n<p>V odpoledn\u00edm z\u00e1vod\u011b nastoupila v kategorii P4 Amateur <strong>Karla Adam\u00edkov\u00e1<\/strong>, kter\u00e1 zaznamenala zav\u00e1h\u00e1n\u00ed na kladin\u011b a bradlech, prostn\u00e1 s p\u0159eskokem zacvi\u010dila p\u011bkn\u011b a\u00a0um\u00edstila se na 14. m\u00edst\u011b z 37. z\u00e1vodnic. Spolu s n\u00ed v tomto z\u00e1vod\u011b v kategorii 2-Kampf (zde se po\u010d\u00edtaly nejlep\u0161\u00ed dv\u011b zn\u00e1mky)\u00a0se velmi zada\u0159il z\u00e1vod \u00a0<strong>Lence Jaskovi\u010dov\u00e9<\/strong>, kter\u00e1 se postavila na nejvy\u0161\u0161\u00ed p\u0159\u00ed\u010dku a <strong>Laura Smolecov\u00e1<\/strong> po p\u011bkn\u00fdch prostn\u00fdch obsadila 5. p\u0159\u00ed\u010dku.<\/p>\n<p>Ve ve\u010dern\u00edm z\u00e1vod\u011b startovaly z\u00e1vodnice bez omezen\u00ed v\u011bku v kategorii International, kde se p\u0159edstavila <strong>Nela \u0160t\u011bpandov\u00e1<\/strong>. Na prvn\u00edm n\u00e1\u0159ad\u00ed, na bradlech, zaznamenala 1 p\u00e1d a na kladin\u011b dal\u0161\u00ed 3 p\u00e1dy. Po nezda\u0159en\u00e9m za\u010d\u00e1tku zabojovala a prostn\u00e1 zacvi\u010dila s nejvy\u0161\u0161\u00ed zn\u00e1mkou v z\u00e1vod\u011b, p\u0159eskok se tak\u00e9 povedl. Um\u00edstila se na 5. m\u00edst\u011b z 26. z\u00e1vodnic.<\/p>\n<p><a href=\"http:\/\/gkvitkovice.cz\/wp-content\/uploads\/2019\/05\/ZOC-2019.png\"><img loading=\"lazy\" class=\"alignleft size-medium wp-image-2456\" src=\"http:\/\/gkvitkovice.cz\/wp-content\/uploads\/2019\/05\/ZOC-2019-300x300.png\" alt=\"\" width=\"300\" height=\"300\" srcset=\"https:\/\/gkvitkovice.cz\/wp-content\/uploads\/2019\/05\/ZOC-2019-300x300.png 300w, https:\/\/gkvitkovice.cz\/wp-content\/uploads\/2019\/05\/ZOC-2019-150x150.png 150w, https:\/\/gkvitkovice.cz\/wp-content\/uploads\/2019\/05\/ZOC-2019-768x768.png 768w, https:\/\/gkvitkovice.cz\/wp-content\/uploads\/2019\/05\/ZOC-2019-1024x1024.png 1024w, https:\/\/gkvitkovice.cz\/wp-content\/uploads\/2019\/05\/ZOC-2019.png 1050w\" sizes=\"(max-width: 300px) 100vw, 300px\" \/><\/a>Z\u00e1rove\u0148 v tomto z\u00e1vod\u011b prob\u00edhal vlo\u017een\u00fd z\u00e1vod, ve kter\u00e9m rakousk\u00e9 a \u0161v\u00fdcarsk\u00e9 gymnastky bojovaly o nominaci na nadch\u00e1zej\u00edc\u00ed Evropsk\u00fd olympijsk\u00fd festival ml\u00e1de\u017ee (EYOF) v Baku. V\u00fdkony t\u011bchto gymnastek dosahovaly nejvy\u0161\u0161\u00ed \u00farovn\u011b a bylo se opravdu na co d\u00edvat.<\/p>\n<p>Pro v\u0161echna d\u011bv\u010data to byla velmi cenn\u00e1 zku\u0161enost a tak\u00e9 prov\u011brka p\u0159ed nadch\u00e1zej\u00edc\u00edm Mistrovstv\u00edm \u010cesk\u00e9 republiky v T\u0159inci a v \u010cerno\u0161ic\u00edch. B\u011bhem pobytu jsme stihly kr\u00e1tkou proch\u00e1zku kolem kr\u00e1sn\u00e9ho jezera Zurich See.<\/p>\n<p>D\u011bkujeme za reprezentaci klubu a gratulujeme k v\u00fdsledk\u016fm.<\/p>\n<p>Fotky <a href=\"https:\/\/gkvitkovice.rajce.idnes.cz\/24._Zuri_Oberland_Cup%2C_Uster_Svycarsko_%2C_23.-26.5._2019\">ZDE<\/a><\/p>\n<p>V\u00fdsledky:\u00a0<a href=\"http:\/\/gkvitkovice.cz\/wp-content\/uploads\/2019\/05\/ZOC19-P2-Open.pdf\">ZOC19-P2-Open<\/a><\/p>\n<p><a href=\"http:\/\/gkvitkovice.cz\/wp-content\/uploads\/2019\/05\/ZOC19-P3-P4-2K-Int-FIG.pdf\">ZOC19-P3-P4-2K-Int-FIG<\/a><\/p>\n<p><em>(Monika Prutkayov\u00e1)<\/em><\/p>\n<div class=\"fb-like\" data-href=\"http:\/\/gkvitkovice.cz\/?p=2455\" data-width=\"\" data-layout=\"standard\" data-action=\"like\" data-size=\"small\" data-show-faces=\"true\" data-share=\"true\"><\/div>\n","protected":false},"excerpt":{"rendered":"<p><a href=\"http:\/\/gkvitkovice.cz\/wp-content\/uploads\/2019\/05\/61224239_2145455102237101_4352926621234102272_n.jpg\"><img loading=\"lazy\" class=\"alignleft size-medium wp-image-2460\" src=\"http:\/\/gkvitkovice.cz\/wp-content\/uploads\/2019\/05\/61224239_2145455102237101_4352926621234102272_n-225x300.jpg\" alt=\"\" width=\"225\" height=\"300\" srcset=\"https:\/\/gkvitkovice.cz\/wp-content\/uploads\/2019\/05\/61224239_2145455102237101_4352926621234102272_n-225x300.jpg 225w, https:\/\/gkvitkovice.cz\/wp-content\/uploads\/2019\/05\/61224239_2145455102237101_4352926621234102272_n-768x1024.jpg 768w, https:\/\/gkvitkovice.cz\/wp-content\/uploads\/2019\/05\/61224239_2145455102237101_4352926621234102272_n.jpg 1500w\" sizes=\"(max-width: 225px) 100vw, 225px\" \/><\/a>Na pozv\u00e1n\u00ed \u0161v\u00fdcarsk\u00e9ho klubu z Usteru jsme se\u00a0z\u00fa\u010dastnily velmi p\u011bkn\u00e9ho z\u00e1vodu s kvalitn\u00ed konkurenc\u00ed a velk\u00fdm mno\u017estv\u00edm z\u00e1vodnic z 9 st\u00e1t\u016f (\u010cesk\u00e1 republika, Spojen\u00e9 arabsk\u00e9 emir\u00e1ty, Velk\u00e1\u00a0Brit\u00e1nie, Turecko, Holandsko, N\u011bmecko, Rakousko, Belgie, \u0160v\u00fdcarsko).<\/p>\n","protected":false},"author":1,"featured_media":0,"comment_status":"closed","ping_status":"open","sticky":false,"template":"","format":"standard","meta":[],"categories":[14],"tags":[],"_links":{"self":[{"href":"https:\/\/gkvitkovice.cz\/index.php?rest_route=\/wp\/v2\/posts\/2455"}],"collection":[{"href":"https:\/\/gkvitkovice.cz\/index.php?rest_route=\/wp\/v2\/posts"}],"about":[{"href":"https:\/\/gkvitkovice.cz\/index.php?rest_route=\/wp\/v2\/types\/post"}],"author":[{"embeddable":true,"href":"https:\/\/gkvitkovice.cz\/index.php?rest_route=\/wp\/v2\/users\/1"}],"replies":[{"embeddable":true,"href":"https:\/\/gkvitkovice.cz\/index.php?rest_route=%2Fwp%2Fv2%2Fcomments&post=2455"}],"version-history":[{"count":8,"href":"https:\/\/gkvitkovice.cz\/index.php?rest_route=\/wp\/v2\/posts\/2455\/revisions"}],"predecessor-version":[{"id":2480,"href":"https:\/\/gkvitkovice.cz\/index.php?rest_route=\/wp\/v2\/posts\/2455\/revisions\/2480"}],"wp:attachment":[{"href":"https:\/\/gkvitkovice.cz\/index.php?rest_route=%2Fwp%2Fv2%2Fmedia&parent=2455"}],"wp:term":[{"taxonomy":"category","embeddable":true,"href":"https:\/\/gkvitkovice.cz\/index.php?rest_route=%2Fwp%2Fv2%2Fcategories&post=2455"},{"taxonomy":"post_tag","embeddable":true,"href":"https:\/\/gkvitkovice.cz\/index.php?rest_route=%2Fwp%2Fv2%2Ftags&post=2455"}],"curies":[{"name":"wp","href":"https:\/\/api.w.org\/{rel}","templated":true}]}}