{"id":2472,"date":"2019-05-30T10:45:18","date_gmt":"2019-05-30T10:45:18","guid":{"rendered":"http:\/\/gkvitkovice.cz\/?p=2472"},"modified":"2019-05-30T10:45:41","modified_gmt":"2019-05-30T10:45:41","slug":"prebor-mesta-ostravy-2019","status":"publish","type":"post","link":"https:\/\/gkvitkovice.cz\/?p=2472","title":{"rendered":"P\u0159ebor m\u011bsta Ostravy 2019"},"content":{"rendered":"<div id=\"fb-root\"><\/div>\n<p><script async defer crossorigin=\"anonymous\" src=\"https:\/\/connect.facebook.net\/cs_CZ\/sdk.js#xfbml=1&#038;version=v3.3\"><\/script><br \/>\n<a href=\"http:\/\/gkvitkovice.cz\/wp-content\/uploads\/2019\/05\/IMG_7557.jpg\"><img loading=\"lazy\" class=\"alignleft size-medium wp-image-2477\" src=\"http:\/\/gkvitkovice.cz\/wp-content\/uploads\/2019\/05\/IMG_7557-300x200.jpg\" alt=\"\" width=\"300\" height=\"200\" srcset=\"https:\/\/gkvitkovice.cz\/wp-content\/uploads\/2019\/05\/IMG_7557-300x200.jpg 300w, https:\/\/gkvitkovice.cz\/wp-content\/uploads\/2019\/05\/IMG_7557-768x512.jpg 768w, https:\/\/gkvitkovice.cz\/wp-content\/uploads\/2019\/05\/IMG_7557-1024x682.jpg 1024w, https:\/\/gkvitkovice.cz\/wp-content\/uploads\/2019\/05\/IMG_7557.jpg 2000w\" sizes=\"(max-width: 300px) 100vw, 300px\" \/><\/a>Dne 19. 5. 2019 se v na\u0161\u00ed t\u011blocvi\u010dn\u011b konal P\u0159ebor m\u011bsta Ostravy. I na tomto z\u00e1vod\u011b se na\u0161im d\u011bv\u010dat\u016fm velmi da\u0159ilo a t\u00e9m\u011b\u0159 v ka\u017ed\u00e9 kategorii, ve kter\u00e9 jsme m\u011bli zastoupen\u00ed, se n\u00e1m poda\u0159ilo vybojovat n\u011bkter\u00fd z cenn\u00fdch kov\u016f.<\/p>\n<p>Nejl\u00e9pe se da\u0159ilo n\u00e1sleduj\u00edc\u00edm z\u00e1vodnic\u00edm:<\/p>\n<p><em>Za\u010d\u00ednaj\u00edc\u00ed \u017e\u00e1kyn\u011b A &#8211;\u00a0<\/em>1. m\u00edsto <strong>Frederika Prutkayov\u00e1<\/strong>, 2. m\u00edsto <strong>S\u00e1ra K\u0159i\u017eo\u0161\u010d\u00e1kov\u00e1<\/strong>, 3. m\u00edsto <strong>Marie Pokorn\u00e1<\/strong><\/p>\n<p><em>VS0A\u00a0&#8211; <\/em>1. m\u00edsto <strong>Liliana Mlyn\u00e1\u0159ov\u00e1<\/strong>, 2. m\u00edsto <strong>Kl\u00e1ra Pape\u017eov\u00e1<\/strong>, 3. m\u00edsto <strong>Zoe Laura Kol\u00e1\u0159ov\u00e1<\/strong><\/p>\n<p><em>VS1A &#8211;\u00a0<\/em>1. m\u00edsto\u00a0<strong>Ad\u00e9la Chudov\u00e1<\/strong>, 2. m\u00edsto\u00a0<strong>Linda Rakov\u00e1<\/strong>, 3. m\u00edsto\u00a0<strong>Julie Biolkov\u00e1<\/strong><\/p>\n<p><em>VS2A &#8211;\u00a0<\/em>1. m\u00edsto\u00a0<strong>Ad\u00e9la Nykodymov\u00e1<\/strong>, 2. m\u00edsto\u00a0<strong>Kate\u0159ina B\u00e1rtkov\u00e1<\/strong><\/p>\n<p><em>VS3A &#8211;\u00a0<\/em>2. m\u00edsto\u00a0<strong>Aneta Nykodymov\u00e1<\/strong><\/p>\n<p><em>VS5A &#8211;\u00a0<\/em>1. m\u00edsto <strong>Nela \u0160t\u011bpandov\u00e1<\/strong>, 2. m\u00edsto <strong>Karla Adam\u00edkov\u00e1<\/strong><\/p>\n<p><em>VS1B &#8211;\u00a0<\/em>1. m\u00edsto\u00a0<strong>Aneta Nen\u00ed\u010dkov\u00e1<\/strong>, 2. m\u00edsto\u00a0<strong>Sofia Smel\u00edkov\u00e1<\/strong>, 3. m\u00edsto\u00a0<strong>Sofie \u010cechov\u00e1<\/strong><\/p>\n<p><em>VS4B &#8211;\u00a0<\/em>1. m\u00edsto\u00a0<strong>Ad\u00e9la \u010c\u00e1pov\u00e1<\/strong>, 2. m\u00edsto\u00a0<strong>Klaudie Hynek<\/strong><\/p>\n<p><em>VS5B &#8211;\u00a0<\/em>1. m\u00edsto\u00a0<strong>Anna Kr\u00fdsov\u00e1<\/strong><\/p>\n<p><em>VS6B &#8211; <\/em>1. m\u00edsto\u00a0<strong>Lenka Jaskovi\u010dov\u00e1<\/strong><\/p>\n<p><em>VS4C &#8211;\u00a0<\/em>1. m\u00edsto\u00a0<strong>Veronika Koci\u00e1nov\u00e1<\/strong>, 2. m\u00edsto\u00a0<strong>Ella Kosteleck\u00e1<\/strong>, 3. m\u00edsto\u00a0<strong>Simona Kaczorov\u00e1<\/strong><\/p>\n<p><em>VS5C &#8211;\u00a0<\/em>1. m\u00edsto\u00a0<strong>Friedrichov\u00e1 Dominika<\/strong>, 2. m\u00edsto\u00a0<strong>Ad\u00e9la Zdvihalov\u00e1<\/strong>, 3. m\u00edsto\u00a0<strong>Viktorie Kov\u00e1\u0159ov\u00e1<\/strong><\/p>\n<p><em>VS6C &#8211;\u00a0<\/em>1. m\u00edsto\u00a0<strong>Nat\u00e1lie Najdekov\u00e1<\/strong><\/p>\n<p>I ostatn\u00ed d\u011bv\u010data v\u0161ak obsadila kr\u00e1sn\u00e1 m\u00edsta a proto pat\u0159\u00ed gratulace v\u0161em z\u00e1vodnic\u00edm a samoz\u0159ejm\u011b i tren\u00e9r\u016fm.<\/p>\n<p>Fotky <a href=\"https:\/\/gkvitkovice.rajce.idnes.cz\/Mestsky_prebor_19.5._2019\">ZDE<\/a><\/p>\n<p>V\u00fdsledky:\u00a0<a href=\"http:\/\/gkvitkovice.cz\/wp-content\/uploads\/2019\/05\/Vysledky_MP2019.xlsx\">Vysledky_MP2019<\/a><\/p>\n<p><em>(Barbora Uhrov\u00e1)<\/em><\/p>\n<div class=\"fb-like\" data-href=\"http:\/\/gkvitkovice.cz\/?p=2472\" data-width=\"\" data-layout=\"standard\" data-action=\"like\" data-size=\"small\" data-show-faces=\"true\" data-share=\"true\"><\/div>\n","protected":false},"excerpt":{"rendered":"<p><a href=\"http:\/\/gkvitkovice.cz\/wp-content\/uploads\/2019\/05\/IMG_7557.jpg\"><img loading=\"lazy\" class=\"alignleft size-medium wp-image-2477\" src=\"http:\/\/gkvitkovice.cz\/wp-content\/uploads\/2019\/05\/IMG_7557-300x200.jpg\" alt=\"\" width=\"300\" height=\"200\" srcset=\"https:\/\/gkvitkovice.cz\/wp-content\/uploads\/2019\/05\/IMG_7557-300x200.jpg 300w, https:\/\/gkvitkovice.cz\/wp-content\/uploads\/2019\/05\/IMG_7557-768x512.jpg 768w, https:\/\/gkvitkovice.cz\/wp-content\/uploads\/2019\/05\/IMG_7557-1024x682.jpg 1024w, https:\/\/gkvitkovice.cz\/wp-content\/uploads\/2019\/05\/IMG_7557.jpg 2000w\" sizes=\"(max-width: 300px) 100vw, 300px\" \/><\/a>Dne 19. 5. 2019 se v na\u0161\u00ed t\u011blocvi\u010dn\u011b konal P\u0159ebor m\u011bsta Ostravy.<\/p>\n","protected":false},"author":1,"featured_media":0,"comment_status":"closed","ping_status":"open","sticky":false,"template":"","format":"standard","meta":[],"categories":[14],"tags":[],"_links":{"self":[{"href":"https:\/\/gkvitkovice.cz\/index.php?rest_route=\/wp\/v2\/posts\/2472"}],"collection":[{"href":"https:\/\/gkvitkovice.cz\/index.php?rest_route=\/wp\/v2\/posts"}],"about":[{"href":"https:\/\/gkvitkovice.cz\/index.php?rest_route=\/wp\/v2\/types\/post"}],"author":[{"embeddable":true,"href":"https:\/\/gkvitkovice.cz\/index.php?rest_route=\/wp\/v2\/users\/1"}],"replies":[{"embeddable":true,"href":"https:\/\/gkvitkovice.cz\/index.php?rest_route=%2Fwp%2Fv2%2Fcomments&post=2472"}],"version-history":[{"count":5,"href":"https:\/\/gkvitkovice.cz\/index.php?rest_route=\/wp\/v2\/posts\/2472\/revisions"}],"predecessor-version":[{"id":2479,"href":"https:\/\/gkvitkovice.cz\/index.php?rest_route=\/wp\/v2\/posts\/2472\/revisions\/2479"}],"wp:attachment":[{"href":"https:\/\/gkvitkovice.cz\/index.php?rest_route=%2Fwp%2Fv2%2Fmedia&parent=2472"}],"wp:term":[{"taxonomy":"category","embeddable":true,"href":"https:\/\/gkvitkovice.cz\/index.php?rest_route=%2Fwp%2Fv2%2Fcategories&post=2472"},{"taxonomy":"post_tag","embeddable":true,"href":"https:\/\/gkvitkovice.cz\/index.php?rest_route=%2Fwp%2Fv2%2Ftags&post=2472"}],"curies":[{"name":"wp","href":"https:\/\/api.w.org\/{rel}","templated":true}]}}