{"id":2489,"date":"2019-06-13T06:39:08","date_gmt":"2019-06-13T06:39:08","guid":{"rendered":"http:\/\/gkvitkovice.cz\/?p=2489"},"modified":"2019-06-13T06:40:11","modified_gmt":"2019-06-13T06:40:11","slug":"mistrovstvi-ceske-republiky-2019","status":"publish","type":"post","link":"https:\/\/gkvitkovice.cz\/?p=2489","title":{"rendered":"Mistrovstv\u00ed \u010cesk\u00e9 republiky 2019"},"content":{"rendered":"<div id=\"fb-root\"><\/div>\n<p><script async defer crossorigin=\"anonymous\" src=\"https:\/\/connect.facebook.net\/cs_CZ\/sdk.js#xfbml=1&#038;version=v3.3\"><\/script><br \/>\n<a href=\"http:\/\/gkvitkovice.cz\/wp-content\/uploads\/2019\/06\/61504862_2384853874869358_6103270908414132224_n.jpg\"><img loading=\"lazy\" class=\"alignleft size-medium wp-image-2490\" src=\"http:\/\/gkvitkovice.cz\/wp-content\/uploads\/2019\/06\/61504862_2384853874869358_6103270908414132224_n-300x225.jpg\" alt=\"\" width=\"300\" height=\"225\" srcset=\"https:\/\/gkvitkovice.cz\/wp-content\/uploads\/2019\/06\/61504862_2384853874869358_6103270908414132224_n-300x225.jpg 300w, https:\/\/gkvitkovice.cz\/wp-content\/uploads\/2019\/06\/61504862_2384853874869358_6103270908414132224_n-768x576.jpg 768w, https:\/\/gkvitkovice.cz\/wp-content\/uploads\/2019\/06\/61504862_2384853874869358_6103270908414132224_n.jpg 960w\" sizes=\"(max-width: 300px) 100vw, 300px\" \/><\/a>Leto\u0161n\u00ed M-\u010cR\u00a0 mistrovsk\u00e9 t\u0159\u00eddy se konalo ve dnech 1. &#8211; 2. 6. 2019 v T\u0159inci v Hale Stars.V kategorii juniorek jsme m\u011bli dvoj\u00ed zastoupen\u00ed, a to <strong>Karlu Adam\u00edkovou<\/strong> \u00a0a <strong>Nelu \u0160t\u011bpandovou<\/strong>.<\/p>\n<p>Nela, p\u0159esto\u017ee pat\u0159ila k\u00a0nejmlad\u0161\u00edm z\u00e1vodnic\u00edm v\u00a0kategorii juniorek A, nastoupila k\u00a0z\u00e1vodu s\u00a0velk\u00fdm odhodl\u00e1n\u00edm. Z\u00e1vod zahajovala na kladin\u011b, kde se v\u0161ak nevyhnula dv\u011bma hrub\u00fdm chyb\u00e1m v\u00a0\u00favodu sestavy, kdy\u017e se j\u00ed nepovedl n\u00e1skok saltem toporn\u011b vzad na kladinu a n\u00e1sledn\u011b akrobatick\u00e1 \u0159ada se saltem toporn\u011b na 1 nohu. Zbytek sestavy u\u017e pak Nela zacvi\u010dila bez v\u011bt\u0161\u00edch chyb a obdr\u017eela zn\u00e1mku 10,35 bodu z\u00a0nejvy\u0161\u0161\u00ed v\u00fdchoz\u00ed zn\u00e1mky na tomto n\u00e1\u0159ad\u00ed \u2013 4,90 bodu. Zav\u00e1h\u00e1n\u00ed v\u00a0\u00favodu z\u00e1vodu nevzalo Nele chu\u0165 bojovat o p\u0159edn\u00ed um\u00edst\u011bn\u00ed, co\u017e dok\u00e1zala hned na prostn\u00fdch, kdy\u017e zacvi\u010dila kr\u00e1snou sestavu s\u00a0dvojn\u00fdm saltem vzad a z\u00edskala nejvy\u0161\u0161\u00ed hodnocen\u00ed 12,70 bodu. Na p\u0159eskoku pak p\u0159edvedla standardn\u00ed v\u00fdkon a obdr\u017eela zn\u00e1mku 12,03 bodu. Na posledn\u00edm n\u00e1\u0159ad\u00ed z\u00e1vodu op\u011bt dominovala sv\u00fdm v\u00fdkonem a s\u00a0druhou nejvy\u0161\u0161\u00ed zn\u00e1mkou na tomto n\u00e1\u0159ad\u00ed se kvalifikovala do ned\u011bln\u00edho fin\u00e1le. Celkov\u011b se p\u0159i sv\u00e9m prvn\u00edm startu v\u00a0t\u00e9to kategorii um\u00edstila na velmi p\u011bkn\u00e9m 7. m\u00edst\u011b a krom\u011b bradel se je\u0161t\u011b kvalifikovala do fin\u00e1le na p\u0159eskoku a na prostn\u00fdch.\u00a0 K\u00e1ja Adam\u00edkov\u00e1 p\u0159edvedla solidn\u00ed v\u00fdkon na 3 n\u00e1\u0159ad\u00edch, bohu\u017eel se nevyhnula 2 p\u00e1d\u016fm na kladin\u011b a celkov\u011b obsadila 19. m\u00edsto.<\/p>\n<p>Do ned\u011bln\u00edho fin\u00e1le nastupovala Nela s\u00a0velkou \u0161anc\u00ed na medailov\u00e9 um\u00edst\u011bn\u00ed na bradlech a prostn\u00fdch. Bradla zacvi\u010dila stejn\u011b jako v\u00a0sobotu velmi p\u011bkn\u011b a stala se Mistryn\u00ed \u010cR pro tento rok. Na prostn\u00fdch bylo fin\u00e1le velmi vyrovnan\u00e9, a p\u0159esto\u017ee Nela zacvi\u010dila op\u011bt zda\u0159ilou sestavu, medailov\u00e9 um\u00edst\u011bn\u00ed ji uteklo o 0,025 bodu. Ve fin\u00e1le na p\u0159eskoku pak je\u0161t\u011b p\u0159idala 5. m\u00edsto.<\/p>\n<p>P\u0159\u00edprava na leto\u0161n\u00ed mistrovstv\u00ed \u010cR neprob\u00edhala optim\u00e1ln\u011b, Nela se v\u00a0posledn\u00edch m\u011bs\u00edc\u00edch pot\u00fdkala se zran\u011bn\u00edmi, ale jej\u00ed vystoupen\u00ed na leto\u0161n\u00edm mistrovstv\u00ed je ur\u010dit\u011b p\u0159\u00edslibem do dal\u0161\u00edch let.<\/p>\n<p>Holk\u00e1m gratulujeme k p\u011bkn\u00fdm v\u00fdsledk\u016fm a d\u011bkujeme jim i tren\u00e9rk\u00e1m za p\u0159\u00edpravu a reprezentaci klubu.<\/p>\n<p>Fotky <a href=\"https:\/\/gkvitkovice.rajce.idnes.cz\/MCR_1.-2.6._2019%2C_Trinec\">ZDE<\/a><\/p>\n<p>V\u00fdsledky v\u00edceboje <a href=\"http:\/\/www.gymfed.cz\/vysledky\/detail\/1370\">ZDE\u00a0<\/a><\/p>\n<p>V\u00fdsledky fin\u00e1le <a href=\"http:\/\/www.gymfed.cz\/vysledky\/detail\/1626?kategorie=3421\">ZDE<\/a><\/p>\n<p><em>(Monika Prutkayov\u00e1)<\/em><\/p>\n<div class=\"fb-like\" data-href=\"http:\/\/gkvitkovice.cz\/?p=2489\" data-width=\"\" data-layout=\"standard\" data-action=\"like\" data-size=\"small\" data-show-faces=\"true\" data-share=\"true\"><\/div>\n","protected":false},"excerpt":{"rendered":"<p><a href=\"http:\/\/gkvitkovice.cz\/wp-content\/uploads\/2019\/06\/61504862_2384853874869358_6103270908414132224_n.jpg\"><img loading=\"lazy\" class=\"alignleft size-medium wp-image-2490\" src=\"http:\/\/gkvitkovice.cz\/wp-content\/uploads\/2019\/06\/61504862_2384853874869358_6103270908414132224_n-300x225.jpg\" alt=\"\" width=\"300\" height=\"225\" srcset=\"https:\/\/gkvitkovice.cz\/wp-content\/uploads\/2019\/06\/61504862_2384853874869358_6103270908414132224_n-300x225.jpg 300w, https:\/\/gkvitkovice.cz\/wp-content\/uploads\/2019\/06\/61504862_2384853874869358_6103270908414132224_n-768x576.jpg 768w, https:\/\/gkvitkovice.cz\/wp-content\/uploads\/2019\/06\/61504862_2384853874869358_6103270908414132224_n.jpg 960w\" sizes=\"(max-width: 300px) 100vw, 300px\" \/><\/a>Leto\u0161n\u00ed M-\u010cR\u00a0 mistrovsk\u00e9 t\u0159\u00eddy se konalo ve dnech 1. &#8211; 2. 6. 2019 v T\u0159inci v Hale Stars.<\/p>\n","protected":false},"author":1,"featured_media":0,"comment_status":"closed","ping_status":"open","sticky":false,"template":"","format":"standard","meta":[],"categories":[14],"tags":[],"_links":{"self":[{"href":"https:\/\/gkvitkovice.cz\/index.php?rest_route=\/wp\/v2\/posts\/2489"}],"collection":[{"href":"https:\/\/gkvitkovice.cz\/index.php?rest_route=\/wp\/v2\/posts"}],"about":[{"href":"https:\/\/gkvitkovice.cz\/index.php?rest_route=\/wp\/v2\/types\/post"}],"author":[{"embeddable":true,"href":"https:\/\/gkvitkovice.cz\/index.php?rest_route=\/wp\/v2\/users\/1"}],"replies":[{"embeddable":true,"href":"https:\/\/gkvitkovice.cz\/index.php?rest_route=%2Fwp%2Fv2%2Fcomments&post=2489"}],"version-history":[{"count":2,"href":"https:\/\/gkvitkovice.cz\/index.php?rest_route=\/wp\/v2\/posts\/2489\/revisions"}],"predecessor-version":[{"id":2492,"href":"https:\/\/gkvitkovice.cz\/index.php?rest_route=\/wp\/v2\/posts\/2489\/revisions\/2492"}],"wp:attachment":[{"href":"https:\/\/gkvitkovice.cz\/index.php?rest_route=%2Fwp%2Fv2%2Fmedia&parent=2489"}],"wp:term":[{"taxonomy":"category","embeddable":true,"href":"https:\/\/gkvitkovice.cz\/index.php?rest_route=%2Fwp%2Fv2%2Fcategories&post=2489"},{"taxonomy":"post_tag","embeddable":true,"href":"https:\/\/gkvitkovice.cz\/index.php?rest_route=%2Fwp%2Fv2%2Ftags&post=2489"}],"curies":[{"name":"wp","href":"https:\/\/api.w.org\/{rel}","templated":true}]}}