{"id":2494,"date":"2019-06-14T08:25:05","date_gmt":"2019-06-14T08:25:05","guid":{"rendered":"http:\/\/gkvitkovice.cz\/?p=2494"},"modified":"2019-06-14T08:25:35","modified_gmt":"2019-06-14T08:25:35","slug":"prebor-moravskoslezskeho-kraje-2019-2","status":"publish","type":"post","link":"https:\/\/gkvitkovice.cz\/?p=2494","title":{"rendered":"P\u0159ebor Moravskoslezsk\u00e9ho kraje 2019"},"content":{"rendered":"<div id=\"fb-root\"><\/div>\n<p><script async defer crossorigin=\"anonymous\" src=\"https:\/\/connect.facebook.net\/cs_CZ\/sdk.js#xfbml=1&#038;version=v3.3\"><\/script><br \/>\n<a href=\"http:\/\/gkvitkovice.cz\/wp-content\/uploads\/2019\/06\/IMG-20190608-WA0009.jpg\"><img loading=\"lazy\" class=\"alignleft size-medium wp-image-2495\" src=\"http:\/\/gkvitkovice.cz\/wp-content\/uploads\/2019\/06\/IMG-20190608-WA0009-290x300.jpg\" alt=\"\" width=\"290\" height=\"300\" srcset=\"https:\/\/gkvitkovice.cz\/wp-content\/uploads\/2019\/06\/IMG-20190608-WA0009-290x300.jpg 290w, https:\/\/gkvitkovice.cz\/wp-content\/uploads\/2019\/06\/IMG-20190608-WA0009-768x795.jpg 768w, https:\/\/gkvitkovice.cz\/wp-content\/uploads\/2019\/06\/IMG-20190608-WA0009-989x1024.jpg 989w, https:\/\/gkvitkovice.cz\/wp-content\/uploads\/2019\/06\/IMG-20190608-WA0009.jpg 1546w\" sizes=\"(max-width: 290px) 100vw, 290px\" \/><\/a>V sobotu 8. 6. 2019 se v na\u0161\u00ed t\u011blocvi\u010dn\u011b konal P\u0159ebor Moravskoslezsk\u00e9ho kraje, kter\u00fd byl z\u00e1rove\u0148 kvalifika\u010dn\u00edm z\u00e1vodem na nadch\u00e1zej\u00edc\u00ed Mistrovstv\u00ed \u010cR, kter\u00e9 se bude konat v \u010derno\u0161ick\u00e9 hale V\u011bry \u010c\u00e1slavsk\u00e9 v term\u00ednu 21. &#8211; 23. 6. 2019.<\/p>\n<p>Na\u0161e d\u011bv\u010data op\u011bt p\u0159edvedla skv\u011bl\u00e9 v\u00fdkony, ve v\u011bt\u0161in\u011b kategori\u00ed, ve kter\u00fdch jsme m\u011bli zastoupen\u00ed, se n\u00e1m poda\u0159ilo vybojovat zlatou medaili!<\/p>\n<p>Nejlep\u0161\u00ed v\u00fdkony p\u0159edvedly a na M\u010cR si tak zajistily \u00fa\u010dast:<\/p>\n<p><em>VS1A &#8211;\u00a0<\/em>1. m\u00edsto\u00a0<strong>Ad\u00e9la Chudov\u00e1<\/strong>, 2. m\u00edsto\u00a0<strong>Linda Rakov\u00e1<\/strong>, 3. m\u00edsto\u00a0<strong>Julie Biolkov\u00e1<\/strong>, 4. m\u00edsto\u00a0<strong>Barbora Skotnicov\u00e1<\/strong><\/p>\n<p><em>VS2A &#8211;\u00a0<\/em>1. m\u00edsto\u00a0<strong>Ad\u00e9la Nykodymov\u00e1<\/strong><\/p>\n<p><em>VS3A &#8211;\u00a0<\/em>4. m\u00edsto\u00a0<strong>Aneta Nykodymov\u00e1<\/strong><\/p>\n<p><em>VS4B &#8211;\u00a0<\/em>1. m\u00edsto\u00a0<strong>Klaudie Hynek<\/strong>, 2. m\u00edsto\u00a0<strong>Ad\u00e9la \u010c\u00e1pov\u00e1<\/strong>, 6. m\u00edsto\u00a0<strong>Nat\u00e1lie Papou\u0161kov\u00e1<\/strong>, 9. m\u00edsto\u00a0<strong>Ella Kosteleck\u00e1<\/strong><\/p>\n<p><em>VS5B &#8211;\u00a0<\/em>6. m\u00edsto\u00a0<strong>Anna Kr\u00fdsov\u00e1<\/strong><\/p>\n<p><em>VS6B &#8211;\u00a0<\/em>1. m\u00edsto\u00a0<strong>Lenka Jaskovi\u010dov\u00e1<\/strong><\/p>\n<p>&nbsp;<\/p>\n<p><a href=\"http:\/\/gkvitkovice.cz\/wp-content\/uploads\/2019\/06\/IMG-20190608-WA0008.jpg\"><img loading=\"lazy\" class=\"alignleft size-medium wp-image-2496\" src=\"http:\/\/gkvitkovice.cz\/wp-content\/uploads\/2019\/06\/IMG-20190608-WA0008-255x300.jpg\" alt=\"\" width=\"255\" height=\"300\" srcset=\"https:\/\/gkvitkovice.cz\/wp-content\/uploads\/2019\/06\/IMG-20190608-WA0008-255x300.jpg 255w, https:\/\/gkvitkovice.cz\/wp-content\/uploads\/2019\/06\/IMG-20190608-WA0008-768x904.jpg 768w, https:\/\/gkvitkovice.cz\/wp-content\/uploads\/2019\/06\/IMG-20190608-WA0008-870x1024.jpg 870w, https:\/\/gkvitkovice.cz\/wp-content\/uploads\/2019\/06\/IMG-20190608-WA0008.jpg 1058w\" sizes=\"(max-width: 255px) 100vw, 255px\" \/><\/a>V nepostupov\u00fdch kategori\u00edch se nejl\u00e9pe da\u0159ilo:<\/p>\n<p><em>VS2B<\/em> &#8211; 1. m\u00edsto\u00a0<strong>Simona Kaczorov\u00e1<\/strong>, 2. m\u00edsto\u00a0<strong>Veronika Koci\u00e1nov\u00e1<\/strong>, 3. m\u00edsto\u00a0<strong>Viktorie Kov\u00e1\u0159ov\u00e1<\/strong><\/p>\n<p>VS4C &#8211;\u00a01. m\u00edsto\u00a0<strong>Roz\u00e1lie O\u017eanov\u00e1<\/strong>, 2. m\u00edsto\u00a0<strong>Tereza Gromnicov\u00e1<\/strong>, 3. m\u00edsto\u00a0<strong>Dominika Friedrichov\u00e1<\/strong><\/p>\n<p>&nbsp;<\/p>\n<p>V\u0161em z\u00e1vodnic\u00edm i tren\u00e9r\u016fm gratulujeme a p\u0159ejeme mnoho \u0161t\u011bst\u00ed na nadch\u00e1zej\u00edc\u00edm Mistrovstv\u00ed \u010cesk\u00e9 republiky!<\/p>\n<p>Fotky <a href=\"https:\/\/gkvitkovice.rajce.idnes.cz\/Prebor_Moravskoslezskeho_kraje%2C_Ostrava%2C_8.6.2019\">ZDE<\/a><\/p>\n<p>V\u00fdsledky <a href=\"http:\/\/www.gymfed.cz\/vysledky\/detail\/1623?kategorie=3389\">ZDE<\/a><\/p>\n<p><em>(Barbora Uhrov\u00e1)<\/em><\/p>\n<div class=\"fb-like\" data-href=\"http:\/\/gkvitkovice.cz\/?p=2494\" data-width=\"\" data-layout=\"standard\" data-action=\"like\" data-size=\"small\" data-show-faces=\"true\" data-share=\"true\"><\/div>\n","protected":false},"excerpt":{"rendered":"<p><a href=\"http:\/\/gkvitkovice.cz\/wp-content\/uploads\/2019\/06\/IMG-20190608-WA0009.jpg\"><img loading=\"lazy\" class=\"alignleft size-medium wp-image-2495\" src=\"http:\/\/gkvitkovice.cz\/wp-content\/uploads\/2019\/06\/IMG-20190608-WA0009-290x300.jpg\" alt=\"\" width=\"290\" height=\"300\" srcset=\"https:\/\/gkvitkovice.cz\/wp-content\/uploads\/2019\/06\/IMG-20190608-WA0009-290x300.jpg 290w, https:\/\/gkvitkovice.cz\/wp-content\/uploads\/2019\/06\/IMG-20190608-WA0009-768x795.jpg 768w, https:\/\/gkvitkovice.cz\/wp-content\/uploads\/2019\/06\/IMG-20190608-WA0009-989x1024.jpg 989w, https:\/\/gkvitkovice.cz\/wp-content\/uploads\/2019\/06\/IMG-20190608-WA0009.jpg 1546w\" sizes=\"(max-width: 290px) 100vw, 290px\" \/><\/a>V sobotu 8. 6. 2019 se v na\u0161\u00ed t\u011blocvi\u010dn\u011b konal P\u0159ebor Moravskoslezsk\u00e9ho kraje, kter\u00fd byl z\u00e1rove\u0148 kvalifika\u010dn\u00edm z\u00e1vodem na nadch\u00e1zej\u00edc\u00ed Mistrovstv\u00ed \u010cR, kter\u00e9 se bude konat v \u010derno\u0161ick\u00e9 hale V\u011bry \u010c\u00e1slavsk\u00e9 v term\u00ednu 21. &#8211; 23. 6. 2019.<\/p>\n","protected":false},"author":1,"featured_media":0,"comment_status":"closed","ping_status":"open","sticky":false,"template":"","format":"standard","meta":[],"categories":[14],"tags":[],"_links":{"self":[{"href":"https:\/\/gkvitkovice.cz\/index.php?rest_route=\/wp\/v2\/posts\/2494"}],"collection":[{"href":"https:\/\/gkvitkovice.cz\/index.php?rest_route=\/wp\/v2\/posts"}],"about":[{"href":"https:\/\/gkvitkovice.cz\/index.php?rest_route=\/wp\/v2\/types\/post"}],"author":[{"embeddable":true,"href":"https:\/\/gkvitkovice.cz\/index.php?rest_route=\/wp\/v2\/users\/1"}],"replies":[{"embeddable":true,"href":"https:\/\/gkvitkovice.cz\/index.php?rest_route=%2Fwp%2Fv2%2Fcomments&post=2494"}],"version-history":[{"count":2,"href":"https:\/\/gkvitkovice.cz\/index.php?rest_route=\/wp\/v2\/posts\/2494\/revisions"}],"predecessor-version":[{"id":2498,"href":"https:\/\/gkvitkovice.cz\/index.php?rest_route=\/wp\/v2\/posts\/2494\/revisions\/2498"}],"wp:attachment":[{"href":"https:\/\/gkvitkovice.cz\/index.php?rest_route=%2Fwp%2Fv2%2Fmedia&parent=2494"}],"wp:term":[{"taxonomy":"category","embeddable":true,"href":"https:\/\/gkvitkovice.cz\/index.php?rest_route=%2Fwp%2Fv2%2Fcategories&post=2494"},{"taxonomy":"post_tag","embeddable":true,"href":"https:\/\/gkvitkovice.cz\/index.php?rest_route=%2Fwp%2Fv2%2Ftags&post=2494"}],"curies":[{"name":"wp","href":"https:\/\/api.w.org\/{rel}","templated":true}]}}