{"id":2533,"date":"2019-07-09T06:30:52","date_gmt":"2019-07-09T06:30:52","guid":{"rendered":"http:\/\/gkvitkovice.cz\/?p=2533"},"modified":"2019-07-09T06:31:21","modified_gmt":"2019-07-09T06:31:21","slug":"hry-ix-olympiady-deti-a-mladeze-2019","status":"publish","type":"post","link":"https:\/\/gkvitkovice.cz\/?p=2533","title":{"rendered":"Hry IX. Olympi\u00e1dy d\u011bt\u00ed a ml\u00e1de\u017ee 2019"},"content":{"rendered":"<div id=\"fb-root\"><\/div>\n<p><script async defer crossorigin=\"anonymous\" src=\"https:\/\/connect.facebook.net\/cs_CZ\/sdk.js#xfbml=1&#038;version=v3.3\"><\/script><br \/>\n<a href=\"http:\/\/gkvitkovice.cz\/wp-content\/uploads\/2019\/07\/65650976_2389643047763903_5682293688827379712_n.jpg\"><img loading=\"lazy\" class=\"alignleft size-medium wp-image-2536\" src=\"http:\/\/gkvitkovice.cz\/wp-content\/uploads\/2019\/07\/65650976_2389643047763903_5682293688827379712_n-300x225.jpg\" alt=\"\" width=\"300\" height=\"225\" srcset=\"https:\/\/gkvitkovice.cz\/wp-content\/uploads\/2019\/07\/65650976_2389643047763903_5682293688827379712_n-300x225.jpg 300w, https:\/\/gkvitkovice.cz\/wp-content\/uploads\/2019\/07\/65650976_2389643047763903_5682293688827379712_n-768x576.jpg 768w, https:\/\/gkvitkovice.cz\/wp-content\/uploads\/2019\/07\/65650976_2389643047763903_5682293688827379712_n-1024x768.jpg 1024w, https:\/\/gkvitkovice.cz\/wp-content\/uploads\/2019\/07\/65650976_2389643047763903_5682293688827379712_n.jpg 2000w\" sizes=\"(max-width: 300px) 100vw, 300px\" \/><\/a>Ve dnech\u00a023. &#8211; 28. 6. 2019 se konaly v Libereck\u00e9m kraji Hry IX. Olympi\u00e1dy d\u011bt\u00ed a ml\u00e1de\u017ee. V ned\u011bli r\u00e1no vyrazila do Libereck\u00e9ho kraje v\u00fdprava sportovc\u016f kraje Moravskoslezsk\u00e9ho \u010d\u00edtaj\u00edc\u00ed bezm\u00e1la 300 mlad\u00fdch sportovc\u016f a tren\u00e9r\u016f.<\/p>\n<p>Na slavnostn\u00ed zah\u00e1jen\u00ed vedl na\u0161i v\u00fdpravu bronzov\u00fd olympionik a z\u00e1rove\u0148 tren\u00e9r na\u0161ich st\u0159elc\u016f Martin Tenk.<\/p>\n<p>Cel\u00fdm zahajovac\u00edm ceremoni\u00e1lem prov\u00e1zel zlat\u00fd olympionik Ale\u0161 Valenta a olympijsk\u00fd ohe\u0148 zap\u00e1lila Eva Samkov\u00e1. Na z\u00e1v\u011br si v\u0161ichni \u00fa\u010dastn\u00edci je\u0161t\u011b u\u017eili koncert zp\u011bv\u00e1ka Sebastiana a\u00a0od n\u00e1sleduj\u00edc\u00edho\u00a0r\u00e1na se v Liberci, Jablonci nad Nisou a Bed\u0159ichov\u011b ji\u017e naplno rozjela medailov\u00e1 kl\u00e1n\u00ed. Sout\u011b\u017eilo se celkem v osmn\u00e1cti sportech a jedn\u00e9 um\u011bleck\u00e9 discipl\u00edn\u011b \u2013 Street Artu.<\/p>\n<p>Sportovn\u00ed gymnastiku d\u00edvek\u00a0reprezentovalo dru\u017estvo ve slo\u017een\u00ed H\u00e1jkov\u00e1 Barbora, Piskov\u00e1 Eli\u0161ka (ob\u011b TJ Sokol Moravsk\u00e1 Ostrava 1), <strong>\u0160t\u011bpandov\u00e1 Nela<\/strong> (GK V\u00edtkovice) a Vlkov\u00e1 Alice (TJ Sokol Brno 1).<\/p>\n<p>Hned 2. den her byl na programu z\u00e1vod d\u00edvek, a to\u00a0v\u00edceboj jednotlivky\u0148 a z\u00e1vod dru\u017estev. D\u011bv\u010dat\u016fm se da\u0159ilo a\u017e na n\u00e1\u0159ad\u00ed pravdy, tzn. kladinu. Zde bohu\u017eel spadly t\u0159i ze \u010dty\u0159 z\u00e1vodnic a ztr\u00e1tu jsme nedok\u00e1zaly ji\u017e dohnat. I p\u0159esto n\u00e1s d\u011blilo od bronzov\u00e9 p\u0159\u00ed\u010dky pouze 0,85 b., co\u017e na z\u00e1vod dru\u017estev nen\u00ed velk\u00fd odskok. D\u011bv\u010data se tedy um\u00edstila na 4. m\u00edst\u011b, ale v konkurenci 13 dru\u017estev je to velmi p\u011bkn\u00fd v\u00fdsledek.<\/p>\n<p>V z\u00e1vod\u011b jednotlivky\u0148 se poda\u0159ilo na\u0161\u00ed Neld\u011b \u0160t\u011bpandov\u00e9 vystoupat na st\u0159\u00edbrnou pozici z 53 startuj\u00edc\u00edch d\u011bv\u010dat a z\u00e1rove\u0148 kvalifikovat do t\u0159\u00ed fin\u00e1le, bradla\u00a0s nejvy\u0161\u0161\u00ed zn\u00e1mkou, kladina\u00a0s t\u0159et\u00ed nejvy\u0161\u0161\u00ed zn\u00e1mkou a prostn\u00e1\u00a0s nejvy\u0161\u0161\u00ed zn\u00e1mkou. Velmi p\u011bkn\u00e9 11. m\u00edsto\u00a0obsadila Bar\u010da H\u00e1jkov\u00e1, kter\u00e1 se kvalifikovala i s p\u00e1dem ve v\u00edceboji\u00a0do fin\u00e1le na\u00a0kladinu. A shodn\u011b se um\u00edstila ob\u011b d\u011bv\u010data na\u0161eho dru\u017estva na 17. m\u00edst\u011b, Eli\u0161ka Piskov\u00e1 a Ali\u010dka Vlkov\u00e1, kter\u00e1 se kvalifikovala do fin\u00e1le na p\u0159eskoku a prostn\u00fdch.<\/p>\n<p>3. den her m\u011bla d\u011bv\u010data voln\u00fd den a byla fandit sportovn\u00edm gymnast\u016fm na\u0161eho kraje. Tren\u00e9rka Monika byla podpo\u0159it svou dal\u0161\u00ed sv\u011b\u0159enku <strong>Ad\u00e9lu \u010c\u00e1povou<\/strong>, kter\u00e1 reprezentovala n\u00e1\u0161 kraj ve skoc\u00edch na trampol\u00edn\u011b. Ad\u00e9lce se vyvedla prvn\u00ed sestava opravdu skv\u011ble, i p\u0159esto, \u017ee startovala v\u016fbec jako prvn\u00ed z\u00e1vodnice. Bohu\u017eel nervozita se podepsala na druh\u00e9, obt\u00ed\u017en\u011bj\u0161\u00ed \u00a0sestav\u011b, kterou nedokon\u010dila a um\u00edstila se na 36. m\u00edst\u011b, 7. m\u00edsto dru\u017estvo . Dal\u0161\u00edm z\u00e1vodn\u00edkem na\u0161eho klubu, kter\u00fd rovn\u011b\u017e startoval ve skoc\u00edch na trampol\u00edn\u011b za dru\u017estvo chlapc\u016f byl <strong>Honza Kaczor<\/strong>, kter\u00fd se um\u00edstil na 31. m\u00edst\u011b, 6. m\u00edsto dru\u017estvo.<\/p>\n<p>4. den prob\u00edhaly fin\u00e1lov\u00e9 z\u00e1vody. Jako prvn\u00ed se p\u0159edstavila Ali\u010dka, kter\u00e1 na p\u0159eskoku obh\u00e1jila 6. m\u00edsto z kvalifikace. Na bradlech jsme tajn\u011b myslely na medaili, jeliko\u017e Nelda m\u011bla v kvalifikaci nejvy\u0161\u0161\u00ed zn\u00e1mku spole\u010dn\u011b s pra\u017eskou z\u00e1vodnic\u00ed, bohu\u017eel Nelce se nezada\u0159il po\u010d\u00e1te\u010dn\u00ed obrat 360\u00b0 a p\u00e1d se odrazil ji\u017e na cel\u00e9 sestav\u011b, obsadila 8. m\u00edsto. Na kladin\u011b jsme m\u011bli dvoj\u00ed zastoupen\u00ed, a to Bar\u010du, kter\u00e1 opravdu zacvi\u010dila p\u011bkn\u011b, bez v\u011bt\u0161\u00edch chyb a zaslou\u017een\u011b z\u00edskala bronzovou medaili a Nel\u010du, kter\u00e1\u00a0bohu\u017eel neud\u011blala dv\u011b vazby,\u00a0kter\u00e9 se j\u00ed v kvalifikaci povedly a jedno v\u011bt\u0161\u00ed zav\u00e1h\u00e1n\u00ed, obsadila 5. m\u00edsto. Fin\u00e1lov\u00e9 prostn\u00e1 zacvi\u010dila Nelda moc hezky, bohu\u017eel s p\u0159e\u0161lapem, ale odvezla si i tak druhou st\u0159\u00edbrnou olympijskou placku. Dal\u0161\u00ed gymnastkou, kter\u00e1 se probojovala do fin\u00e1le z 6. m\u00edsta byla Ali\u010dka a jej\u00ed prostn\u00e1 se takt\u00e9\u017e velmi zda\u0159ily a sv\u00fdm cvi\u010den\u00edm si polep\u0161ila o dv\u011b m\u00edsta, bohu\u017eel na medaili nedos\u00e1hla a obsadila nepopul\u00e1rn\u00ed bramborovou pozici.<\/p>\n<p>D\u011bv\u010dat\u016fm bych r\u00e1da pod\u011bkovala za skv\u011blou reprezentaci kraje\u00a0\u00a0a v neposledn\u00ed \u0159ad\u011b jejich tren\u00e9rk\u00e1m\u00a0pod\u00edlej\u00edc\u00edch se na jejich p\u0159\u00edprav\u011b Blance Jur\u010dov\u00e9, Katce Vlkov\u00e9 a Pet\u0159e Drt\u00edlkov\u00e9 Cenkov\u00e9.<\/p>\n<p>5. den jsme m\u011bli u\u017e volno, kter\u00e9 jsme vyu\u017eili k n\u00e1v\u0161t\u011bv\u011b bl\u00edzk\u00e9 ZOO spole\u010dn\u011b s gymnastkami a gymnasty Jihomoravsk\u00e9ho kraje a Hlavn\u00edho m\u011bsta Prahy a odpoledne \u010dekalo medailisty z fin\u00e1lov\u00e9ho kl\u00e1n\u00ed\u00a0na jednotliv\u00fdch n\u00e1\u0159ad\u00edch slavnostn\u00ed ceremoni\u00e1l vedle Home Credit Ar\u00e9ny.<\/p>\n<p>6. den byl ji\u017e dnem odjezdov\u00fdm a v rann\u00edch hodin\u00e1ch ve\u0161ker\u00e9 v\u00fdpravy postupn\u011b odj\u00ed\u017ed\u011bly do sv\u00fdch domov\u016f.<\/p>\n<p>Byl to t\u00fdden pln\u00fd sportu, z\u00e1bavy a slun\u00ed\u010dka. U\u017eily jsme si i vody v bl\u00edzk\u00e9m rybn\u00edce, fand\u011bn\u00ed jin\u00fdm sportovc\u016fm z jin\u00fdch sportovn\u00edch odv\u011btv\u00ed. T\u011b\u0161\u00edme se na dal\u0161\u00ed, ji\u017e X. LODM,\u00a0o kter\u00e9 je\u0161t\u011b nen\u00ed zn\u00e1mo, kter\u00fd z kraj\u016f se ujme jej\u00edho po\u0159\u00e1d\u00e1n\u00ed\u00a0s p\u0159\u00e1n\u00edm, aby na programu byla i sportovn\u00ed gymnastika.<\/p>\n<p>Fotky <a href=\"https:\/\/gkvitkovice.rajce.idnes.cz\/Letni_olympiada_deti_a_mladeze%2C_Liberec%2C_23.-29.6._2019\">ZDE<\/a><\/p>\n<p>V\u00fdsledky:<\/p>\n<p><a href=\"http:\/\/gkvitkovice.cz\/wp-content\/uploads\/2019\/07\/divky_LODM_19.pdf\">divky_LODM_19<\/a><\/p>\n<p><a href=\"http:\/\/gkvitkovice.cz\/wp-content\/uploads\/2019\/07\/F_divky_LODM_19.pdf\">F_divky_LODM_19<\/a><\/p>\n<div class=\"fb-like\" data-href=\"http:\/\/gkvitkovice.cz\/?p=2533\" data-width=\"\" data-layout=\"standard\" data-action=\"like\" data-size=\"small\" data-show-faces=\"true\" data-share=\"true\"><\/div>\n","protected":false},"excerpt":{"rendered":"<p><a href=\"http:\/\/gkvitkovice.cz\/wp-content\/uploads\/2019\/07\/65650976_2389643047763903_5682293688827379712_n.jpg\"><img loading=\"lazy\" class=\"alignleft size-medium wp-image-2536\" src=\"http:\/\/gkvitkovice.cz\/wp-content\/uploads\/2019\/07\/65650976_2389643047763903_5682293688827379712_n-300x225.jpg\" alt=\"\" width=\"300\" height=\"225\" srcset=\"https:\/\/gkvitkovice.cz\/wp-content\/uploads\/2019\/07\/65650976_2389643047763903_5682293688827379712_n-300x225.jpg 300w, https:\/\/gkvitkovice.cz\/wp-content\/uploads\/2019\/07\/65650976_2389643047763903_5682293688827379712_n-768x576.jpg 768w, https:\/\/gkvitkovice.cz\/wp-content\/uploads\/2019\/07\/65650976_2389643047763903_5682293688827379712_n-1024x768.jpg 1024w, https:\/\/gkvitkovice.cz\/wp-content\/uploads\/2019\/07\/65650976_2389643047763903_5682293688827379712_n.jpg 2000w\" sizes=\"(max-width: 300px) 100vw, 300px\" \/><\/a>Ve dnech\u00a023. &#8211; 28. 6. 2019 se konaly v Libereck\u00e9m kraji Hry IX. Olympi\u00e1dy d\u011bt\u00ed a ml\u00e1de\u017ee.<\/p>\n","protected":false},"author":1,"featured_media":0,"comment_status":"closed","ping_status":"open","sticky":false,"template":"","format":"standard","meta":[],"categories":[14],"tags":[],"_links":{"self":[{"href":"https:\/\/gkvitkovice.cz\/index.php?rest_route=\/wp\/v2\/posts\/2533"}],"collection":[{"href":"https:\/\/gkvitkovice.cz\/index.php?rest_route=\/wp\/v2\/posts"}],"about":[{"href":"https:\/\/gkvitkovice.cz\/index.php?rest_route=\/wp\/v2\/types\/post"}],"author":[{"embeddable":true,"href":"https:\/\/gkvitkovice.cz\/index.php?rest_route=\/wp\/v2\/users\/1"}],"replies":[{"embeddable":true,"href":"https:\/\/gkvitkovice.cz\/index.php?rest_route=%2Fwp%2Fv2%2Fcomments&post=2533"}],"version-history":[{"count":2,"href":"https:\/\/gkvitkovice.cz\/index.php?rest_route=\/wp\/v2\/posts\/2533\/revisions"}],"predecessor-version":[{"id":2538,"href":"https:\/\/gkvitkovice.cz\/index.php?rest_route=\/wp\/v2\/posts\/2533\/revisions\/2538"}],"wp:attachment":[{"href":"https:\/\/gkvitkovice.cz\/index.php?rest_route=%2Fwp%2Fv2%2Fmedia&parent=2533"}],"wp:term":[{"taxonomy":"category","embeddable":true,"href":"https:\/\/gkvitkovice.cz\/index.php?rest_route=%2Fwp%2Fv2%2Fcategories&post=2533"},{"taxonomy":"post_tag","embeddable":true,"href":"https:\/\/gkvitkovice.cz\/index.php?rest_route=%2Fwp%2Fv2%2Ftags&post=2533"}],"curies":[{"name":"wp","href":"https:\/\/api.w.org\/{rel}","templated":true}]}}