{"id":2565,"date":"2019-08-17T14:19:58","date_gmt":"2019-08-17T14:19:58","guid":{"rendered":"http:\/\/gkvitkovice.cz\/?p=2565"},"modified":"2019-08-17T14:22:28","modified_gmt":"2019-08-17T14:22:28","slug":"wannado-festival-2019","status":"publish","type":"post","link":"https:\/\/gkvitkovice.cz\/?p=2565","title":{"rendered":"Wannado festival 2019"},"content":{"rendered":"<p><a href=\"http:\/\/gkvitkovice.cz\/wp-content\/uploads\/2019\/08\/wd-OVA_A4_nahled_1-01.png\"><img loading=\"lazy\" class=\"wp-image-2566 size-medium alignleft\" src=\"http:\/\/gkvitkovice.cz\/wp-content\/uploads\/2019\/08\/wd-OVA_A4_nahled_1-01-212x300.png\" alt=\"\" width=\"212\" height=\"300\" srcset=\"https:\/\/gkvitkovice.cz\/wp-content\/uploads\/2019\/08\/wd-OVA_A4_nahled_1-01-212x300.png 212w, https:\/\/gkvitkovice.cz\/wp-content\/uploads\/2019\/08\/wd-OVA_A4_nahled_1-01-768x1086.png 768w, https:\/\/gkvitkovice.cz\/wp-content\/uploads\/2019\/08\/wd-OVA_A4_nahled_1-01-724x1024.png 724w, https:\/\/gkvitkovice.cz\/wp-content\/uploads\/2019\/08\/wd-OVA_A4_nahled_1-01.png 1241w\" sizes=\"(max-width: 212px) 100vw, 212px\" \/><\/a>V sobotu 21. 9. 2019 se bude na M\u011bstsk\u00e9m stadionu v Ostrav\u011b konat Wannado festival, kter\u00e9ho se bude jako ka\u017ed\u00fd rok \u00fa\u010dastnit i n\u00e1\u0161 klub.<\/p>\n<p>P\u0159ij\u010fte se pod\u00edvat!!!<\/p>\n<p>V\u00edce informac\u00ed o festivalu <a href=\"https:\/\/www.wannadosports.com\/festival\/\">ZDE<\/a><\/p>\n","protected":false},"excerpt":{"rendered":"<p><a href=\"http:\/\/gkvitkovice.cz\/wp-content\/uploads\/2019\/08\/wd-OVA_A4_nahled_1-01.png\"><img loading=\"lazy\" class=\"wp-image-2566 size-medium alignleft\" src=\"http:\/\/gkvitkovice.cz\/wp-content\/uploads\/2019\/08\/wd-OVA_A4_nahled_1-01-212x300.png\" alt=\"\" width=\"212\" height=\"300\" srcset=\"https:\/\/gkvitkovice.cz\/wp-content\/uploads\/2019\/08\/wd-OVA_A4_nahled_1-01-212x300.png 212w, https:\/\/gkvitkovice.cz\/wp-content\/uploads\/2019\/08\/wd-OVA_A4_nahled_1-01-768x1086.png 768w, https:\/\/gkvitkovice.cz\/wp-content\/uploads\/2019\/08\/wd-OVA_A4_nahled_1-01-724x1024.png 724w, https:\/\/gkvitkovice.cz\/wp-content\/uploads\/2019\/08\/wd-OVA_A4_nahled_1-01.png 1241w\" sizes=\"(max-width: 212px) 100vw, 212px\" \/><\/a>V sobotu 21. 9. 2019 se bude na M\u011bstsk\u00e9m stadionu v Ostrav\u011b konat Wannado festival, kter\u00e9ho se bude jako ka\u017ed\u00fd rok \u00fa\u010dastnit i n\u00e1\u0161 klub.<\/p>\n<p>P\u0159ij\u010fte se pod\u00edvat!!!<\/p>\n<p>V\u00edce informac\u00ed o festivalu <a href=\"https:\/\/www.wannadosports.com\/festival\/\">ZDE<\/a><\/p>\n","protected":false},"author":1,"featured_media":0,"comment_status":"closed","ping_status":"open","sticky":false,"template":"","format":"standard","meta":[],"categories":[14],"tags":[],"_links":{"self":[{"href":"https:\/\/gkvitkovice.cz\/index.php?rest_route=\/wp\/v2\/posts\/2565"}],"collection":[{"href":"https:\/\/gkvitkovice.cz\/index.php?rest_route=\/wp\/v2\/posts"}],"about":[{"href":"https:\/\/gkvitkovice.cz\/index.php?rest_route=\/wp\/v2\/types\/post"}],"author":[{"embeddable":true,"href":"https:\/\/gkvitkovice.cz\/index.php?rest_route=\/wp\/v2\/users\/1"}],"replies":[{"embeddable":true,"href":"https:\/\/gkvitkovice.cz\/index.php?rest_route=%2Fwp%2Fv2%2Fcomments&post=2565"}],"version-history":[{"count":4,"href":"https:\/\/gkvitkovice.cz\/index.php?rest_route=\/wp\/v2\/posts\/2565\/revisions"}],"predecessor-version":[{"id":2570,"href":"https:\/\/gkvitkovice.cz\/index.php?rest_route=\/wp\/v2\/posts\/2565\/revisions\/2570"}],"wp:attachment":[{"href":"https:\/\/gkvitkovice.cz\/index.php?rest_route=%2Fwp%2Fv2%2Fmedia&parent=2565"}],"wp:term":[{"taxonomy":"category","embeddable":true,"href":"https:\/\/gkvitkovice.cz\/index.php?rest_route=%2Fwp%2Fv2%2Fcategories&post=2565"},{"taxonomy":"post_tag","embeddable":true,"href":"https:\/\/gkvitkovice.cz\/index.php?rest_route=%2Fwp%2Fv2%2Ftags&post=2565"}],"curies":[{"name":"wp","href":"https:\/\/api.w.org\/{rel}","templated":true}]}}