{"id":2593,"date":"2019-09-09T10:19:30","date_gmt":"2019-09-09T10:19:30","guid":{"rendered":"http:\/\/gkvitkovice.cz\/?p=2593"},"modified":"2019-09-09T10:19:30","modified_gmt":"2019-09-09T10:19:30","slug":"cviceni-rodicu-s-detmi-7","status":"publish","type":"post","link":"https:\/\/gkvitkovice.cz\/?p=2593","title":{"rendered":"Cvi\u010den\u00ed rodi\u010d\u016f s d\u011btmi"},"content":{"rendered":"<p><a href=\"http:\/\/gkvitkovice.cz\/wp-content\/uploads\/2017\/03\/vykricniky_nad_ostravou_03_150x120.jpg\"><img loading=\"lazy\" class=\"size-full wp-image-1082 alignleft\" src=\"http:\/\/gkvitkovice.cz\/wp-content\/uploads\/2017\/03\/vykricniky_nad_ostravou_03_150x120.jpg\" alt=\"\" width=\"150\" height=\"120\" \/><\/a>Kurzy Cvi\u010den\u00ed\u00a0rodi\u010d\u016f s d\u011btmi budou b\u011b\u017eet op\u011bt od z\u00e1\u0159\u00ed v nov\u00e9m term\u00ednu \u2013 pond\u011bl\u00ed 10.00-11.00 hod.<\/p>\n<p>Prvn\u00ed tr\u00e9nink v pond\u011bl\u00ed 23. 9., budeme se na V\u00e1s t\u011b\u0161it!!!<\/p>\n<p>V\u00edce informac\u00ed\u00a0<a href=\"http:\/\/gkvitkovice.cz\/?page_id=1440\">ZDE<\/a><\/p>\n","protected":false},"excerpt":{"rendered":"<p><a href=\"http:\/\/gkvitkovice.cz\/wp-content\/uploads\/2017\/03\/vykricniky_nad_ostravou_03_150x120.jpg\"><img loading=\"lazy\" class=\"size-full wp-image-1082 alignleft\" src=\"http:\/\/gkvitkovice.cz\/wp-content\/uploads\/2017\/03\/vykricniky_nad_ostravou_03_150x120.jpg\" alt=\"\" width=\"150\" height=\"120\" \/><\/a>Kurzy Cvi\u010den\u00ed\u00a0rodi\u010d\u016f s d\u011btmi budou b\u011b\u017eet op\u011bt od z\u00e1\u0159\u00ed v nov\u00e9m term\u00ednu \u2013 pond\u011bl\u00ed 10.00-11.00 hod.<\/p>\n<p>Prvn\u00ed tr\u00e9nink v pond\u011bl\u00ed 23. 9., budeme se na V\u00e1s t\u011b\u0161it!!!<\/p>\n<p>V\u00edce informac\u00ed\u00a0<a href=\"http:\/\/gkvitkovice.cz\/?page_id=1440\">ZDE<\/a><\/p>\n","protected":false},"author":1,"featured_media":0,"comment_status":"closed","ping_status":"open","sticky":false,"template":"","format":"standard","meta":[],"categories":[14],"tags":[],"_links":{"self":[{"href":"https:\/\/gkvitkovice.cz\/index.php?rest_route=\/wp\/v2\/posts\/2593"}],"collection":[{"href":"https:\/\/gkvitkovice.cz\/index.php?rest_route=\/wp\/v2\/posts"}],"about":[{"href":"https:\/\/gkvitkovice.cz\/index.php?rest_route=\/wp\/v2\/types\/post"}],"author":[{"embeddable":true,"href":"https:\/\/gkvitkovice.cz\/index.php?rest_route=\/wp\/v2\/users\/1"}],"replies":[{"embeddable":true,"href":"https:\/\/gkvitkovice.cz\/index.php?rest_route=%2Fwp%2Fv2%2Fcomments&post=2593"}],"version-history":[{"count":1,"href":"https:\/\/gkvitkovice.cz\/index.php?rest_route=\/wp\/v2\/posts\/2593\/revisions"}],"predecessor-version":[{"id":2594,"href":"https:\/\/gkvitkovice.cz\/index.php?rest_route=\/wp\/v2\/posts\/2593\/revisions\/2594"}],"wp:attachment":[{"href":"https:\/\/gkvitkovice.cz\/index.php?rest_route=%2Fwp%2Fv2%2Fmedia&parent=2593"}],"wp:term":[{"taxonomy":"category","embeddable":true,"href":"https:\/\/gkvitkovice.cz\/index.php?rest_route=%2Fwp%2Fv2%2Fcategories&post=2593"},{"taxonomy":"post_tag","embeddable":true,"href":"https:\/\/gkvitkovice.cz\/index.php?rest_route=%2Fwp%2Fv2%2Ftags&post=2593"}],"curies":[{"name":"wp","href":"https:\/\/api.w.org\/{rel}","templated":true}]}}