{"id":2851,"date":"2019-10-23T12:54:32","date_gmt":"2019-10-23T12:54:32","guid":{"rendered":"http:\/\/gkvitkovice.cz\/?p=2851"},"modified":"2019-10-23T12:56:07","modified_gmt":"2019-10-23T12:56:07","slug":"vaza-hornich-pocernic-2019","status":"publish","type":"post","link":"https:\/\/gkvitkovice.cz\/?p=2851","title":{"rendered":"V\u00e1za Horn\u00edch Po\u010dernic 2019"},"content":{"rendered":"<div id=\"fb-root\"><\/div>\n<p><script async defer crossorigin=\"anonymous\" src=\"https:\/\/connect.facebook.net\/cs_CZ\/sdk.js#xfbml=1&#038;version=v4.0\"><\/script><br \/>\n<a href=\"http:\/\/gkvitkovice.cz\/wp-content\/uploads\/2019\/10\/IMG-20191016-WA0001.jpg\"><img loading=\"lazy\" class=\"alignleft size-medium wp-image-2852\" src=\"http:\/\/gkvitkovice.cz\/wp-content\/uploads\/2019\/10\/IMG-20191016-WA0001-300x225.jpg\" alt=\"\" width=\"300\" height=\"225\" srcset=\"https:\/\/gkvitkovice.cz\/wp-content\/uploads\/2019\/10\/IMG-20191016-WA0001-300x225.jpg 300w, https:\/\/gkvitkovice.cz\/wp-content\/uploads\/2019\/10\/IMG-20191016-WA0001-768x576.jpg 768w, https:\/\/gkvitkovice.cz\/wp-content\/uploads\/2019\/10\/IMG-20191016-WA0001.jpg 1024w\" sizes=\"(max-width: 300px) 100vw, 300px\" \/><\/a>V sobotu 12. 10. 2019 se konal 41. ro\u010dn\u00edk z\u00e1vodu o &#8222;Putovn\u00ed v\u00e1zu Horn\u00edch Po\u010dernic&#8220;. Na\u0161e d\u011bv\u010data za doprovodu tren\u00e9rek Sv\u011btlany Grmelov\u00e9, Hanky Li\u0161kov\u00e9, Gabky Hynek a rozhod\u010d\u00edch Hanky Nov\u00e1kov\u00e9 a Moniky Vavro\u0161ov\u00e9 p\u0159edvedla skv\u011bl\u00e9 v\u00fdkony\u00a0 a ve v\u0161ech kategori\u00edch z\u00edskala medailov\u00e1 um\u00edst\u011bn\u00ed.<\/p>\n<p>V kategorii mimi startovala <strong>Frederka Prutkayov\u00e1<\/strong> (ro\u010d. 2013) a p\u0159esto\u017ee z\u00e1vodila s d\u011bv\u010daty ro\u010dn\u00edku 2011 a 2012, p\u0159edvedla sv\u00e9 sestavy s\u00a0jistotou a p\u011bkn\u00fdm proveden\u00edm a zaslou\u017een\u011b zv\u00edt\u011bzila.<\/p>\n<p>V kategorii mlad\u0161\u00edch \u017e\u00e1ky\u0148 z\u00edskala <strong>Katka B\u00e1rtkov\u00e1<\/strong> st\u0159\u00edbrnou medaili, <strong>Ad\u00e9lka Nykodymov\u00e1<\/strong> bronzovou medaili, <strong>Linda Rakov\u00e1<\/strong> se um\u00edstila na 4. m\u00edst\u011b, 26. m\u00edsto obsadila <strong>M\u00ed\u0161a Vavro\u0161ov\u00e1<\/strong> a 39. m\u00edsto <strong>Kl\u00e1rka Pape\u017eov\u00e1<\/strong>. <strong>Ad\u00e9lka Chudov\u00e1<\/strong> a<strong> Anetka Nen\u00ed\u010dkov\u00e1<\/strong> po velmi p\u011bkn\u011b zacvi\u010den\u00e9m p\u0159eskoku a bradlech se nevyhnuly hrub\u00fdm chyb\u00e1m na kladin\u011b a z\u00e1rove\u0148 nep\u0159edvedly p\u0159edepsan\u00fd po\u010det prvk\u016f a tyto chyby je odsunuly na konec v\u00fdsledkov\u00e9ho seznamu.<\/p>\n<p>V kategorii star\u0161\u00edch \u017e\u00e1ky\u0148 nastoupila 3 d\u011bv\u010data na\u0161eho klubu a zacvi\u010dila na v\u011bt\u0161in\u011b n\u00e1\u0159ad\u00ed velmi p\u011bkn\u00e9 sestavy &#8211; bronzovou medaili z\u00edskala <strong>Klaudie Hynek<\/strong>, <strong>Anetka Nykodymov\u00e1<\/strong> se um\u00edstila na 5. m\u00edst\u011b a <strong>Dominika Friedrichov\u00e1<\/strong> po p\u00e1du na bradlech obsadila 13. m\u00edsto.<\/p>\n<p><a href=\"http:\/\/gkvitkovice.cz\/wp-content\/uploads\/2019\/10\/IMG-20191016-WA0006.jpg\"><img loading=\"lazy\" class=\"alignleft size-medium wp-image-2856\" src=\"http:\/\/gkvitkovice.cz\/wp-content\/uploads\/2019\/10\/IMG-20191016-WA0006-300x225.jpg\" alt=\"\" width=\"300\" height=\"225\" srcset=\"https:\/\/gkvitkovice.cz\/wp-content\/uploads\/2019\/10\/IMG-20191016-WA0006-300x225.jpg 300w, https:\/\/gkvitkovice.cz\/wp-content\/uploads\/2019\/10\/IMG-20191016-WA0006-768x576.jpg 768w, https:\/\/gkvitkovice.cz\/wp-content\/uploads\/2019\/10\/IMG-20191016-WA0006.jpg 1024w\" sizes=\"(max-width: 300px) 100vw, 300px\" \/><\/a>Kategorii \u017een a juniorek vyhr\u00e1la <strong>Lenka Jaskovi\u010dov\u00e1<\/strong>, <strong>K\u00e1ja Adam\u00edkov\u00e1<\/strong> z\u00edskala bronzovou medaili.<\/p>\n<p>V celkov\u00e9m hodnocen\u00ed dru\u017estev z\u00edskalo na\u0161e dru\u017estvo ve slo\u017een\u00ed Katka B\u00e1rtkov\u00e1, Klaudie Hynek a Lenka Jaskovi\u010dov\u00e1 zlat\u00e9 medaile a dom\u016f si vezlo Putovn\u00ed v\u00e1zu Horn\u00edch Po\u010dernice.<\/p>\n<p>Po z\u00e1vod\u011b o Putovn\u00ed v\u00e1zu Horn\u00edch Po\u010dernic se konal 35. ro\u010dn\u00edk Veterani\u00e1dy, kde nastoupila na\u0161e tren\u00e9rka <strong>Gabka Hynek<\/strong> a po p\u0159edveden\u00ed p\u011bkn\u00fdch v\u00fdkon\u016f na p\u0159eskoku, kladin\u011b a prostn\u00fdch se stala v\u00edt\u011bzkou leto\u0161n\u00edho ro\u010dn\u00edku.<\/p>\n<p>V\u0161em d\u011bv\u010dat\u016fm a tren\u00e9r\u016fm blahop\u0159ejeme k\u00a0p\u011bkn\u00fdm v\u00fdsledk\u016fm a p\u0159ejeme hodn\u011b \u0161t\u011bst\u00ed v\u00a0dal\u0161\u00ed p\u0159\u00edprav\u011b na mistrovsk\u00e9 sout\u011b\u017ee.<\/p>\n<p>V\u00fdsledky <a href=\"http:\/\/www.gymfed.cz\/vysledky\/detail\/1553\">ZDE<\/a><\/p>\n<p>Fotky <a href=\"https:\/\/gkvitkovice.rajce.idnes.cz\/Vaza_Hornich_Pocernic%2C_12.10.2019\/\">ZDE<\/a><\/p>\n<p><em>(Hana Li\u0161kov\u00e1)<\/em><\/p>\n<div class=\"fb-like\" data-href=\"http:\/\/gkvitkovice.cz\/?p=2851\" data-width=\"\" data-layout=\"standard\" data-action=\"like\" data-size=\"small\" data-show-faces=\"true\" data-share=\"true\"><\/div>\n","protected":false},"excerpt":{"rendered":"<p><a href=\"http:\/\/gkvitkovice.cz\/wp-content\/uploads\/2019\/10\/IMG-20191016-WA0001.jpg\"><img loading=\"lazy\" class=\"alignleft size-medium wp-image-2852\" src=\"http:\/\/gkvitkovice.cz\/wp-content\/uploads\/2019\/10\/IMG-20191016-WA0001-300x225.jpg\" alt=\"\" width=\"300\" height=\"225\" srcset=\"https:\/\/gkvitkovice.cz\/wp-content\/uploads\/2019\/10\/IMG-20191016-WA0001-300x225.jpg 300w, https:\/\/gkvitkovice.cz\/wp-content\/uploads\/2019\/10\/IMG-20191016-WA0001-768x576.jpg 768w, https:\/\/gkvitkovice.cz\/wp-content\/uploads\/2019\/10\/IMG-20191016-WA0001.jpg 1024w\" sizes=\"(max-width: 300px) 100vw, 300px\" \/><\/a>V sobotu 12. 10. 2019 se konal 41. ro\u010dn\u00edk z\u00e1vodu o &#8222;Putovn\u00ed v\u00e1zu Horn\u00edch Po\u010dernic&#8220;. Na\u0161e d\u011bv\u010data za doprovodu tren\u00e9rek Sv\u011btlany Grmelov\u00e9, Hanky Li\u0161kov\u00e9, Gabky Hynek a rozhod\u010d\u00edch Hanky Nov\u00e1kov\u00e9 a Moniky Vavro\u0161ov\u00e9 p\u0159edvedla skv\u011bl\u00e9 v\u00fdkony\u00a0 a ve v\u0161ech kategori\u00edch z\u00edskala medailov\u00e1 um\u00edst\u011bn\u00ed.<\/p>\n","protected":false},"author":1,"featured_media":0,"comment_status":"closed","ping_status":"open","sticky":false,"template":"","format":"standard","meta":[],"categories":[14],"tags":[],"_links":{"self":[{"href":"https:\/\/gkvitkovice.cz\/index.php?rest_route=\/wp\/v2\/posts\/2851"}],"collection":[{"href":"https:\/\/gkvitkovice.cz\/index.php?rest_route=\/wp\/v2\/posts"}],"about":[{"href":"https:\/\/gkvitkovice.cz\/index.php?rest_route=\/wp\/v2\/types\/post"}],"author":[{"embeddable":true,"href":"https:\/\/gkvitkovice.cz\/index.php?rest_route=\/wp\/v2\/users\/1"}],"replies":[{"embeddable":true,"href":"https:\/\/gkvitkovice.cz\/index.php?rest_route=%2Fwp%2Fv2%2Fcomments&post=2851"}],"version-history":[{"count":4,"href":"https:\/\/gkvitkovice.cz\/index.php?rest_route=\/wp\/v2\/posts\/2851\/revisions"}],"predecessor-version":[{"id":2857,"href":"https:\/\/gkvitkovice.cz\/index.php?rest_route=\/wp\/v2\/posts\/2851\/revisions\/2857"}],"wp:attachment":[{"href":"https:\/\/gkvitkovice.cz\/index.php?rest_route=%2Fwp%2Fv2%2Fmedia&parent=2851"}],"wp:term":[{"taxonomy":"category","embeddable":true,"href":"https:\/\/gkvitkovice.cz\/index.php?rest_route=%2Fwp%2Fv2%2Fcategories&post=2851"},{"taxonomy":"post_tag","embeddable":true,"href":"https:\/\/gkvitkovice.cz\/index.php?rest_route=%2Fwp%2Fv2%2Ftags&post=2851"}],"curies":[{"name":"wp","href":"https:\/\/api.w.org\/{rel}","templated":true}]}}