{"id":2913,"date":"2019-11-25T13:36:15","date_gmt":"2019-11-25T13:36:15","guid":{"rendered":"http:\/\/gkvitkovice.cz\/?p=2913"},"modified":"2019-11-25T13:45:10","modified_gmt":"2019-11-25T13:45:10","slug":"oceneni-sportovcu-za-rok-2019-centrum-individualnich-sportu-ostrava","status":"publish","type":"post","link":"https:\/\/gkvitkovice.cz\/?p=2913","title":{"rendered":"Ocen\u011bn\u00ed sportovc\u016f za rok 2019 \u2013 Centrum individu\u00e1ln\u00edch sport\u016f Ostrava"},"content":{"rendered":"<div id=\"fb-root\"><\/div>\n<p><script async defer crossorigin=\"anonymous\" src=\"https:\/\/connect.facebook.net\/cs_CZ\/sdk.js#xfbml=1&#038;version=v5.0\"><\/script><br \/>\n<a href=\"http:\/\/gkvitkovice.cz\/wp-content\/uploads\/2019\/11\/IMG_20191119_165853.jpg\"><img loading=\"lazy\" class=\"alignleft size-medium wp-image-2914\" src=\"http:\/\/gkvitkovice.cz\/wp-content\/uploads\/2019\/11\/IMG_20191119_165853-225x300.jpg\" alt=\"\" width=\"225\" height=\"300\" srcset=\"https:\/\/gkvitkovice.cz\/wp-content\/uploads\/2019\/11\/IMG_20191119_165853-225x300.jpg 225w, https:\/\/gkvitkovice.cz\/wp-content\/uploads\/2019\/11\/IMG_20191119_165853-768x1025.jpg 768w, https:\/\/gkvitkovice.cz\/wp-content\/uploads\/2019\/11\/IMG_20191119_165853-767x1024.jpg 767w\" sizes=\"(max-width: 225px) 100vw, 225px\" \/><\/a>Dne 19. 11. 2019 jsme se na z\u00e1klad\u011b pozv\u00e1n\u00ed Centra individu\u00e1ln\u00edch sport\u016f Ostrava z\u00fa\u010dastnily setk\u00e1n\u00ed jeho \u010dlen\u016f, kter\u00e9 se konalo v aule Vysok\u00e9 \u0161koly b\u00e1\u0148sk\u00e9. Stejn\u011b tak, jako ka\u017ed\u00fd rok, byli v r\u00e1mci programu ocen\u011bni nejlep\u0161\u00ed sportovci za rok 2019. D\u011bv\u010data ve slo\u017een\u00ed Nela \u0160t\u011bpandov\u00e1, Ad\u00e9lka Nykod\u00fdmov\u00e1, Linda Rakov\u00e1 a Bar\u010da Skotnicov\u00e1 si spolu s tren\u00e9rkou Monikou Prutkayovou p\u0159ipravila vystoupen\u00ed, kter\u00e9 se jim i p\u0159es zt\u00ed\u017een\u00e9 podm\u00ednky velmi povedlo. Z\u00e1v\u011bre\u010dnou te\u010dku cel\u00e9ho programu ocenili p\u0159\u00edtomn\u00ed host\u00e9 bou\u0159liv\u00fdm potleskem.<\/p>\n<p>Fotka a video <a href=\"https:\/\/gkvitkovice.rajce.idnes.cz\/Oceneni_sportovcu_za_rok_2019%2C_Centrum_individualnich_sportu_Ostrava\/\">ZDE<\/a><\/p>\n<p><em>(Monika Prutkayov\u00e1)<\/em><\/p>\n<div class=\"fb-like\" data-href=\"http:\/\/gkvitkovice.cz\/?p=2913\" data-width=\"\" data-layout=\"standard\" data-action=\"like\" data-size=\"small\" data-show-faces=\"true\" data-share=\"true\"><\/div>\n","protected":false},"excerpt":{"rendered":"<p><a href=\"http:\/\/gkvitkovice.cz\/wp-content\/uploads\/2019\/11\/IMG_20191119_165853.jpg\"><img loading=\"lazy\" class=\"alignleft size-medium wp-image-2914\" src=\"http:\/\/gkvitkovice.cz\/wp-content\/uploads\/2019\/11\/IMG_20191119_165853-225x300.jpg\" alt=\"\" width=\"225\" height=\"300\" srcset=\"https:\/\/gkvitkovice.cz\/wp-content\/uploads\/2019\/11\/IMG_20191119_165853-225x300.jpg 225w, https:\/\/gkvitkovice.cz\/wp-content\/uploads\/2019\/11\/IMG_20191119_165853-768x1025.jpg 768w, https:\/\/gkvitkovice.cz\/wp-content\/uploads\/2019\/11\/IMG_20191119_165853-767x1024.jpg 767w\" sizes=\"(max-width: 225px) 100vw, 225px\" \/><\/a>Dne 19. 11. 2019 jsme se na z\u00e1klad\u011b pozv\u00e1n\u00ed Centra individu\u00e1ln\u00edch sport\u016f Ostrava z\u00fa\u010dastnily setk\u00e1n\u00ed jeho \u010dlen\u016f, kter\u00e9 se konalo v aule Vysok\u00e9 \u0161koly b\u00e1\u0148sk\u00e9.<\/p>\n","protected":false},"author":1,"featured_media":0,"comment_status":"closed","ping_status":"open","sticky":false,"template":"","format":"standard","meta":[],"categories":[14],"tags":[],"_links":{"self":[{"href":"https:\/\/gkvitkovice.cz\/index.php?rest_route=\/wp\/v2\/posts\/2913"}],"collection":[{"href":"https:\/\/gkvitkovice.cz\/index.php?rest_route=\/wp\/v2\/posts"}],"about":[{"href":"https:\/\/gkvitkovice.cz\/index.php?rest_route=\/wp\/v2\/types\/post"}],"author":[{"embeddable":true,"href":"https:\/\/gkvitkovice.cz\/index.php?rest_route=\/wp\/v2\/users\/1"}],"replies":[{"embeddable":true,"href":"https:\/\/gkvitkovice.cz\/index.php?rest_route=%2Fwp%2Fv2%2Fcomments&post=2913"}],"version-history":[{"count":4,"href":"https:\/\/gkvitkovice.cz\/index.php?rest_route=\/wp\/v2\/posts\/2913\/revisions"}],"predecessor-version":[{"id":2922,"href":"https:\/\/gkvitkovice.cz\/index.php?rest_route=\/wp\/v2\/posts\/2913\/revisions\/2922"}],"wp:attachment":[{"href":"https:\/\/gkvitkovice.cz\/index.php?rest_route=%2Fwp%2Fv2%2Fmedia&parent=2913"}],"wp:term":[{"taxonomy":"category","embeddable":true,"href":"https:\/\/gkvitkovice.cz\/index.php?rest_route=%2Fwp%2Fv2%2Fcategories&post=2913"},{"taxonomy":"post_tag","embeddable":true,"href":"https:\/\/gkvitkovice.cz\/index.php?rest_route=%2Fwp%2Fv2%2Ftags&post=2913"}],"curies":[{"name":"wp","href":"https:\/\/api.w.org\/{rel}","templated":true}]}}