{"id":2918,"date":"2019-11-25T13:43:45","date_gmt":"2019-11-25T13:43:45","guid":{"rendered":"http:\/\/gkvitkovice.cz\/?p=2918"},"modified":"2019-11-25T13:44:20","modified_gmt":"2019-11-25T13:44:20","slug":"memorial-very-medove-2019","status":"publish","type":"post","link":"https:\/\/gkvitkovice.cz\/?p=2918","title":{"rendered":"Memori\u00e1l V\u011bry Medov\u00e9 2019"},"content":{"rendered":"<div id=\"fb-root\"><\/div>\n<p><script async defer crossorigin=\"anonymous\" src=\"https:\/\/connect.facebook.net\/cs_CZ\/sdk.js#xfbml=1&#038;version=v5.0\"><\/script><br \/>\n<a href=\"http:\/\/gkvitkovice.cz\/wp-content\/uploads\/2019\/11\/IMG_9583.jpg\"><img loading=\"lazy\" class=\"alignleft size-medium wp-image-2919\" src=\"http:\/\/gkvitkovice.cz\/wp-content\/uploads\/2019\/11\/IMG_9583-300x200.jpg\" alt=\"\" width=\"300\" height=\"200\" srcset=\"https:\/\/gkvitkovice.cz\/wp-content\/uploads\/2019\/11\/IMG_9583-300x200.jpg 300w, https:\/\/gkvitkovice.cz\/wp-content\/uploads\/2019\/11\/IMG_9583-768x512.jpg 768w, https:\/\/gkvitkovice.cz\/wp-content\/uploads\/2019\/11\/IMG_9583-1024x682.jpg 1024w, https:\/\/gkvitkovice.cz\/wp-content\/uploads\/2019\/11\/IMG_9583.jpg 2000w\" sizes=\"(max-width: 300px) 100vw, 300px\" \/><\/a>Sobota 9. 11. 2019 se nesla v\u00a0duchu Memori\u00e1lu V\u011bry Medov\u00e9 v\u00a0Praze. Na z\u00e1vody jsme se s\u00a0po\u010detnou skupinkou d\u011bv\u010dat vydali jedn\u00edm z\u00a0prvn\u00edch rann\u00edch vlak\u016f. I p\u0159es brzk\u00e9 vst\u00e1v\u00e1n\u00ed sr\u0161ela d\u011bv\u010data energi\u00ed a cesta n\u00e1m tak rychle utekla. Z\u00e1vody byly velmi kvalitn\u011b obsazeny a ve v\u0161ech kategori\u00edch byla opravdu velk\u00e1 konkurence.<\/p>\n<p>Nejv\u011bt\u0161\u00ed \u00fasp\u011bch zaznamenaly Frederka Prutkayov\u00e1 a Lin\u010fa Rakov\u00e1, kter\u00e9 z\u00edskaly ve sv\u00fdch kategori\u00edch zlatou medaili. Dal\u0161\u00ed medaili, a to bronzovou, pak p\u0159idala S\u00e1ra K\u0159i\u017eo\u0161\u010d\u00e1kov\u00e1. V\u00a0prvn\u00ed des\u00edtce se um\u00edstily i Ad\u00e9lka Nykodymov\u00e1 \u2013 5. m\u00edsto a Jul\u010da Biolkov\u00e1 \u2013 6. m\u00edsto. Sou\u010d\u00e1st\u00ed z\u00e1vodu bylo rovn\u011b\u017e vyhl\u00e1\u0161en\u00ed nejlep\u0161\u00edch dru\u017estev, kter\u00e9 tvo\u0159ily nejlep\u0161\u00ed z\u00e1vodnice p\u0159\u00edslu\u0161n\u00e9ho odd\u00edl u z ka\u017ed\u00e9 kategorie. Dru\u017estvo GK V\u00edtkovice reprezentovan\u00e9 Frederkou Prutkayovou, Lin\u010fou Rakovou a Ad\u00e9lkou Nykodymovou vybojovalo 1. m\u00edsto. I ostatn\u00ed d\u011bv\u010data p\u0159edvedla p\u011bkn\u00e9 v\u00fdkony a v\u00a0konkurenci zejm\u00e9na z\u00e1vodnic z \u010cech se neztratila.<\/p>\n<p><em>I.\u00a0<\/em><em>Kategorie (2013 \u2013 2014):<\/em><strong>\u00a0<\/strong>1. m\u00edsto <strong>Frederika Prutkayov\u00e1<\/strong>, 3. m\u00edsto <strong>S\u00e1ra K\u0159i\u017eo\u0161\u010d\u00e1kov\u00e1<\/strong><\/p>\n<p><em>II.\u00a0kategorie (2011 \u2013 2012):<\/em><strong>\u00a0<\/strong>1. m\u00edsto <strong>Linda Rakov\u00e1<\/strong>, 6. m\u00edsto <strong>Julie Biolkov\u00e1<\/strong>, 14. m\u00edsto <strong>Zoe Laura Kol\u00e1\u0159ov\u00e1<\/strong>, 15. m\u00edsto<strong> Michaela Vavro\u0161ov\u00e1<\/strong>, 17. m\u00edsto <strong>Barbora Skotnicov\u00e1<\/strong>, 28. m\u00edsto <strong>Elen Kantorov\u00e1<\/strong>, 30. m\u00edsto <strong>Kl\u00e1ra Pape\u017eov\u00e1<\/strong>, 53. m\u00edsto <strong>Liliana Mlyn\u00e1\u0159ov\u00e1<\/strong><\/p>\n<p><em>III.\u00a0kategorie (2009 \u2013 2010):\u00a0<\/em>5. m\u00edsto <strong>Ad\u00e9la Nykodymov\u00e1<\/strong>, 14. m\u00edsto <strong>Kate\u0159ina B\u00e1rtkov\u00e1<\/strong>, 27. m\u00edsto <strong>Aneta Nen\u00ed\u010dkov\u00e1<\/strong><\/p>\n<p align=\"left\">Po vyhl\u00e1\u0161en\u00ed v\u00fdsledk\u016f jsme \u00faprkem vyrazili na zp\u00e1te\u010dn\u00ed vlak, kter\u00fd jsme nakonec s\u00a0vyp\u011bt\u00edm v\u0161ech sil stihli a mohli si tak u\u017e\u00edt pohodovou cestu dom\u016f.<\/p>\n<p align=\"left\">Fotky <a href=\"https:\/\/gkvitkovice.rajce.idnes.cz\/Memorial_V._Medove%2C_Praha_9.11.2019\/\">ZDE<\/a><\/p>\n<p align=\"left\">V\u00fdsledky <a href=\"https:\/\/www.gymfed.cz\/vysledky\/detail\/1472\">ZDE<\/a><\/p>\n<p align=\"left\"><em>(Monika Prutkayov\u00e1)<\/em><\/p>\n<p align=\"left\">\n<div class=\"fb-like\" data-href=\"http:\/\/gkvitkovice.cz\/?p=2918\" data-width=\"\" data-layout=\"standard\" data-action=\"like\" data-size=\"small\" data-show-faces=\"true\" data-share=\"true\"><\/div>\n","protected":false},"excerpt":{"rendered":"<p><a href=\"http:\/\/gkvitkovice.cz\/wp-content\/uploads\/2019\/11\/IMG_9583.jpg\"><img loading=\"lazy\" class=\"alignleft size-medium wp-image-2919\" src=\"http:\/\/gkvitkovice.cz\/wp-content\/uploads\/2019\/11\/IMG_9583-300x200.jpg\" alt=\"\" width=\"300\" height=\"200\" srcset=\"https:\/\/gkvitkovice.cz\/wp-content\/uploads\/2019\/11\/IMG_9583-300x200.jpg 300w, https:\/\/gkvitkovice.cz\/wp-content\/uploads\/2019\/11\/IMG_9583-768x512.jpg 768w, https:\/\/gkvitkovice.cz\/wp-content\/uploads\/2019\/11\/IMG_9583-1024x682.jpg 1024w, https:\/\/gkvitkovice.cz\/wp-content\/uploads\/2019\/11\/IMG_9583.jpg 2000w\" sizes=\"(max-width: 300px) 100vw, 300px\" \/><\/a>Sobota 9. 11. 2019 se nesla v\u00a0duchu Memori\u00e1lu V\u011bry Medov\u00e9 v\u00a0Praze.<\/p>\n","protected":false},"author":1,"featured_media":0,"comment_status":"closed","ping_status":"open","sticky":false,"template":"","format":"standard","meta":[],"categories":[14],"tags":[],"_links":{"self":[{"href":"https:\/\/gkvitkovice.cz\/index.php?rest_route=\/wp\/v2\/posts\/2918"}],"collection":[{"href":"https:\/\/gkvitkovice.cz\/index.php?rest_route=\/wp\/v2\/posts"}],"about":[{"href":"https:\/\/gkvitkovice.cz\/index.php?rest_route=\/wp\/v2\/types\/post"}],"author":[{"embeddable":true,"href":"https:\/\/gkvitkovice.cz\/index.php?rest_route=\/wp\/v2\/users\/1"}],"replies":[{"embeddable":true,"href":"https:\/\/gkvitkovice.cz\/index.php?rest_route=%2Fwp%2Fv2%2Fcomments&post=2918"}],"version-history":[{"count":2,"href":"https:\/\/gkvitkovice.cz\/index.php?rest_route=\/wp\/v2\/posts\/2918\/revisions"}],"predecessor-version":[{"id":2921,"href":"https:\/\/gkvitkovice.cz\/index.php?rest_route=\/wp\/v2\/posts\/2918\/revisions\/2921"}],"wp:attachment":[{"href":"https:\/\/gkvitkovice.cz\/index.php?rest_route=%2Fwp%2Fv2%2Fmedia&parent=2918"}],"wp:term":[{"taxonomy":"category","embeddable":true,"href":"https:\/\/gkvitkovice.cz\/index.php?rest_route=%2Fwp%2Fv2%2Fcategories&post=2918"},{"taxonomy":"post_tag","embeddable":true,"href":"https:\/\/gkvitkovice.cz\/index.php?rest_route=%2Fwp%2Fv2%2Ftags&post=2918"}],"curies":[{"name":"wp","href":"https:\/\/api.w.org\/{rel}","templated":true}]}}