{"id":2985,"date":"2019-12-03T08:41:21","date_gmt":"2019-12-03T08:41:21","guid":{"rendered":"http:\/\/gkvitkovice.cz\/?p=2985"},"modified":"2019-12-05T13:12:13","modified_gmt":"2019-12-05T13:12:13","slug":"prebor-moravskoslezskeho-kraje-2019-3","status":"publish","type":"post","link":"https:\/\/gkvitkovice.cz\/?p=2985","title":{"rendered":"P\u0159ebor Moravskoslezsk\u00e9ho kraje 2019"},"content":{"rendered":"<div id=\"fb-root\"><\/div>\n<p><script async defer crossorigin=\"anonymous\" src=\"https:\/\/connect.facebook.net\/cs_CZ\/sdk.js#xfbml=1&#038;version=v5.0\"><\/script><br \/>\n<a href=\"http:\/\/gkvitkovice.cz\/wp-content\/uploads\/2019\/12\/IMG_0406.jpg\"><img loading=\"lazy\" class=\"alignleft size-medium wp-image-2986\" src=\"http:\/\/gkvitkovice.cz\/wp-content\/uploads\/2019\/12\/IMG_0406-300x200.jpg\" alt=\"\" width=\"300\" height=\"200\" srcset=\"https:\/\/gkvitkovice.cz\/wp-content\/uploads\/2019\/12\/IMG_0406-300x200.jpg 300w, https:\/\/gkvitkovice.cz\/wp-content\/uploads\/2019\/12\/IMG_0406-768x512.jpg 768w, https:\/\/gkvitkovice.cz\/wp-content\/uploads\/2019\/12\/IMG_0406-1024x682.jpg 1024w, https:\/\/gkvitkovice.cz\/wp-content\/uploads\/2019\/12\/IMG_0406.jpg 2000w\" sizes=\"(max-width: 300px) 100vw, 300px\" \/><\/a>Dne 23. 11. 2019 se pod z\u00e1\u0161titou odd\u00edlu TJ Sokol Moravsk\u00e1 Ostrava I konal P\u0159ebor Moravskoslezsk\u00e9ho kraje. Jako v\u017edy v podzimn\u00edm obdob\u00ed se jednalo o z\u00e1vod dru\u017estev a kvalifikaci na M\u010cR dru\u017estev v II. lize. Na\u0161im d\u011bv\u010dat\u016fm se velmi da\u0159ilo a v ka\u017ed\u00e9 kategorii, kter\u00e9 jsme se \u00fa\u010dastnili, jsme z\u00edskali medaili.<\/p>\n<p>V kategorii V. ligy jsme z\u00edskali zlato a st\u0159\u00edbro, zlato z\u00e1sluhou dru\u017estva ve slo\u017een\u00ed <strong>Julie Biolkov\u00e1<\/strong>, <strong>Zoe Laura Kol\u00e1\u0159ov\u00e1<\/strong>, <strong>Aneta Neni\u010dkov\u00e1<\/strong> a <strong>Barbora Skotnicov\u00e1<\/strong>, st\u0159\u00edbro vybojovalo dru\u017estvo ve slo\u017een\u00ed <strong>Elen Kantorov\u00e1<\/strong>, <strong>Liliana Mlyn\u00e1\u0159ov\u00e1<\/strong>, <strong>Kl\u00e1ra Pape\u017eov\u00e1<\/strong> a <strong>Michaela Vavro\u0161ov\u00e1<\/strong>.<\/p>\n<p>Ve IV. lize jsme op\u011bt vybojovali zlato a st\u0159\u00edbro. Zlato &#8211; <strong>Nat\u00e1lie Papou\u0161kov\u00e1<\/strong>, <strong>Tereza Gromnicov\u00e1<\/strong>, <strong>Ad\u00e9la Nykodymov\u00e1<\/strong>, <strong>Dominika Friedrichov\u00e1<\/strong>. St\u0159\u00edbro &#8211; <strong>Linda Rakov\u00e1<\/strong>, <strong>Ella Kosteleck\u00e1<\/strong>, <strong>Simona Kaczorov\u00e1<\/strong>,<strong> Veronika Koci\u00e1nov\u00e1<\/strong> a <strong>Kate\u0159ina B\u00e1rtkov\u00e1<\/strong>.<\/p>\n<p><a href=\"http:\/\/gkvitkovice.cz\/wp-content\/uploads\/2019\/12\/IMG_0458.jpg\"><img loading=\"lazy\" class=\"alignleft size-medium wp-image-2988\" src=\"http:\/\/gkvitkovice.cz\/wp-content\/uploads\/2019\/12\/IMG_0458-300x200.jpg\" alt=\"\" width=\"300\" height=\"200\" srcset=\"https:\/\/gkvitkovice.cz\/wp-content\/uploads\/2019\/12\/IMG_0458-300x200.jpg 300w, https:\/\/gkvitkovice.cz\/wp-content\/uploads\/2019\/12\/IMG_0458-768x512.jpg 768w, https:\/\/gkvitkovice.cz\/wp-content\/uploads\/2019\/12\/IMG_0458-1024x682.jpg 1024w, https:\/\/gkvitkovice.cz\/wp-content\/uploads\/2019\/12\/IMG_0458.jpg 2000w\" sizes=\"(max-width: 300px) 100vw, 300px\" \/><\/a>Dru\u017estvo ve slo\u017een\u00ed <strong>Elen Ludwigov\u00e1<\/strong>, <strong>Nat\u00e1lie Najdekov\u00e1<\/strong>,<strong> Sofia Smel\u00edkov\u00e1<\/strong>, <strong>Leona Vrl\u00edkov\u00e1<\/strong> a <strong>Ad\u00e9la Zdvihalov\u00e1<\/strong> vybojovalo ve III. lize bronzovou medaili.<\/p>\n<p>V kategorii II. ligy, kter\u00e1 byla z\u00e1rove\u0148 nomina\u010dn\u00ed na M\u010cR dru\u017estev, si dru\u017estvo ve slo\u017een\u00ed <strong>Lucie G\u0159e\u0161ov\u00e1<\/strong>, <strong>Klaudie Hynek<\/strong>,<strong> Aneta Nykodymov\u00e1<\/strong>, <strong>Roz\u00e1lie O\u017eanov\u00e1<\/strong> a <strong>Julie Semaniv<\/strong> vybojovalo zlato a t\u00edm p\u00e1dem i postup na M\u010cR dru\u017estev.<\/p>\n<p>V\u0161em z\u00e1vodnic\u00edm a tren\u00e9r\u016fm gratulujeme a p\u0159ejeme mnoho \u0161t\u011bst\u00ed v nadch\u00e1zej\u00edc\u00edm Mistrovstv\u00ed \u010cesk\u00e9 republiky!<\/p>\n<p>Fotky <a href=\"https:\/\/gkvitkovice.rajce.idnes.cz\/Prebor_Moravskoslezskeho_kraje_-_druzstva%2C_23.11.2019\/\">ZDE<\/a><\/p>\n<p>V\u00fdsledky<a href=\"https:\/\/www.gymfed.cz\/vysledky\/detail\/1750?kategorie=3743\"> ZDE<\/a><\/p>\n<p><em>(Barbora Uhrov\u00e1)<\/em><\/p>\n<div class=\"fb-like\" data-href=\"http:\/\/gkvitkovice.cz\/?p=2985\" data-width=\"\" data-layout=\"standard\" data-action=\"like\" data-size=\"small\" data-show-faces=\"true\" data-share=\"true\"><\/div>\n","protected":false},"excerpt":{"rendered":"<p><a href=\"http:\/\/gkvitkovice.cz\/wp-content\/uploads\/2019\/12\/IMG_0406.jpg\"><img loading=\"lazy\" class=\"alignleft size-medium wp-image-2986\" src=\"http:\/\/gkvitkovice.cz\/wp-content\/uploads\/2019\/12\/IMG_0406-300x200.jpg\" alt=\"\" width=\"300\" height=\"200\" srcset=\"https:\/\/gkvitkovice.cz\/wp-content\/uploads\/2019\/12\/IMG_0406-300x200.jpg 300w, https:\/\/gkvitkovice.cz\/wp-content\/uploads\/2019\/12\/IMG_0406-768x512.jpg 768w, https:\/\/gkvitkovice.cz\/wp-content\/uploads\/2019\/12\/IMG_0406-1024x682.jpg 1024w, https:\/\/gkvitkovice.cz\/wp-content\/uploads\/2019\/12\/IMG_0406.jpg 2000w\" sizes=\"(max-width: 300px) 100vw, 300px\" \/><\/a>Dne 23. 11. 2019 se pod z\u00e1\u0161titou odd\u00edlu TJ Sokol Moravsk\u00e1 Ostrava I konal P\u0159ebor Moravskoslezsk\u00e9ho kraje. <\/p>\n","protected":false},"author":1,"featured_media":0,"comment_status":"closed","ping_status":"open","sticky":false,"template":"","format":"standard","meta":[],"categories":[14],"tags":[],"_links":{"self":[{"href":"https:\/\/gkvitkovice.cz\/index.php?rest_route=\/wp\/v2\/posts\/2985"}],"collection":[{"href":"https:\/\/gkvitkovice.cz\/index.php?rest_route=\/wp\/v2\/posts"}],"about":[{"href":"https:\/\/gkvitkovice.cz\/index.php?rest_route=\/wp\/v2\/types\/post"}],"author":[{"embeddable":true,"href":"https:\/\/gkvitkovice.cz\/index.php?rest_route=\/wp\/v2\/users\/1"}],"replies":[{"embeddable":true,"href":"https:\/\/gkvitkovice.cz\/index.php?rest_route=%2Fwp%2Fv2%2Fcomments&post=2985"}],"version-history":[{"count":5,"href":"https:\/\/gkvitkovice.cz\/index.php?rest_route=\/wp\/v2\/posts\/2985\/revisions"}],"predecessor-version":[{"id":3000,"href":"https:\/\/gkvitkovice.cz\/index.php?rest_route=\/wp\/v2\/posts\/2985\/revisions\/3000"}],"wp:attachment":[{"href":"https:\/\/gkvitkovice.cz\/index.php?rest_route=%2Fwp%2Fv2%2Fmedia&parent=2985"}],"wp:term":[{"taxonomy":"category","embeddable":true,"href":"https:\/\/gkvitkovice.cz\/index.php?rest_route=%2Fwp%2Fv2%2Fcategories&post=2985"},{"taxonomy":"post_tag","embeddable":true,"href":"https:\/\/gkvitkovice.cz\/index.php?rest_route=%2Fwp%2Fv2%2Ftags&post=2985"}],"curies":[{"name":"wp","href":"https:\/\/api.w.org\/{rel}","templated":true}]}}