{"id":3040,"date":"2019-12-19T07:35:18","date_gmt":"2019-12-19T07:35:18","guid":{"rendered":"http:\/\/gkvitkovice.cz\/?p=3040"},"modified":"2019-12-19T07:35:50","modified_gmt":"2019-12-19T07:35:50","slug":"kaprici-2019","status":"publish","type":"post","link":"https:\/\/gkvitkovice.cz\/?p=3040","title":{"rendered":"Kap\u0159\u00edci 2019"},"content":{"rendered":"<div id=\"fb-root\"><\/div>\n<p><script async defer crossorigin=\"anonymous\" src=\"https:\/\/connect.facebook.net\/cs_CZ\/sdk.js#xfbml=1&#038;version=v5.0\"><\/script><br \/>\n<a href=\"http:\/\/gkvitkovice.cz\/wp-content\/uploads\/2019\/12\/CE875EB9-D76E-4594-82AD-EAA5ABC913CA.jpg\"><img loading=\"lazy\" class=\"alignleft size-medium wp-image-3041\" src=\"http:\/\/gkvitkovice.cz\/wp-content\/uploads\/2019\/12\/CE875EB9-D76E-4594-82AD-EAA5ABC913CA-300x225.jpg\" alt=\"\" width=\"300\" height=\"225\" srcset=\"https:\/\/gkvitkovice.cz\/wp-content\/uploads\/2019\/12\/CE875EB9-D76E-4594-82AD-EAA5ABC913CA-300x225.jpg 300w, https:\/\/gkvitkovice.cz\/wp-content\/uploads\/2019\/12\/CE875EB9-D76E-4594-82AD-EAA5ABC913CA-768x576.jpg 768w, https:\/\/gkvitkovice.cz\/wp-content\/uploads\/2019\/12\/CE875EB9-D76E-4594-82AD-EAA5ABC913CA-1024x768.jpg 1024w, https:\/\/gkvitkovice.cz\/wp-content\/uploads\/2019\/12\/CE875EB9-D76E-4594-82AD-EAA5ABC913CA.jpg 2000w\" sizes=\"(max-width: 300px) 100vw, 300px\" \/><\/a>Ve\u00a0st\u0159edu\u00a011. 12. 2019 se v na\u0161\u00ed t\u011blocvi\u010dn\u011b konal v\u00e1no\u010dn\u00ed z\u00e1vod\u00a0Kap\u0159\u00edci.<\/p>\n<p>P\u0159\u00edpravky a rekrea\u010dn\u00ed gymnastky se po\u010detn\u00e9mu publiku p\u0159edstavili na dvou n\u00e1\u0159ad\u00edch, lavi\u010dce (p\u0159\u00edp. kladin\u011b) a prostn\u00fdch, na kter\u00fdch p\u0159edvedli to nejlep\u0161\u00ed, co se dosud nau\u010dili.\u00a0P\u0159esto\u017ee v\u0161ichni cvi\u010dili moc hezky, tak medaile si odnesli v ka\u017ed\u00e9 kategorii jen 3 nejlep\u0161\u00ed. Nicm\u00e9n\u011b v\u0161ichni z\u00e1vodn\u00edci dostali za odm\u011bnu mal\u00fd d\u00e1re\u010dek.<\/p>\n<p>Star\u0161\u00ed gymnastky pak cvi\u010dily ve dvojic\u00edch spole\u010dn\u00e9 sestavy na prostn\u00fdch, kter\u00e9 si ve v\u011bt\u0161in\u011b p\u0159\u00edpad\u016f sami p\u0159ipravily. Skoro v\u0161ichni m\u011bli k sestav\u011b p\u0159ipraveny tak\u00e9 t\u00e9matick\u00e9 kost\u00fdmy, tak\u017ee opravdu bylo na co koukat.<\/p>\n<p>Po vyhl\u00e1\u0161en\u00ed byli ocen\u011bni tren\u00e9\u0159i a z\u00e1vodn\u00edci za uplynulou sezonu a pak u\u017e se v\u0161ichni pustili do p\u0159ipraven\u00e9ho cukrov\u00ed a dal\u0161\u00edch dobrot.<\/p>\n<p>Fotky <a href=\"https:\/\/gkvitkovice.rajce.idnes.cz\/Kaprici_11.12.2019\/\">ZDE<\/a><\/p>\n<p><em>(Barbora Uhrov\u00e1)<\/em><\/p>\n<div class=\"fb-like\" data-href=\"http:\/\/gkvitkovice.cz\/?p=3040\" data-width=\"\" data-layout=\"standard\" data-action=\"like\" data-size=\"small\" data-share=\"true\"><\/div>\n<p>&nbsp;<\/p>\n","protected":false},"excerpt":{"rendered":"<p><a href=\"http:\/\/gkvitkovice.cz\/wp-content\/uploads\/2019\/12\/CE875EB9-D76E-4594-82AD-EAA5ABC913CA.jpg\"><img loading=\"lazy\" class=\"alignleft size-medium wp-image-3041\" src=\"http:\/\/gkvitkovice.cz\/wp-content\/uploads\/2019\/12\/CE875EB9-D76E-4594-82AD-EAA5ABC913CA-300x225.jpg\" alt=\"\" width=\"300\" height=\"225\" srcset=\"https:\/\/gkvitkovice.cz\/wp-content\/uploads\/2019\/12\/CE875EB9-D76E-4594-82AD-EAA5ABC913CA-300x225.jpg 300w, https:\/\/gkvitkovice.cz\/wp-content\/uploads\/2019\/12\/CE875EB9-D76E-4594-82AD-EAA5ABC913CA-768x576.jpg 768w, https:\/\/gkvitkovice.cz\/wp-content\/uploads\/2019\/12\/CE875EB9-D76E-4594-82AD-EAA5ABC913CA-1024x768.jpg 1024w, https:\/\/gkvitkovice.cz\/wp-content\/uploads\/2019\/12\/CE875EB9-D76E-4594-82AD-EAA5ABC913CA.jpg 2000w\" sizes=\"(max-width: 300px) 100vw, 300px\" \/><\/a>Ve\u00a0st\u0159edu\u00a011. 12. 2019 se v na\u0161\u00ed t\u011blocvi\u010dn\u011b konal v\u00e1no\u010dn\u00ed z\u00e1vod\u00a0Kap\u0159\u00edci.<\/p>\n","protected":false},"author":1,"featured_media":0,"comment_status":"closed","ping_status":"open","sticky":false,"template":"","format":"standard","meta":[],"categories":[14],"tags":[],"_links":{"self":[{"href":"https:\/\/gkvitkovice.cz\/index.php?rest_route=\/wp\/v2\/posts\/3040"}],"collection":[{"href":"https:\/\/gkvitkovice.cz\/index.php?rest_route=\/wp\/v2\/posts"}],"about":[{"href":"https:\/\/gkvitkovice.cz\/index.php?rest_route=\/wp\/v2\/types\/post"}],"author":[{"embeddable":true,"href":"https:\/\/gkvitkovice.cz\/index.php?rest_route=\/wp\/v2\/users\/1"}],"replies":[{"embeddable":true,"href":"https:\/\/gkvitkovice.cz\/index.php?rest_route=%2Fwp%2Fv2%2Fcomments&post=3040"}],"version-history":[{"count":3,"href":"https:\/\/gkvitkovice.cz\/index.php?rest_route=\/wp\/v2\/posts\/3040\/revisions"}],"predecessor-version":[{"id":3055,"href":"https:\/\/gkvitkovice.cz\/index.php?rest_route=\/wp\/v2\/posts\/3040\/revisions\/3055"}],"wp:attachment":[{"href":"https:\/\/gkvitkovice.cz\/index.php?rest_route=%2Fwp%2Fv2%2Fmedia&parent=3040"}],"wp:term":[{"taxonomy":"category","embeddable":true,"href":"https:\/\/gkvitkovice.cz\/index.php?rest_route=%2Fwp%2Fv2%2Fcategories&post=3040"},{"taxonomy":"post_tag","embeddable":true,"href":"https:\/\/gkvitkovice.cz\/index.php?rest_route=%2Fwp%2Fv2%2Ftags&post=3040"}],"curies":[{"name":"wp","href":"https:\/\/api.w.org\/{rel}","templated":true}]}}