{"id":3106,"date":"2020-01-29T11:26:33","date_gmt":"2020-01-29T11:26:33","guid":{"rendered":"http:\/\/gkvitkovice.cz\/?p=3106"},"modified":"2020-01-29T11:27:04","modified_gmt":"2020-01-29T11:27:04","slug":"memorial-jana-palacha-2020","status":"publish","type":"post","link":"https:\/\/gkvitkovice.cz\/?p=3106","title":{"rendered":"Memori\u00e1l Jana Palacha 2020"},"content":{"rendered":"<div id=\"fb-root\"><\/div>\n<p><script async defer crossorigin=\"anonymous\" src=\"https:\/\/connect.facebook.net\/cs_CZ\/sdk.js#xfbml=1&#038;version=v5.0\"><\/script><br \/>\n<em><a href=\"http:\/\/gkvitkovice.cz\/wp-content\/uploads\/2020\/01\/83073871_3216720175024697_2571672231813840896_n.jpg\"><img loading=\"lazy\" class=\"alignleft size-medium wp-image-3108\" src=\"http:\/\/gkvitkovice.cz\/wp-content\/uploads\/2020\/01\/83073871_3216720175024697_2571672231813840896_n-169x300.jpg\" alt=\"\" width=\"169\" height=\"300\" srcset=\"https:\/\/gkvitkovice.cz\/wp-content\/uploads\/2020\/01\/83073871_3216720175024697_2571672231813840896_n-169x300.jpg 169w, https:\/\/gkvitkovice.cz\/wp-content\/uploads\/2020\/01\/83073871_3216720175024697_2571672231813840896_n-768x1365.jpg 768w, https:\/\/gkvitkovice.cz\/wp-content\/uploads\/2020\/01\/83073871_3216720175024697_2571672231813840896_n-576x1024.jpg 576w, https:\/\/gkvitkovice.cz\/wp-content\/uploads\/2020\/01\/83073871_3216720175024697_2571672231813840896_n.jpg 900w\" sizes=\"(max-width: 169px) 100vw, 169px\" \/><\/a><\/em>V sobotu 18. 01. 2020 se konal 25. ro\u010dn\u00edk Memori\u00e1lu Jana Palacha ve V\u0161etatech u Prahy. Jednalo se o prvn\u00ed z\u00e1vod leto\u0161n\u00edho roku sv\u011b\u0159enky\u0148 tren\u00e9rek Sv\u011btlany Grmelov\u00e9, Hanky Li\u0161kov\u00e9 a Vendy H\u00e1jkov\u00e9. D\u011bv\u010data za doprovodu tren\u00e9rky Hanky Li\u0161kov\u00e9 a rozhod\u010d\u00ed Moniky Vavro\u0161ov\u00e9 p\u0159edvedla kr\u00e1sn\u00e9 v\u00fdkony a t\u00e9m\u011b\u0159 ve v\u0161ech kategori\u00edch obsadila medailov\u00e1 um\u00edst\u011bn\u00ed. Jednalo se o dvojboj, z\u00e1vodilo se na kladin\u011b a prostn\u00fdch.<\/p>\n<p>V kategorii ro\u010dn\u00edku 2013 <strong>Frederka Prutkayov\u00e1<\/strong> p\u0159edvedla novou sestavu na n\u00edzk\u00e9 kladin\u011b a prostn\u00fdch a z\u00edskala zlatou medaili.<\/p>\n<p>V kategorii ro\u010dn\u00edku 2011 jsme se um\u00edstily na prvn\u00edch t\u0159ech m\u00edstech. <strong>M\u00ed\u0161a Vavro\u0161ov\u00e1<\/strong> zv\u00edt\u011bzila ve sv\u00e9 kategorii ro\u010dn\u00edku 2011, kdy\u017e p\u0159edvedla skv\u011bl\u00e9 v\u00fdkony jak na kladin\u011b, tak na prostn\u00fdch. Druh\u00e9 m\u00edsto a st\u0159\u00edbrnou medaili z\u00edskala<strong> Linda Rakov\u00e1<\/strong>, kter\u00e1 spadla z kladiny z p\u0159emetu vzad, ale p\u0159edvedla sestavu s obt\u00ed\u017en\u00fdmi prvky a rovn\u011b\u017e p\u0159edvedla hezkou sestavu na prostn\u00fdch, tak ji druh\u00e9 m\u00edsto po z\u00e1sluze pat\u0159ilo. T\u0159et\u00ed m\u00edsto a bronzovou medaili z\u00edskala <strong>Kl\u00e1rka Pape\u017eov\u00e1<\/strong>, tato rovn\u011b\u017e p\u0159edvedla vyrovnan\u00e9 v\u00fdkony na prostn\u00fdch i kladin\u011b.<\/p>\n<p>V kategorii 2010 sout\u011b\u017eila d\u011bv\u010data <strong>Katka B\u00e1rtkov\u00e1<\/strong> a <strong>Ad\u00e9lka Nykodymov\u00e1<\/strong>. Ob\u011b po nezdaru na kladin\u011b neobsadila medailov\u00e1 um\u00edst\u011bn\u00ed, p\u0159edvedly v\u0161ak skv\u011bl\u00e9 sestavy na prostn\u00fdch. Ad\u00e9lka Nykodymov\u00e1 se um\u00edstila na 9. m\u00edst\u011b a Katka B\u00e1rtkov\u00e1 na 16. m\u00edst\u011b.<\/p>\n<p>V kategorii ro\u010dn\u00edku 2007 obsadila <strong>Anetka Nykodymov\u00e1<\/strong>\u00a0 2. m\u00edsto a z\u00edskala st\u0159\u00edbrnou medaili. Rovn\u011b\u017e ji neminuly p\u00e1dy na kladin\u011b, ale v\u00fdkony na prostn\u00fdch ji posunuly i tak na medailov\u00e9 um\u00edst\u011bn\u00ed.<\/p>\n<p>V\u0161em d\u011bv\u010dat\u016fm a tren\u00e9r\u016fm blahop\u0159ejeme k p\u011bkn\u00fdm v\u00fdsledk\u016fm a p\u0159ejeme hodn\u011b \u0161t\u011bst\u00ed v dal\u0161\u00ed p\u0159\u00edprav\u011b.<\/p>\n<p>Fotky <a href=\"https:\/\/gkvitkovice.rajce.idnes.cz\/Memorial_Jana_Palacha%2C_Vsetaty%2C_18._1._2020\/\">ZDE<\/a><\/p>\n<p>V\u00fdsledky:\u00a0<a href=\"http:\/\/gkvitkovice.cz\/wp-content\/uploads\/2020\/01\/vysledky-Memorial-Jana-Palacha_2020.pdf\">vysledky Memorial Jana Palacha_2020<\/a><\/p>\n<p><em>(Hana Li\u0161kov\u00e1)<\/em><\/p>\n<div class=\"fb-like\" data-href=\"http:\/\/gkvitkovice.cz\/?p=3106\" data-width=\"\" data-layout=\"standard\" data-action=\"like\" data-size=\"small\" data-share=\"true\"><\/div>\n","protected":false},"excerpt":{"rendered":"<p><em><a href=\"http:\/\/gkvitkovice.cz\/wp-content\/uploads\/2020\/01\/83073871_3216720175024697_2571672231813840896_n.jpg\"><img loading=\"lazy\" class=\"alignleft size-medium wp-image-3108\" src=\"http:\/\/gkvitkovice.cz\/wp-content\/uploads\/2020\/01\/83073871_3216720175024697_2571672231813840896_n-169x300.jpg\" alt=\"\" width=\"169\" height=\"300\" srcset=\"https:\/\/gkvitkovice.cz\/wp-content\/uploads\/2020\/01\/83073871_3216720175024697_2571672231813840896_n-169x300.jpg 169w, https:\/\/gkvitkovice.cz\/wp-content\/uploads\/2020\/01\/83073871_3216720175024697_2571672231813840896_n-768x1365.jpg 768w, https:\/\/gkvitkovice.cz\/wp-content\/uploads\/2020\/01\/83073871_3216720175024697_2571672231813840896_n-576x1024.jpg 576w, https:\/\/gkvitkovice.cz\/wp-content\/uploads\/2020\/01\/83073871_3216720175024697_2571672231813840896_n.jpg 900w\" sizes=\"(max-width: 169px) 100vw, 169px\" \/><\/a><\/em>V sobotu 18. 01. 2020 se konal 25. ro\u010dn\u00edk Memori\u00e1lu Jana Palacha ve V\u0161etatech u Prahy.<\/p>\n","protected":false},"author":1,"featured_media":0,"comment_status":"closed","ping_status":"open","sticky":false,"template":"","format":"standard","meta":[],"categories":[15],"tags":[],"_links":{"self":[{"href":"https:\/\/gkvitkovice.cz\/index.php?rest_route=\/wp\/v2\/posts\/3106"}],"collection":[{"href":"https:\/\/gkvitkovice.cz\/index.php?rest_route=\/wp\/v2\/posts"}],"about":[{"href":"https:\/\/gkvitkovice.cz\/index.php?rest_route=\/wp\/v2\/types\/post"}],"author":[{"embeddable":true,"href":"https:\/\/gkvitkovice.cz\/index.php?rest_route=\/wp\/v2\/users\/1"}],"replies":[{"embeddable":true,"href":"https:\/\/gkvitkovice.cz\/index.php?rest_route=%2Fwp%2Fv2%2Fcomments&post=3106"}],"version-history":[{"count":2,"href":"https:\/\/gkvitkovice.cz\/index.php?rest_route=\/wp\/v2\/posts\/3106\/revisions"}],"predecessor-version":[{"id":3110,"href":"https:\/\/gkvitkovice.cz\/index.php?rest_route=\/wp\/v2\/posts\/3106\/revisions\/3110"}],"wp:attachment":[{"href":"https:\/\/gkvitkovice.cz\/index.php?rest_route=%2Fwp%2Fv2%2Fmedia&parent=3106"}],"wp:term":[{"taxonomy":"category","embeddable":true,"href":"https:\/\/gkvitkovice.cz\/index.php?rest_route=%2Fwp%2Fv2%2Fcategories&post=3106"},{"taxonomy":"post_tag","embeddable":true,"href":"https:\/\/gkvitkovice.cz\/index.php?rest_route=%2Fwp%2Fv2%2Ftags&post=3106"}],"curies":[{"name":"wp","href":"https:\/\/api.w.org\/{rel}","templated":true}]}}