{"id":3114,"date":"2020-02-04T14:08:37","date_gmt":"2020-02-04T14:08:37","guid":{"rendered":"http:\/\/gkvitkovice.cz\/?p=3114"},"modified":"2020-02-04T14:09:08","modified_gmt":"2020-02-04T14:09:08","slug":"zvt-2020","status":"publish","type":"post","link":"https:\/\/gkvitkovice.cz\/?p=3114","title":{"rendered":"ZVT 2020"},"content":{"rendered":"<div id=\"fb-root\"><\/div>\n<p><script async defer crossorigin=\"anonymous\" src=\"https:\/\/connect.facebook.net\/cs_CZ\/sdk.js#xfbml=1&#038;version=v6.0\"><\/script><\/p>\n<div><a href=\"http:\/\/gkvitkovice.cz\/wp-content\/uploads\/2020\/02\/82198404_1857746417702446_5814838883547873280_o.jpg\"><img loading=\"lazy\" class=\"alignleft size-medium wp-image-3115\" src=\"http:\/\/gkvitkovice.cz\/wp-content\/uploads\/2020\/02\/82198404_1857746417702446_5814838883547873280_o-300x225.jpg\" alt=\"\" width=\"300\" height=\"225\" srcset=\"https:\/\/gkvitkovice.cz\/wp-content\/uploads\/2020\/02\/82198404_1857746417702446_5814838883547873280_o-300x225.jpg 300w, https:\/\/gkvitkovice.cz\/wp-content\/uploads\/2020\/02\/82198404_1857746417702446_5814838883547873280_o-768x576.jpg 768w, https:\/\/gkvitkovice.cz\/wp-content\/uploads\/2020\/02\/82198404_1857746417702446_5814838883547873280_o-1024x768.jpg 1024w, https:\/\/gkvitkovice.cz\/wp-content\/uploads\/2020\/02\/82198404_1857746417702446_5814838883547873280_o.jpg 1440w\" sizes=\"(max-width: 300px) 100vw, 300px\" \/><\/a>Hned po\u010d\u00e1tkem ledna jsme odjely\u00a0 na zimn\u00ed soust\u0159ed\u011bn\u00ed, kter\u00e9 se konalo v p\u011bkn\u00e9m prost\u0159ed\u00ed Prost\u0159edn\u00ed Be\u010dvy v Hotelu Kry\u0161tof.<\/div>\n<div><\/div>\n<div>Ka\u017ed\u00fd den jsme doj\u00ed\u017ed\u011bly skibusem na nedalekou sjezdovku U Sachovy stud\u00e1nky. V\u0161echna d\u011bv\u010data, kter\u00e1 je\u0161t\u011b neum\u011bla ly\u017eovat, odj\u00ed\u017ed\u011bla dom\u016f jako ly\u017ea\u0159ky. Ty, kter\u00e9 ji\u017e um\u011bly sjet kopec, zdokonalily sv\u00e9 ly\u017ea\u0159sk\u00e9 um\u011bn\u00ed :). Krom\u011b ka\u017edodenn\u00edho ly\u017eov\u00e1n\u00ed, kter\u00e9 vyplnilo p\u0159ev\u00e1\u017enou \u010d\u00e1st dne, jsme tak\u00e9 nav\u0161t\u011bvovaly hotelov\u00fd baz\u00e9n, cvi\u010dily a posilovaly.<\/div>\n<div><\/div>\n<div>P\u0159\u00ed\u0161t\u00ed rok se t\u011b\u0161\u00edme op\u011bt na zimn\u00ed soust\u0159ed\u011bn\u00ed.<\/div>\n<div><\/div>\n<div>Fotky <a href=\"https:\/\/gkvitkovice.rajce.idnes.cz\/ZVT%2C_Prostredni_Becva%2C_leden_2020\/\">ZDE<\/a><\/div>\n<div><\/div>\n<div><em>(Monika Prutkayov\u00e1)<\/em><\/div>\n<div><\/div>\n<div class=\"fb-like\" data-href=\"http:\/\/gkvitkovice.cz\/?p=3114\" data-width=\"\" data-layout=\"standard\" data-action=\"like\" data-size=\"small\" data-share=\"true\"><\/div>\n","protected":false},"excerpt":{"rendered":"<div><a href=\"http:\/\/gkvitkovice.cz\/wp-content\/uploads\/2020\/02\/82198404_1857746417702446_5814838883547873280_o.jpg\"><img loading=\"lazy\" class=\"alignleft size-medium wp-image-3115\" src=\"http:\/\/gkvitkovice.cz\/wp-content\/uploads\/2020\/02\/82198404_1857746417702446_5814838883547873280_o-300x225.jpg\" alt=\"\" width=\"300\" height=\"225\" srcset=\"https:\/\/gkvitkovice.cz\/wp-content\/uploads\/2020\/02\/82198404_1857746417702446_5814838883547873280_o-300x225.jpg 300w, https:\/\/gkvitkovice.cz\/wp-content\/uploads\/2020\/02\/82198404_1857746417702446_5814838883547873280_o-768x576.jpg 768w, https:\/\/gkvitkovice.cz\/wp-content\/uploads\/2020\/02\/82198404_1857746417702446_5814838883547873280_o-1024x768.jpg 1024w, https:\/\/gkvitkovice.cz\/wp-content\/uploads\/2020\/02\/82198404_1857746417702446_5814838883547873280_o.jpg 1440w\" sizes=\"(max-width: 300px) 100vw, 300px\" \/><\/a>Hned po\u010d\u00e1tkem ledna jsme odjely\u00a0 na zimn\u00ed soust\u0159ed\u011bn\u00ed, kter\u00e9 se konalo v p\u011bkn\u00e9m prost\u0159ed\u00ed Prost\u0159edn\u00ed Be\u010dvy v Hotelu Kry\u0161tof.<\/div>\n","protected":false},"author":1,"featured_media":0,"comment_status":"closed","ping_status":"open","sticky":false,"template":"","format":"standard","meta":[],"categories":[15],"tags":[],"_links":{"self":[{"href":"https:\/\/gkvitkovice.cz\/index.php?rest_route=\/wp\/v2\/posts\/3114"}],"collection":[{"href":"https:\/\/gkvitkovice.cz\/index.php?rest_route=\/wp\/v2\/posts"}],"about":[{"href":"https:\/\/gkvitkovice.cz\/index.php?rest_route=\/wp\/v2\/types\/post"}],"author":[{"embeddable":true,"href":"https:\/\/gkvitkovice.cz\/index.php?rest_route=\/wp\/v2\/users\/1"}],"replies":[{"embeddable":true,"href":"https:\/\/gkvitkovice.cz\/index.php?rest_route=%2Fwp%2Fv2%2Fcomments&post=3114"}],"version-history":[{"count":2,"href":"https:\/\/gkvitkovice.cz\/index.php?rest_route=\/wp\/v2\/posts\/3114\/revisions"}],"predecessor-version":[{"id":3117,"href":"https:\/\/gkvitkovice.cz\/index.php?rest_route=\/wp\/v2\/posts\/3114\/revisions\/3117"}],"wp:attachment":[{"href":"https:\/\/gkvitkovice.cz\/index.php?rest_route=%2Fwp%2Fv2%2Fmedia&parent=3114"}],"wp:term":[{"taxonomy":"category","embeddable":true,"href":"https:\/\/gkvitkovice.cz\/index.php?rest_route=%2Fwp%2Fv2%2Fcategories&post=3114"},{"taxonomy":"post_tag","embeddable":true,"href":"https:\/\/gkvitkovice.cz\/index.php?rest_route=%2Fwp%2Fv2%2Ftags&post=3114"}],"curies":[{"name":"wp","href":"https:\/\/api.w.org\/{rel}","templated":true}]}}