{"id":3154,"date":"2020-05-07T08:06:36","date_gmt":"2020-05-07T08:06:36","guid":{"rendered":"http:\/\/gkvitkovice.cz\/?p=3154"},"modified":"2020-05-07T08:06:36","modified_gmt":"2020-05-07T08:06:36","slug":"trenujeme-od-11-5","status":"publish","type":"post","link":"https:\/\/gkvitkovice.cz\/?p=3154","title":{"rendered":"Tr\u00e9nujeme od 11. 5.!!!"},"content":{"rendered":"<p>O<a href=\"http:\/\/gkvitkovice.cz\/wp-content\/uploads\/2017\/03\/vykricniky_nad_ostravou_03_150x120.jpg\"><img loading=\"lazy\" class=\"alignleft size-full wp-image-1082\" src=\"http:\/\/gkvitkovice.cz\/wp-content\/uploads\/2017\/03\/vykricniky_nad_ostravou_03_150x120.jpg\" alt=\"\" width=\"150\" height=\"120\" \/><\/a>d 11. 5. za\u010d\u00edn\u00e1me op\u011bt tr\u00e9novat. P\u0159ed za\u010d\u00e1tkem tr\u00e9nink\u016f je nutn\u00e9 odevzdat \u010destn\u00e9 prohl\u00e1\u0161en\u00ed, kter\u00e9 si m\u016f\u017eete st\u00e1hnout ZDE:<\/p>\n<p><a href=\"http:\/\/gkvitkovice.cz\/wp-content\/uploads\/2020\/05\/cestne_prohlaseni-d\u011bti.docx\">cestne_prohlaseni-d\u011bti<\/a><\/p>\n<p><a href=\"http:\/\/gkvitkovice.cz\/wp-content\/uploads\/2020\/05\/cestne_prohlaseni-dosp\u011bl\u00ed.docx\">cestne_prohlaseni-dosp\u011bl\u00ed<\/a><\/p>\n<p>Ostatn\u00ed informace V\u00e1m p\u0159edaj\u00ed osobn\u00ed tren\u00e9\u0159i.<\/p>\n","protected":false},"excerpt":{"rendered":"<p>O<a href=\"http:\/\/gkvitkovice.cz\/wp-content\/uploads\/2017\/03\/vykricniky_nad_ostravou_03_150x120.jpg\"><img loading=\"lazy\" class=\"alignleft size-full wp-image-1082\" src=\"http:\/\/gkvitkovice.cz\/wp-content\/uploads\/2017\/03\/vykricniky_nad_ostravou_03_150x120.jpg\" alt=\"\" width=\"150\" height=\"120\" \/><\/a>d 11. 5. za\u010d\u00edn\u00e1me op\u011bt tr\u00e9novat. P\u0159ed za\u010d\u00e1tkem tr\u00e9nink\u016f je nutn\u00e9 odevzdat \u010destn\u00e9 prohl\u00e1\u0161en\u00ed, kter\u00e9 si m\u016f\u017eete st\u00e1hnout ZDE:<\/p>\n<p><a href=\"http:\/\/gkvitkovice.cz\/wp-content\/uploads\/2020\/05\/cestne_prohlaseni-d\u011bti.docx\">cestne_prohlaseni-d\u011bti<\/a><\/p>\n<p><a href=\"http:\/\/gkvitkovice.cz\/wp-content\/uploads\/2020\/05\/cestne_prohlaseni-dosp\u011bl\u00ed.docx\">cestne_prohlaseni-dosp\u011bl\u00ed<\/a><\/p>\n<p>Ostatn\u00ed informace V\u00e1m p\u0159edaj\u00ed osobn\u00ed tren\u00e9\u0159i.<\/p>\n","protected":false},"author":1,"featured_media":0,"comment_status":"closed","ping_status":"open","sticky":false,"template":"","format":"standard","meta":[],"categories":[15],"tags":[],"_links":{"self":[{"href":"https:\/\/gkvitkovice.cz\/index.php?rest_route=\/wp\/v2\/posts\/3154"}],"collection":[{"href":"https:\/\/gkvitkovice.cz\/index.php?rest_route=\/wp\/v2\/posts"}],"about":[{"href":"https:\/\/gkvitkovice.cz\/index.php?rest_route=\/wp\/v2\/types\/post"}],"author":[{"embeddable":true,"href":"https:\/\/gkvitkovice.cz\/index.php?rest_route=\/wp\/v2\/users\/1"}],"replies":[{"embeddable":true,"href":"https:\/\/gkvitkovice.cz\/index.php?rest_route=%2Fwp%2Fv2%2Fcomments&post=3154"}],"version-history":[{"count":1,"href":"https:\/\/gkvitkovice.cz\/index.php?rest_route=\/wp\/v2\/posts\/3154\/revisions"}],"predecessor-version":[{"id":3157,"href":"https:\/\/gkvitkovice.cz\/index.php?rest_route=\/wp\/v2\/posts\/3154\/revisions\/3157"}],"wp:attachment":[{"href":"https:\/\/gkvitkovice.cz\/index.php?rest_route=%2Fwp%2Fv2%2Fmedia&parent=3154"}],"wp:term":[{"taxonomy":"category","embeddable":true,"href":"https:\/\/gkvitkovice.cz\/index.php?rest_route=%2Fwp%2Fv2%2Fcategories&post=3154"},{"taxonomy":"post_tag","embeddable":true,"href":"https:\/\/gkvitkovice.cz\/index.php?rest_route=%2Fwp%2Fv2%2Ftags&post=3154"}],"curies":[{"name":"wp","href":"https:\/\/api.w.org\/{rel}","templated":true}]}}