{"id":3166,"date":"2020-06-08T06:40:27","date_gmt":"2020-06-08T06:40:27","guid":{"rendered":"http:\/\/gkvitkovice.cz\/?p=3166"},"modified":"2020-06-08T06:40:59","modified_gmt":"2020-06-08T06:40:59","slug":"mistrovstvi-evropy-juniorek-2020-odlozeno","status":"publish","type":"post","link":"https:\/\/gkvitkovice.cz\/?p=3166","title":{"rendered":"Mistrovstv\u00ed Evropy juniorek 2020 &#8211; ODLO\u017dENO"},"content":{"rendered":"<div id=\"fb-root\"><\/div>\n<p><script async defer crossorigin=\"anonymous\" src=\"https:\/\/connect.facebook.net\/cs_CZ\/sdk.js#xfbml=1&#038;version=v7.0\"><\/script><br \/>\n<a href=\"http:\/\/gkvitkovice.cz\/wp-content\/uploads\/2020\/06\/102444102_571136650445074_2383709587234763488_n.jpg\"><img loading=\"lazy\" class=\"alignleft size-medium wp-image-3168\" src=\"http:\/\/gkvitkovice.cz\/wp-content\/uploads\/2020\/06\/102444102_571136650445074_2383709587234763488_n-200x300.jpg\" alt=\"\" width=\"200\" height=\"300\" srcset=\"https:\/\/gkvitkovice.cz\/wp-content\/uploads\/2020\/06\/102444102_571136650445074_2383709587234763488_n-200x300.jpg 200w, https:\/\/gkvitkovice.cz\/wp-content\/uploads\/2020\/06\/102444102_571136650445074_2383709587234763488_n-768x1151.jpg 768w, https:\/\/gkvitkovice.cz\/wp-content\/uploads\/2020\/06\/102444102_571136650445074_2383709587234763488_n-684x1024.jpg 684w, https:\/\/gkvitkovice.cz\/wp-content\/uploads\/2020\/06\/102444102_571136650445074_2383709587234763488_n.jpg 1080w\" sizes=\"(max-width: 200px) 100vw, 200px\" \/><\/a>Nad\u011bjn\u00fdm za\u010d\u00e1tkem <strong>Nely \u0160t\u011bpandov\u00e9<\/strong> v boj\u00edch o nominaci na MEJ v Pa\u0159\u00ed\u017ei (30. 4. &#8211; 3. 5. 2020) byl prvn\u00ed kvalifika\u010dn\u00ed z\u00e1vod 7. 3. 2020 v Praze. Nela p\u0159edvedla velmi vyrovnan\u00fd v\u00fdkon na v\u0161ech n\u00e1\u0159ad\u00edch, pouze na kladin\u011b zaznamenala jeden p\u00e1d. I p\u0159es toto zav\u00e1h\u00e1n\u00ed obsadila v\u00fdborn\u00e9 2. m\u00edsto, p\u0159i\u010dem\u017e od 1. m\u00edsta ji d\u011blila pouze 0,1 bodu.<\/p>\n<p>Dal\u0161\u00ed nomina\u010dn\u00ed z\u00e1vody byly napl\u00e1novan\u00e9 v Ma\u010farsku, Rakousku a Slovinsku. Bohu\u017eel z d\u016fvodu vypuknut\u00ed koronavirov\u00e9 pandemie byly sout\u011b\u017ee zru\u0161eny a n\u00e1sledn\u011b bylo odlo\u017een\u00e9 i MEJ ve Francii.<\/p>\n<p>V tomto t\u00fddnu p\u0159i\u0161la zpr\u00e1va z UEG, \u017ee odlo\u017een\u00e9 MEJ prob\u011bhne v prosinci v Baku. Technick\u00e1 komise \u017een \u010cGF v sou\u010dasn\u00e9 dob\u011b p\u0159ipravuje pl\u00e1n p\u0159\u00edpravy a nomina\u010dn\u00edch z\u00e1vod\u016f, jejich\u017e c\u00edlem bude sestavit dru\u017estvo reprezentuj\u00edc\u00ed \u010cR na tomto mistrovstv\u00ed Evropy. V\u011b\u0159\u00edme, \u017ee se Nele bude i nad\u00e1le da\u0159it v p\u0159\u00edprav\u011b a \u017ee zabojuje o m\u00edsto v reprezenta\u010dn\u00edm dru\u017estvu juniorek. P\u0159ejeme ji hodn\u011b zdrav\u00ed a sportovn\u00edho \u0161t\u011bst\u00ed.<\/p>\n<p>V\u00fdsledky:\u00a0<a href=\"http:\/\/gkvitkovice.cz\/wp-content\/uploads\/2020\/06\/NZ_20.pdf\">NZ_20<\/a><\/p>\n<p>Fotky <a href=\"https:\/\/gkvitkovice.rajce.idnes.cz\/KZ_na_MEJ%2C_7.3._2020%2C_Praha\/\">ZDE<\/a><\/p>\n<p><em>(Monika Prutkayov\u00e1)<\/em><\/p>\n<div class=\"fb-like\" data-href=\"http:\/\/gkvitkovice.cz\/?p=3166\" data-width=\"\" data-layout=\"standard\" data-action=\"like\" data-size=\"small\" data-share=\"true\"><\/div>\n","protected":false},"excerpt":{"rendered":"<p><a href=\"http:\/\/gkvitkovice.cz\/wp-content\/uploads\/2020\/06\/102444102_571136650445074_2383709587234763488_n.jpg\"><img loading=\"lazy\" class=\"alignleft size-medium wp-image-3168\" src=\"http:\/\/gkvitkovice.cz\/wp-content\/uploads\/2020\/06\/102444102_571136650445074_2383709587234763488_n-200x300.jpg\" alt=\"\" width=\"200\" height=\"300\" srcset=\"https:\/\/gkvitkovice.cz\/wp-content\/uploads\/2020\/06\/102444102_571136650445074_2383709587234763488_n-200x300.jpg 200w, https:\/\/gkvitkovice.cz\/wp-content\/uploads\/2020\/06\/102444102_571136650445074_2383709587234763488_n-768x1151.jpg 768w, https:\/\/gkvitkovice.cz\/wp-content\/uploads\/2020\/06\/102444102_571136650445074_2383709587234763488_n-684x1024.jpg 684w, https:\/\/gkvitkovice.cz\/wp-content\/uploads\/2020\/06\/102444102_571136650445074_2383709587234763488_n.jpg 1080w\" sizes=\"(max-width: 200px) 100vw, 200px\" \/><\/a>Nad\u011bjn\u00fdm za\u010d\u00e1tkem <strong>Nely \u0160t\u011bpandov\u00e9<\/strong> v boj\u00edch o nominaci na MEJ v Pa\u0159\u00ed\u017ei (30. 4. &#8211; 3. 5. 2020) byl prvn\u00ed kvalifika\u010dn\u00ed z\u00e1vod 7. 3. 2020 v Praze. <\/p>\n","protected":false},"author":1,"featured_media":0,"comment_status":"closed","ping_status":"open","sticky":false,"template":"","format":"standard","meta":[],"categories":[15],"tags":[],"_links":{"self":[{"href":"https:\/\/gkvitkovice.cz\/index.php?rest_route=\/wp\/v2\/posts\/3166"}],"collection":[{"href":"https:\/\/gkvitkovice.cz\/index.php?rest_route=\/wp\/v2\/posts"}],"about":[{"href":"https:\/\/gkvitkovice.cz\/index.php?rest_route=\/wp\/v2\/types\/post"}],"author":[{"embeddable":true,"href":"https:\/\/gkvitkovice.cz\/index.php?rest_route=\/wp\/v2\/users\/1"}],"replies":[{"embeddable":true,"href":"https:\/\/gkvitkovice.cz\/index.php?rest_route=%2Fwp%2Fv2%2Fcomments&post=3166"}],"version-history":[{"count":2,"href":"https:\/\/gkvitkovice.cz\/index.php?rest_route=\/wp\/v2\/posts\/3166\/revisions"}],"predecessor-version":[{"id":3170,"href":"https:\/\/gkvitkovice.cz\/index.php?rest_route=\/wp\/v2\/posts\/3166\/revisions\/3170"}],"wp:attachment":[{"href":"https:\/\/gkvitkovice.cz\/index.php?rest_route=%2Fwp%2Fv2%2Fmedia&parent=3166"}],"wp:term":[{"taxonomy":"category","embeddable":true,"href":"https:\/\/gkvitkovice.cz\/index.php?rest_route=%2Fwp%2Fv2%2Fcategories&post=3166"},{"taxonomy":"post_tag","embeddable":true,"href":"https:\/\/gkvitkovice.cz\/index.php?rest_route=%2Fwp%2Fv2%2Ftags&post=3166"}],"curies":[{"name":"wp","href":"https:\/\/api.w.org\/{rel}","templated":true}]}}