{"id":3246,"date":"2020-09-02T09:45:25","date_gmt":"2020-09-02T09:45:25","guid":{"rendered":"http:\/\/gkvitkovice.cz\/?p=3246"},"modified":"2020-09-02T09:45:51","modified_gmt":"2020-09-02T09:45:51","slug":"rozlouceni-s-letem-na-skalce-2020","status":"publish","type":"post","link":"https:\/\/gkvitkovice.cz\/?p=3246","title":{"rendered":"Rozlou\u010den\u00ed s l\u00e9tem na Skalce 2020"},"content":{"rendered":"<div id=\"fb-root\"><\/div>\n<p><script async defer crossorigin=\"anonymous\" src=\"https:\/\/connect.facebook.net\/cs_CZ\/sdk.js#xfbml=1&#038;version=v8.0\" nonce=\"tr88LQ1T\"><\/script><br \/>\n<a href=\"http:\/\/gkvitkovice.cz\/wp-content\/uploads\/2020\/09\/IMG_5325.jpg\"><img loading=\"lazy\" class=\"alignleft size-medium wp-image-3247\" src=\"http:\/\/gkvitkovice.cz\/wp-content\/uploads\/2020\/09\/IMG_5325-300x225.jpg\" alt=\"\" width=\"300\" height=\"225\" srcset=\"https:\/\/gkvitkovice.cz\/wp-content\/uploads\/2020\/09\/IMG_5325-300x225.jpg 300w, https:\/\/gkvitkovice.cz\/wp-content\/uploads\/2020\/09\/IMG_5325-768x576.jpg 768w, https:\/\/gkvitkovice.cz\/wp-content\/uploads\/2020\/09\/IMG_5325-1024x768.jpg 1024w, https:\/\/gkvitkovice.cz\/wp-content\/uploads\/2020\/09\/IMG_5325.jpg 2000w\" sizes=\"(max-width: 300px) 100vw, 300px\" \/><\/a>Posledn\u00ed pr\u00e1zdninovou ned\u011bli jsme str\u00e1vily ve Skalka family parku v Ostrav\u011b na akci pod n\u00e1zvem &#8222;Rozlou\u010den\u00ed s l\u00e9tem na Skalce&#8220;. D\u011bkujeme za mo\u017enost vystoupit na t\u00e9to akci a prezentovat sv\u00e9 gymnastick\u00e9 um\u011bn\u00ed panu Radovanovi Trub\u00e1kovi, kter\u00fd z\u00e1rove\u0148 celou akci doprov\u00e1zel jako koment\u00e1tor a DJ. D\u011bv\u010data si u\u017eila ve\u0161ker\u00e9 atrakce do syta a tak\u00e9 si pro\u0161la m\u00edstn\u00ed minizoo.<\/p>\n<p>Fotky a videa <a href=\"https:\/\/gkvitkovice.rajce.idnes.cz\/GK_Vitkovice_ve_Skalka_family_park_30.8.2020\/\">ZDE<\/a><\/p>\n<p><em>(Monika Prutkayov\u00e1)<\/em><\/p>\n<div><\/div>\n<div class=\"fb-like\" data-href=\"http:\/\/gkvitkovice.cz\/?p=3246\" data-width=\"\" data-layout=\"standard\" data-action=\"like\" data-size=\"small\" data-share=\"true\"><\/div>\n","protected":false},"excerpt":{"rendered":"<p><a href=\"http:\/\/gkvitkovice.cz\/wp-content\/uploads\/2020\/09\/IMG_5325.jpg\"><img loading=\"lazy\" class=\"alignleft size-medium wp-image-3247\" src=\"http:\/\/gkvitkovice.cz\/wp-content\/uploads\/2020\/09\/IMG_5325-300x225.jpg\" alt=\"\" width=\"300\" height=\"225\" srcset=\"https:\/\/gkvitkovice.cz\/wp-content\/uploads\/2020\/09\/IMG_5325-300x225.jpg 300w, https:\/\/gkvitkovice.cz\/wp-content\/uploads\/2020\/09\/IMG_5325-768x576.jpg 768w, https:\/\/gkvitkovice.cz\/wp-content\/uploads\/2020\/09\/IMG_5325-1024x768.jpg 1024w, https:\/\/gkvitkovice.cz\/wp-content\/uploads\/2020\/09\/IMG_5325.jpg 2000w\" sizes=\"(max-width: 300px) 100vw, 300px\" \/><\/a>Posledn\u00ed pr\u00e1zdninovou ned\u011bli jsme str\u00e1vily ve Skalka family parku v Ostrav\u011b na akci pod n\u00e1zvem &#8222;Rozlou\u010den\u00ed s l\u00e9tem na Skalce&#8220;. <\/p>\n","protected":false},"author":1,"featured_media":0,"comment_status":"closed","ping_status":"open","sticky":false,"template":"","format":"standard","meta":[],"categories":[15],"tags":[],"_links":{"self":[{"href":"https:\/\/gkvitkovice.cz\/index.php?rest_route=\/wp\/v2\/posts\/3246"}],"collection":[{"href":"https:\/\/gkvitkovice.cz\/index.php?rest_route=\/wp\/v2\/posts"}],"about":[{"href":"https:\/\/gkvitkovice.cz\/index.php?rest_route=\/wp\/v2\/types\/post"}],"author":[{"embeddable":true,"href":"https:\/\/gkvitkovice.cz\/index.php?rest_route=\/wp\/v2\/users\/1"}],"replies":[{"embeddable":true,"href":"https:\/\/gkvitkovice.cz\/index.php?rest_route=%2Fwp%2Fv2%2Fcomments&post=3246"}],"version-history":[{"count":2,"href":"https:\/\/gkvitkovice.cz\/index.php?rest_route=\/wp\/v2\/posts\/3246\/revisions"}],"predecessor-version":[{"id":3249,"href":"https:\/\/gkvitkovice.cz\/index.php?rest_route=\/wp\/v2\/posts\/3246\/revisions\/3249"}],"wp:attachment":[{"href":"https:\/\/gkvitkovice.cz\/index.php?rest_route=%2Fwp%2Fv2%2Fmedia&parent=3246"}],"wp:term":[{"taxonomy":"category","embeddable":true,"href":"https:\/\/gkvitkovice.cz\/index.php?rest_route=%2Fwp%2Fv2%2Fcategories&post=3246"},{"taxonomy":"post_tag","embeddable":true,"href":"https:\/\/gkvitkovice.cz\/index.php?rest_route=%2Fwp%2Fv2%2Ftags&post=3246"}],"curies":[{"name":"wp","href":"https:\/\/api.w.org\/{rel}","templated":true}]}}