{"id":3297,"date":"2020-09-24T06:12:10","date_gmt":"2020-09-24T06:12:10","guid":{"rendered":"http:\/\/gkvitkovice.cz\/?p=3297"},"modified":"2020-09-24T06:12:10","modified_gmt":"2020-09-24T06:12:10","slug":"den-otevrenych-dveri-na-sportovnim-gymnaziu-3","status":"publish","type":"post","link":"https:\/\/gkvitkovice.cz\/?p=3297","title":{"rendered":"Den otev\u0159en\u00fdch dve\u0159\u00ed na Sportovn\u00edm gymn\u00e1ziu"},"content":{"rendered":"<p><a href=\"http:\/\/gkvitkovice.cz\/wp-content\/uploads\/2020\/09\/Bez-n\u00e1zvu.jpg\"><img loading=\"lazy\" class=\"size-medium wp-image-3298 alignleft\" src=\"http:\/\/gkvitkovice.cz\/wp-content\/uploads\/2020\/09\/Bez-n\u00e1zvu-213x300.jpg\" alt=\"\" width=\"213\" height=\"300\" srcset=\"https:\/\/gkvitkovice.cz\/wp-content\/uploads\/2020\/09\/Bez-n\u00e1zvu-213x300.jpg 213w, https:\/\/gkvitkovice.cz\/wp-content\/uploads\/2020\/09\/Bez-n\u00e1zvu.jpg 672w\" sizes=\"(max-width: 213px) 100vw, 213px\" \/><\/a>M\u00e1te Vy nebo Va\u0161e d\u00edt\u011b z\u00e1jem studovat na Sportovn\u00edm gymn\u00e1ziu v Ostrav\u011b?<\/p>\n<p>P\u0159ij\u010fte se pod\u00edvat na Dny otev\u0159en\u00fdch dve\u0159\u00ed!!!<\/p>\n","protected":false},"excerpt":{"rendered":"<p><a href=\"http:\/\/gkvitkovice.cz\/wp-content\/uploads\/2020\/09\/Bez-n\u00e1zvu.jpg\"><img loading=\"lazy\" class=\"size-medium wp-image-3298 alignleft\" src=\"http:\/\/gkvitkovice.cz\/wp-content\/uploads\/2020\/09\/Bez-n\u00e1zvu-213x300.jpg\" alt=\"\" width=\"213\" height=\"300\" srcset=\"https:\/\/gkvitkovice.cz\/wp-content\/uploads\/2020\/09\/Bez-n\u00e1zvu-213x300.jpg 213w, https:\/\/gkvitkovice.cz\/wp-content\/uploads\/2020\/09\/Bez-n\u00e1zvu.jpg 672w\" sizes=\"(max-width: 213px) 100vw, 213px\" \/><\/a>M\u00e1te Vy nebo Va\u0161e d\u00edt\u011b z\u00e1jem studovat na Sportovn\u00edm gymn\u00e1ziu v Ostrav\u011b?<\/p>\n<p>P\u0159ij\u010fte se pod\u00edvat na Dny otev\u0159en\u00fdch dve\u0159\u00ed!!!<\/p>\n","protected":false},"author":1,"featured_media":0,"comment_status":"closed","ping_status":"open","sticky":false,"template":"","format":"standard","meta":[],"categories":[15],"tags":[],"_links":{"self":[{"href":"https:\/\/gkvitkovice.cz\/index.php?rest_route=\/wp\/v2\/posts\/3297"}],"collection":[{"href":"https:\/\/gkvitkovice.cz\/index.php?rest_route=\/wp\/v2\/posts"}],"about":[{"href":"https:\/\/gkvitkovice.cz\/index.php?rest_route=\/wp\/v2\/types\/post"}],"author":[{"embeddable":true,"href":"https:\/\/gkvitkovice.cz\/index.php?rest_route=\/wp\/v2\/users\/1"}],"replies":[{"embeddable":true,"href":"https:\/\/gkvitkovice.cz\/index.php?rest_route=%2Fwp%2Fv2%2Fcomments&post=3297"}],"version-history":[{"count":1,"href":"https:\/\/gkvitkovice.cz\/index.php?rest_route=\/wp\/v2\/posts\/3297\/revisions"}],"predecessor-version":[{"id":3299,"href":"https:\/\/gkvitkovice.cz\/index.php?rest_route=\/wp\/v2\/posts\/3297\/revisions\/3299"}],"wp:attachment":[{"href":"https:\/\/gkvitkovice.cz\/index.php?rest_route=%2Fwp%2Fv2%2Fmedia&parent=3297"}],"wp:term":[{"taxonomy":"category","embeddable":true,"href":"https:\/\/gkvitkovice.cz\/index.php?rest_route=%2Fwp%2Fv2%2Fcategories&post=3297"},{"taxonomy":"post_tag","embeddable":true,"href":"https:\/\/gkvitkovice.cz\/index.php?rest_route=%2Fwp%2Fv2%2Ftags&post=3297"}],"curies":[{"name":"wp","href":"https:\/\/api.w.org\/{rel}","templated":true}]}}