{"id":3316,"date":"2020-10-15T06:29:09","date_gmt":"2020-10-15T06:29:09","guid":{"rendered":"http:\/\/gkvitkovice.cz\/?p=3316"},"modified":"2021-04-28T21:05:34","modified_gmt":"2021-04-28T21:05:34","slug":"den-otevrenych-dveri-na-sportovnim-gymnaziu-zruseno","status":"publish","type":"post","link":"https:\/\/gkvitkovice.cz\/?p=3316","title":{"rendered":"Den otev\u0159en\u00fdch dve\u0159\u00ed na Sportovn\u00edm gymn\u00e1ziu &#8211; ZRU\u0160ENO!!!"},"content":{"rendered":"<p><a href=\"http:\/\/gkvitkovice.cz\/wp-content\/uploads\/2020\/09\/Bez-n\u00e1zvu.jpg\"><img loading=\"lazy\" class=\"size-medium wp-image-3298 alignleft\" src=\"http:\/\/gkvitkovice.cz\/wp-content\/uploads\/2020\/09\/Bez-n\u00e1zvu-213x300.jpg\" alt=\"\" width=\"213\" height=\"300\" srcset=\"https:\/\/gkvitkovice.cz\/wp-content\/uploads\/2020\/09\/Bez-n\u00e1zvu-213x300.jpg 213w, https:\/\/gkvitkovice.cz\/wp-content\/uploads\/2020\/09\/Bez-n\u00e1zvu.jpg 672w\" sizes=\"(max-width: 213px) 100vw, 213px\" \/><\/a>Na z\u00e1klad\u011b vl\u00e1dn\u00edch opat\u0159en\u00ed je zru\u0161en Den otev\u0159en\u00fdch dve\u0159\u00ed na Sportovn\u00edm gymn\u00e1ziu v Ostrav\u011b.<\/p>\n<p>Informace o studiu a p\u0159ij\u00edmac\u00edm \u0159\u00edzen\u00ed p\u0159ed\u00e1 z\u00e1jemc\u016fm tren\u00e9rka Sportovn\u00edho gymn\u00e1zia Sv\u011btlana Grmelov\u00e1:<\/p>\n<p>telefon: +420 722 567 699<\/p>\n<p>e-mail:\u00a0svetlana.grmelova@volny.cz<\/p>\n<p>D\u011bkujeme za pochopen\u00ed.<\/p>\n","protected":false},"excerpt":{"rendered":"<p><a href=\"http:\/\/gkvitkovice.cz\/wp-content\/uploads\/2020\/09\/Bez-n\u00e1zvu.jpg\"><img loading=\"lazy\" class=\"size-medium wp-image-3298 alignleft\" src=\"http:\/\/gkvitkovice.cz\/wp-content\/uploads\/2020\/09\/Bez-n\u00e1zvu-213x300.jpg\" alt=\"\" width=\"213\" height=\"300\" srcset=\"https:\/\/gkvitkovice.cz\/wp-content\/uploads\/2020\/09\/Bez-n\u00e1zvu-213x300.jpg 213w, https:\/\/gkvitkovice.cz\/wp-content\/uploads\/2020\/09\/Bez-n\u00e1zvu.jpg 672w\" sizes=\"(max-width: 213px) 100vw, 213px\" \/><\/a>Na z\u00e1klad\u011b vl\u00e1dn\u00edch opat\u0159en\u00ed je zru\u0161en Den otev\u0159en\u00fdch dve\u0159\u00ed na Sportovn\u00edm gymn\u00e1ziu v Ostrav\u011b.<\/p>\n","protected":false},"author":1,"featured_media":0,"comment_status":"closed","ping_status":"open","sticky":false,"template":"","format":"standard","meta":[],"categories":[15],"tags":[],"_links":{"self":[{"href":"https:\/\/gkvitkovice.cz\/index.php?rest_route=\/wp\/v2\/posts\/3316"}],"collection":[{"href":"https:\/\/gkvitkovice.cz\/index.php?rest_route=\/wp\/v2\/posts"}],"about":[{"href":"https:\/\/gkvitkovice.cz\/index.php?rest_route=\/wp\/v2\/types\/post"}],"author":[{"embeddable":true,"href":"https:\/\/gkvitkovice.cz\/index.php?rest_route=\/wp\/v2\/users\/1"}],"replies":[{"embeddable":true,"href":"https:\/\/gkvitkovice.cz\/index.php?rest_route=%2Fwp%2Fv2%2Fcomments&post=3316"}],"version-history":[{"count":3,"href":"https:\/\/gkvitkovice.cz\/index.php?rest_route=\/wp\/v2\/posts\/3316\/revisions"}],"predecessor-version":[{"id":3565,"href":"https:\/\/gkvitkovice.cz\/index.php?rest_route=\/wp\/v2\/posts\/3316\/revisions\/3565"}],"wp:attachment":[{"href":"https:\/\/gkvitkovice.cz\/index.php?rest_route=%2Fwp%2Fv2%2Fmedia&parent=3316"}],"wp:term":[{"taxonomy":"category","embeddable":true,"href":"https:\/\/gkvitkovice.cz\/index.php?rest_route=%2Fwp%2Fv2%2Fcategories&post=3316"},{"taxonomy":"post_tag","embeddable":true,"href":"https:\/\/gkvitkovice.cz\/index.php?rest_route=%2Fwp%2Fv2%2Ftags&post=3316"}],"curies":[{"name":"wp","href":"https:\/\/api.w.org\/{rel}","templated":true}]}}