{"id":3522,"date":"2021-05-12T16:51:27","date_gmt":"2021-05-12T16:51:27","guid":{"rendered":"http:\/\/gkvitkovice.cz\/?p=3522"},"modified":"2021-05-12T20:08:00","modified_gmt":"2021-05-12T20:08:00","slug":"velka-jarni-fotosoutez","status":"publish","type":"post","link":"https:\/\/gkvitkovice.cz\/?p=3522","title":{"rendered":"Velk\u00e1 jarn\u00ed fotosout\u011b\u017e"},"content":{"rendered":"<p style=\"text-align: center;\"><span style=\"color: #ff0000;\">&#8212; POZOR &#8212; POZOR &#8212; POZOR &#8212;<\/span><\/p>\n<p style=\"text-align: center;\"><strong>Vzhledem k dubnov\u00e9mu velmi chladn\u00e9mu a de\u0161tiv\u00e9mu po\u010das\u00ed jsme se rozhodli prodlou\u017eit jarn\u00ed fotosout\u011b\u017e do ned\u011ble 30. 5. 2021<\/strong><\/p>\n<p><a href=\"http:\/\/gkvitkovice.cz\/wp-content\/uploads\/2021\/04\/gym_jaro.jpg\"><img loading=\"lazy\" class=\"alignleft wp-image-3523\" src=\"http:\/\/gkvitkovice.cz\/wp-content\/uploads\/2021\/04\/gym_jaro-300x231.jpg\" alt=\"\" width=\"247\" height=\"190\" srcset=\"https:\/\/gkvitkovice.cz\/wp-content\/uploads\/2021\/04\/gym_jaro-300x231.jpg 300w, https:\/\/gkvitkovice.cz\/wp-content\/uploads\/2021\/04\/gym_jaro.jpg 595w\" sizes=\"(max-width: 247px) 100vw, 247px\" \/><\/a>M\u00e1me tady kone\u010dn\u011b jaro, v\u0161echno se probouz\u00ed, rozkv\u00e9t\u00e1 a je kr\u00e1sn\u011b barevn\u00e9. Kluci i holky, vyra\u017ete do p\u0159\u00edrody nas\u00e1t jarn\u00ed atmosf\u00e9ru a u toho se vyfo\u0165te v origin\u00e1ln\u00ed gymnastick\u00e9 p\u00f3ze. A nejl\u00e9pe i v gymnastick\u00e9m dresu, alespo\u0148 zjist\u00edte, zda ho po zim\u011b nem\u00e1te mal\u00fd \ud83d\ude42<\/p>\n<div>Sout\u011b\u017e je vyhl\u00e1\u0161en\u00e1 pro v\u0161echny \u010dleny na\u0161eho odd\u00edlu. <span style=\"color: #ff0000;\">Fotografie zas\u00edlejte na e-mail gkvitkovice@seznam.cz do 30. 5. 2021.<\/span> Porota op\u011bt vybere ty nejn\u00e1padit\u011bj\u0161\u00ed.<\/div>\n<div><\/div>\n","protected":false},"excerpt":{"rendered":"<p style=\"text-align: center;\"><span style=\"color: #ff0000;\">&#8212; POZOR &#8212; POZOR &#8212; POZOR &#8212;<\/span><\/p>\n<p style=\"text-align: center;\"><strong>Vzhledem k dubnov\u00e9mu velmi chladn\u00e9mu a de\u0161tiv\u00e9mu po\u010das\u00ed jsme se rozhodli prodlou\u017eit jarn\u00ed fotosout\u011b\u017e do ned\u011ble 30. 5. 2021<\/strong><\/p>\n<p><a href=\"http:\/\/gkvitkovice.cz\/wp-content\/uploads\/2021\/04\/gym_jaro.jpg\"><img loading=\"lazy\" class=\"alignleft wp-image-3523\" src=\"http:\/\/gkvitkovice.cz\/wp-content\/uploads\/2021\/04\/gym_jaro-300x231.jpg\" alt=\"\" width=\"247\" height=\"190\" srcset=\"https:\/\/gkvitkovice.cz\/wp-content\/uploads\/2021\/04\/gym_jaro-300x231.jpg 300w, https:\/\/gkvitkovice.cz\/wp-content\/uploads\/2021\/04\/gym_jaro.jpg 595w\" sizes=\"(max-width: 247px) 100vw, 247px\" \/><\/a>M\u00e1me tady kone\u010dn\u011b jaro, v\u0161echno se probouz\u00ed, rozkv\u00e9t\u00e1 a je kr\u00e1sn\u011b barevn\u00e9. Kluci i holky, vyra\u017ete do p\u0159\u00edrody nas\u00e1t jarn\u00ed atmosf\u00e9ru a u toho se vyfo\u0165te v origin\u00e1ln\u00ed gymnastick\u00e9 p\u00f3ze. A nejl\u00e9pe i v gymnastick\u00e9m dresu, alespo\u0148 zjist\u00edte, zda ho po zim\u011b nem\u00e1te mal\u00fd \ud83d\ude42<\/p>\n","protected":false},"author":1,"featured_media":0,"comment_status":"closed","ping_status":"open","sticky":false,"template":"","format":"standard","meta":[],"categories":[16],"tags":[],"_links":{"self":[{"href":"https:\/\/gkvitkovice.cz\/index.php?rest_route=\/wp\/v2\/posts\/3522"}],"collection":[{"href":"https:\/\/gkvitkovice.cz\/index.php?rest_route=\/wp\/v2\/posts"}],"about":[{"href":"https:\/\/gkvitkovice.cz\/index.php?rest_route=\/wp\/v2\/types\/post"}],"author":[{"embeddable":true,"href":"https:\/\/gkvitkovice.cz\/index.php?rest_route=\/wp\/v2\/users\/1"}],"replies":[{"embeddable":true,"href":"https:\/\/gkvitkovice.cz\/index.php?rest_route=%2Fwp%2Fv2%2Fcomments&post=3522"}],"version-history":[{"count":6,"href":"https:\/\/gkvitkovice.cz\/index.php?rest_route=\/wp\/v2\/posts\/3522\/revisions"}],"predecessor-version":[{"id":3572,"href":"https:\/\/gkvitkovice.cz\/index.php?rest_route=\/wp\/v2\/posts\/3522\/revisions\/3572"}],"wp:attachment":[{"href":"https:\/\/gkvitkovice.cz\/index.php?rest_route=%2Fwp%2Fv2%2Fmedia&parent=3522"}],"wp:term":[{"taxonomy":"category","embeddable":true,"href":"https:\/\/gkvitkovice.cz\/index.php?rest_route=%2Fwp%2Fv2%2Fcategories&post=3522"},{"taxonomy":"post_tag","embeddable":true,"href":"https:\/\/gkvitkovice.cz\/index.php?rest_route=%2Fwp%2Fv2%2Ftags&post=3522"}],"curies":[{"name":"wp","href":"https:\/\/api.w.org\/{rel}","templated":true}]}}