{"id":3546,"date":"2021-04-17T23:04:53","date_gmt":"2021-04-17T23:04:53","guid":{"rendered":"http:\/\/gkvitkovice.cz\/?p=3546"},"modified":"2021-04-23T18:12:44","modified_gmt":"2021-04-23T18:12:44","slug":"sportovci-roku-sg-sportovni-gymnazium-ostrava","status":"publish","type":"post","link":"https:\/\/gkvitkovice.cz\/?p=3546","title":{"rendered":"Sportovci roku SG &#8211; Sportovn\u00ed gymn\u00e1zium Ostrava"},"content":{"rendered":"<p><a href=\"http:\/\/gkvitkovice.cz\/wp-content\/uploads\/2021\/04\/logo_SG.png\"><img loading=\"lazy\" class=\"alignleft size-medium wp-image-3547\" src=\"http:\/\/gkvitkovice.cz\/wp-content\/uploads\/2021\/04\/logo_SG-300x68.png\" alt=\"\" width=\"300\" height=\"68\" srcset=\"https:\/\/gkvitkovice.cz\/wp-content\/uploads\/2021\/04\/logo_SG-300x68.png 300w, https:\/\/gkvitkovice.cz\/wp-content\/uploads\/2021\/04\/logo_SG-392x90.png 392w, https:\/\/gkvitkovice.cz\/wp-content\/uploads\/2021\/04\/logo_SG-390x90.png 390w, https:\/\/gkvitkovice.cz\/wp-content\/uploads\/2021\/04\/logo_SG.png 396w\" sizes=\"(max-width: 300px) 100vw, 300px\" \/><\/a>Nela \u0160t\u011bpandov\u00e1 byla spolu s dal\u0161\u00edmi studenty vyhl\u00e1\u0161ena jako nej\u00fasp\u011b\u0161n\u011bj\u0161\u00ed sportovec za rok 2020 Sportovn\u00edho gymn\u00e1zia Dany a Emila Z\u00e1topkov\u00fdch. Gratulujeme.<\/p>\n<p>V\u00edze na str\u00e1nk\u00e1ch SG <a href=\"https:\/\/www.sportgym-ostrava.cz\/sportovci-roku-sg\/\">ZDE<\/a>.<\/p>\n","protected":false},"excerpt":{"rendered":"<p><a href=\"http:\/\/gkvitkovice.cz\/wp-content\/uploads\/2021\/04\/logo_SG.png\"><img loading=\"lazy\" class=\"alignleft size-medium wp-image-3547\" src=\"http:\/\/gkvitkovice.cz\/wp-content\/uploads\/2021\/04\/logo_SG-300x68.png\" alt=\"\" width=\"300\" height=\"68\" srcset=\"https:\/\/gkvitkovice.cz\/wp-content\/uploads\/2021\/04\/logo_SG-300x68.png 300w, https:\/\/gkvitkovice.cz\/wp-content\/uploads\/2021\/04\/logo_SG-392x90.png 392w, https:\/\/gkvitkovice.cz\/wp-content\/uploads\/2021\/04\/logo_SG-390x90.png 390w, https:\/\/gkvitkovice.cz\/wp-content\/uploads\/2021\/04\/logo_SG.png 396w\" sizes=\"(max-width: 300px) 100vw, 300px\" \/><\/a>Nela \u0160t\u011bpandov\u00e1 byla spolu s dal\u0161\u00edmi studenty vyhl\u00e1\u0161ena jako nej\u00fasp\u011b\u0161n\u011bj\u0161\u00ed sportovec za rok 2020 Sportovn\u00edho gymn\u00e1zia Dany a Emila Z\u00e1topkov\u00fdch. Gratulujeme.<\/p>\n<p>V\u00edze na str\u00e1nk\u00e1ch SG <a href=\"https:\/\/www.sportgym-ostrava.cz\/sportovci-roku-sg\/\">ZDE<\/a>.<\/p>\n","protected":false},"author":1,"featured_media":0,"comment_status":"closed","ping_status":"open","sticky":false,"template":"","format":"standard","meta":[],"categories":[16],"tags":[],"_links":{"self":[{"href":"https:\/\/gkvitkovice.cz\/index.php?rest_route=\/wp\/v2\/posts\/3546"}],"collection":[{"href":"https:\/\/gkvitkovice.cz\/index.php?rest_route=\/wp\/v2\/posts"}],"about":[{"href":"https:\/\/gkvitkovice.cz\/index.php?rest_route=\/wp\/v2\/types\/post"}],"author":[{"embeddable":true,"href":"https:\/\/gkvitkovice.cz\/index.php?rest_route=\/wp\/v2\/users\/1"}],"replies":[{"embeddable":true,"href":"https:\/\/gkvitkovice.cz\/index.php?rest_route=%2Fwp%2Fv2%2Fcomments&post=3546"}],"version-history":[{"count":2,"href":"https:\/\/gkvitkovice.cz\/index.php?rest_route=\/wp\/v2\/posts\/3546\/revisions"}],"predecessor-version":[{"id":3549,"href":"https:\/\/gkvitkovice.cz\/index.php?rest_route=\/wp\/v2\/posts\/3546\/revisions\/3549"}],"wp:attachment":[{"href":"https:\/\/gkvitkovice.cz\/index.php?rest_route=%2Fwp%2Fv2%2Fmedia&parent=3546"}],"wp:term":[{"taxonomy":"category","embeddable":true,"href":"https:\/\/gkvitkovice.cz\/index.php?rest_route=%2Fwp%2Fv2%2Fcategories&post=3546"},{"taxonomy":"post_tag","embeddable":true,"href":"https:\/\/gkvitkovice.cz\/index.php?rest_route=%2Fwp%2Fv2%2Ftags&post=3546"}],"curies":[{"name":"wp","href":"https:\/\/api.w.org\/{rel}","templated":true}]}}