{"id":3836,"date":"2021-06-22T14:37:37","date_gmt":"2021-06-22T14:37:37","guid":{"rendered":"http:\/\/gkvitkovice.cz\/?p=3836"},"modified":"2021-06-22T14:41:33","modified_gmt":"2021-06-22T14:41:33","slug":"cviceni-pro-dospele-a-rekracni-gymnastika","status":"publish","type":"post","link":"https:\/\/gkvitkovice.cz\/?p=3836","title":{"rendered":"Cvi\u010den\u00ed pro dosp\u011bl\u00e9 a rekrea\u010dn\u00ed gymnastika"},"content":{"rendered":"<p><a href=\"http:\/\/gkvitkovice.cz\/wp-content\/uploads\/2017\/03\/vykricniky_nad_ostravou_03_150x120.jpg\"><img loading=\"lazy\" class=\"alignleft size-full wp-image-1082\" src=\"http:\/\/gkvitkovice.cz\/wp-content\/uploads\/2017\/03\/vykricniky_nad_ostravou_03_150x120.jpg\" alt=\"\" width=\"150\" height=\"120\" \/><\/a>V p\u0159\u00edpad\u011b z\u00e1jmu o \u00fa\u010dast v kurzu <a href=\"http:\/\/gkvitkovice.cz\/?page_id=58\">Cvi\u010den\u00ed pro dosp\u011bl\u00e9<\/a> a <a href=\"http:\/\/gkvitkovice.cz\/?page_id=2020\">Rekrea\u010dn\u00ed gymnastika<\/a>\u00a0pros\u00edme o vypln\u011bn\u00ed p\u0159ihl\u00e1\u0161ek a zasl\u00e1n\u00ed na e-mail gkvitkovice@seznam.cz. P\u0159ihl\u00e1\u0161ky ke sta\u017een\u00ed naleznete na dan\u00fdch str\u00e1nk\u00e1ch po kliknut\u00ed na odkazy v\u00fd\u0161e.<\/p>\n<p>B\u011bhem pr\u00e1zdnin V\u00e1s budeme na z\u00e1klad\u011b zaslan\u00fdch p\u0159ihl\u00e1\u0161ek kontaktovat a pozveme V\u00e1s na prvn\u00ed tr\u00e9nink.<\/p>\n<p>&nbsp;<\/p>\n","protected":false},"excerpt":{"rendered":"<p><a href=\"http:\/\/gkvitkovice.cz\/wp-content\/uploads\/2017\/03\/vykricniky_nad_ostravou_03_150x120.jpg\"><img loading=\"lazy\" class=\"alignleft size-full wp-image-1082\" src=\"http:\/\/gkvitkovice.cz\/wp-content\/uploads\/2017\/03\/vykricniky_nad_ostravou_03_150x120.jpg\" alt=\"\" width=\"150\" height=\"120\" \/><\/a>V p\u0159\u00edpad\u011b z\u00e1jmu o \u00fa\u010dast v kurzu <a href=\"http:\/\/gkvitkovice.cz\/?page_id=58\">Cvi\u010den\u00ed pro dosp\u011bl\u00e9<\/a> a <a href=\"http:\/\/gkvitkovice.cz\/?page_id=2020\">Rekrea\u010dn\u00ed gymnastika<\/a>\u00a0pros\u00edme o vypln\u011bn\u00ed p\u0159ihl\u00e1\u0161ek a zasl\u00e1n\u00ed na e-mail gkvitkovice@seznam.cz. P\u0159ihl\u00e1\u0161ky ke sta\u017een\u00ed naleznete na dan\u00fdch str\u00e1nk\u00e1ch po kliknut\u00ed na odkazy v\u00fd\u0161e.<\/p>\n<p>B\u011bhem pr\u00e1zdnin V\u00e1s budeme na z\u00e1klad\u011b zaslan\u00fdch p\u0159ihl\u00e1\u0161ek kontaktovat a pozveme V\u00e1s na prvn\u00ed tr\u00e9nink.<\/p>\n","protected":false},"author":1,"featured_media":0,"comment_status":"closed","ping_status":"open","sticky":false,"template":"","format":"standard","meta":[],"categories":[16],"tags":[],"_links":{"self":[{"href":"https:\/\/gkvitkovice.cz\/index.php?rest_route=\/wp\/v2\/posts\/3836"}],"collection":[{"href":"https:\/\/gkvitkovice.cz\/index.php?rest_route=\/wp\/v2\/posts"}],"about":[{"href":"https:\/\/gkvitkovice.cz\/index.php?rest_route=\/wp\/v2\/types\/post"}],"author":[{"embeddable":true,"href":"https:\/\/gkvitkovice.cz\/index.php?rest_route=\/wp\/v2\/users\/1"}],"replies":[{"embeddable":true,"href":"https:\/\/gkvitkovice.cz\/index.php?rest_route=%2Fwp%2Fv2%2Fcomments&post=3836"}],"version-history":[{"count":4,"href":"https:\/\/gkvitkovice.cz\/index.php?rest_route=\/wp\/v2\/posts\/3836\/revisions"}],"predecessor-version":[{"id":3840,"href":"https:\/\/gkvitkovice.cz\/index.php?rest_route=\/wp\/v2\/posts\/3836\/revisions\/3840"}],"wp:attachment":[{"href":"https:\/\/gkvitkovice.cz\/index.php?rest_route=%2Fwp%2Fv2%2Fmedia&parent=3836"}],"wp:term":[{"taxonomy":"category","embeddable":true,"href":"https:\/\/gkvitkovice.cz\/index.php?rest_route=%2Fwp%2Fv2%2Fcategories&post=3836"},{"taxonomy":"post_tag","embeddable":true,"href":"https:\/\/gkvitkovice.cz\/index.php?rest_route=%2Fwp%2Fv2%2Ftags&post=3836"}],"curies":[{"name":"wp","href":"https:\/\/api.w.org\/{rel}","templated":true}]}}