{"id":4189,"date":"2021-09-23T19:34:53","date_gmt":"2021-09-23T19:34:53","guid":{"rendered":"http:\/\/gkvitkovice.cz\/?p=4189"},"modified":"2021-09-23T19:34:54","modified_gmt":"2021-09-23T19:34:54","slug":"dny-otevrenych-dveri-na-sportovnim-gymnaziu-2","status":"publish","type":"post","link":"https:\/\/gkvitkovice.cz\/?p=4189","title":{"rendered":"Dny otev\u0159en\u00fdch dve\u0159\u00ed na Sportovn\u00edm gymn\u00e1ziu"},"content":{"rendered":"<p><a href=\"http:\/\/gkvitkovice.cz\/wp-content\/uploads\/2021\/09\/0001-scaled.jpg\"><img loading=\"lazy\" class=\"alignleft size-medium wp-image-4190\" src=\"http:\/\/gkvitkovice.cz\/wp-content\/uploads\/2021\/09\/0001-212x300.jpg\" alt=\"\" width=\"212\" height=\"300\" srcset=\"https:\/\/gkvitkovice.cz\/wp-content\/uploads\/2021\/09\/0001-212x300.jpg 212w, https:\/\/gkvitkovice.cz\/wp-content\/uploads\/2021\/09\/0001-724x1024.jpg 724w, https:\/\/gkvitkovice.cz\/wp-content\/uploads\/2021\/09\/0001-768x1086.jpg 768w, https:\/\/gkvitkovice.cz\/wp-content\/uploads\/2021\/09\/0001-1086x1536.jpg 1086w, https:\/\/gkvitkovice.cz\/wp-content\/uploads\/2021\/09\/0001-1448x2048.jpg 1448w, https:\/\/gkvitkovice.cz\/wp-content\/uploads\/2021\/09\/0001-scaled.jpg 1811w\" sizes=\"(max-width: 212px) 100vw, 212px\" \/><\/a>M\u00e1te Vy nebo Va\u0161e d\u011bti z\u00e1jem o studium na Sportovn\u00edm gymn\u00e1ziu Dany a Emila Z\u00e1topkov\u00fdch?<\/p>\n<p>P\u0159ij\u010fte se pod\u00edvat na Dny otev\u0159en\u00fdch dve\u0159\u00ed!<\/p>\n","protected":false},"excerpt":{"rendered":"<p><a href=\"http:\/\/gkvitkovice.cz\/wp-content\/uploads\/2021\/09\/0001-scaled.jpg\"><img loading=\"lazy\" class=\"alignleft size-medium wp-image-4190\" src=\"http:\/\/gkvitkovice.cz\/wp-content\/uploads\/2021\/09\/0001-212x300.jpg\" alt=\"\" width=\"212\" height=\"300\" srcset=\"https:\/\/gkvitkovice.cz\/wp-content\/uploads\/2021\/09\/0001-212x300.jpg 212w, https:\/\/gkvitkovice.cz\/wp-content\/uploads\/2021\/09\/0001-724x1024.jpg 724w, https:\/\/gkvitkovice.cz\/wp-content\/uploads\/2021\/09\/0001-768x1086.jpg 768w, https:\/\/gkvitkovice.cz\/wp-content\/uploads\/2021\/09\/0001-1086x1536.jpg 1086w, https:\/\/gkvitkovice.cz\/wp-content\/uploads\/2021\/09\/0001-1448x2048.jpg 1448w, https:\/\/gkvitkovice.cz\/wp-content\/uploads\/2021\/09\/0001-scaled.jpg 1811w\" sizes=\"(max-width: 212px) 100vw, 212px\" \/><\/a>M\u00e1te Vy nebo Va\u0161e d\u011bti z\u00e1jem o studium na Sportovn\u00edm gymn\u00e1ziu Dany a Emila Z\u00e1topkov\u00fdch?<\/p>\n<p>P\u0159ij\u010fte se pod\u00edvat na Dny otev\u0159en\u00fdch dve\u0159\u00ed!<\/p>\n","protected":false},"author":1,"featured_media":0,"comment_status":"closed","ping_status":"open","sticky":false,"template":"","format":"standard","meta":[],"categories":[16],"tags":[],"_links":{"self":[{"href":"https:\/\/gkvitkovice.cz\/index.php?rest_route=\/wp\/v2\/posts\/4189"}],"collection":[{"href":"https:\/\/gkvitkovice.cz\/index.php?rest_route=\/wp\/v2\/posts"}],"about":[{"href":"https:\/\/gkvitkovice.cz\/index.php?rest_route=\/wp\/v2\/types\/post"}],"author":[{"embeddable":true,"href":"https:\/\/gkvitkovice.cz\/index.php?rest_route=\/wp\/v2\/users\/1"}],"replies":[{"embeddable":true,"href":"https:\/\/gkvitkovice.cz\/index.php?rest_route=%2Fwp%2Fv2%2Fcomments&post=4189"}],"version-history":[{"count":1,"href":"https:\/\/gkvitkovice.cz\/index.php?rest_route=\/wp\/v2\/posts\/4189\/revisions"}],"predecessor-version":[{"id":4191,"href":"https:\/\/gkvitkovice.cz\/index.php?rest_route=\/wp\/v2\/posts\/4189\/revisions\/4191"}],"wp:attachment":[{"href":"https:\/\/gkvitkovice.cz\/index.php?rest_route=%2Fwp%2Fv2%2Fmedia&parent=4189"}],"wp:term":[{"taxonomy":"category","embeddable":true,"href":"https:\/\/gkvitkovice.cz\/index.php?rest_route=%2Fwp%2Fv2%2Fcategories&post=4189"},{"taxonomy":"post_tag","embeddable":true,"href":"https:\/\/gkvitkovice.cz\/index.php?rest_route=%2Fwp%2Fv2%2Ftags&post=4189"}],"curies":[{"name":"wp","href":"https:\/\/api.w.org\/{rel}","templated":true}]}}