{"id":4212,"date":"2021-10-12T12:03:56","date_gmt":"2021-10-12T12:03:56","guid":{"rendered":"http:\/\/gkvitkovice.cz\/?p=4212"},"modified":"2021-10-12T12:08:09","modified_gmt":"2021-10-12T12:08:09","slug":"prebor-moravskoslezskeho-kraje-2021","status":"publish","type":"post","link":"https:\/\/gkvitkovice.cz\/?p=4212","title":{"rendered":"P\u0159ebor Moravskoslezsk\u00e9ho kraje 2021"},"content":{"rendered":"<div id=\"fb-root\"><\/div>\n<p><script async=\"\" defer=\"\" crossorigin=\"anonymous\" src=\"https:\/\/connect.facebook.net\/cs_CZ\/sdk.js#xfbml=1&amp;version=v12.0\" nonce=\"sf3fAnE9\"><\/script><\/p>\n\n\n<div class=\"wp-block-image\"><figure class=\"aligncenter size-large is-resized\"><a href=\"http:\/\/gkvitkovice.cz\/wp-content\/uploads\/2021\/10\/received_662775857989146.jpeg\"><img loading=\"lazy\" src=\"http:\/\/gkvitkovice.cz\/wp-content\/uploads\/2021\/10\/received_662775857989146-768x1024.jpeg\" alt=\"\" class=\"wp-image-4213\" width=\"384\" height=\"512\" srcset=\"https:\/\/gkvitkovice.cz\/wp-content\/uploads\/2021\/10\/received_662775857989146-768x1024.jpeg 768w, https:\/\/gkvitkovice.cz\/wp-content\/uploads\/2021\/10\/received_662775857989146-225x300.jpeg 225w, https:\/\/gkvitkovice.cz\/wp-content\/uploads\/2021\/10\/received_662775857989146.jpeg 828w\" sizes=\"(max-width: 384px) 100vw, 384px\" \/><\/a><\/figure><\/div>\n\n\n\n<p>V sobotu 9. 10. 2021 se na\u0161e d\u011bv\u010data z\u00fa\u010dastnila P\u0159eboru Moravskoslezsk\u00e9ho kraje nepostupov\u00fdch kategori\u00ed v Kop\u0159ivnici. Na\u0161e d\u011bv\u010data op\u011bt p\u0159edvedla skv\u011bl\u00e9 v\u00fdkony, ve v\u011bt\u0161in\u011b kategori\u00ed, ve kter\u00fdch jsme m\u011bli zastoupen\u00ed, se n\u00e1m poda\u0159ilo vybojovat n\u011bkter\u00fd z cenn\u00fdch kov\u016f.<\/p>\n\n\n\n<p>Nejlep\u0161\u00ed v\u00fdkony p\u0159edvedly:<br>VS1B \u2013 1. m\u00edsto<strong> Elen Kantorov\u00e1<\/strong>, 2. m\u00edsto <strong>Liliana Mlyn\u00e1\u0159ov\u00e1<\/strong><br>VS0A ( 5 \u2013 6 let ) \u2013 1. m\u00edsto<strong> Liliana Such\u00e1<\/strong>, 2. m\u00edsto <strong>Elen \u0160ilerov\u00e1<\/strong>, 3. m\u00edsto <strong>Julie Marszolkov\u00e1<\/strong>, 4. m\u00edsto <strong>Marika \u0160perl\u00ednov\u00e1<\/strong>, 5. m\u00edsto <strong>Vivien Farn\u00edkov\u00e1<\/strong>, 8. m\u00edsto <strong>Karol\u00edna Ka\u0148ov\u00e1<\/strong>, 9. m\u00edsto <strong>Anna Nov\u00e1kov\u00e1<\/strong>, 10. m\u00edsto <strong>Nela Nov\u00e1kov\u00e1<\/strong>, 11. m\u00edsto <strong>Eli\u0161ka Oplerov\u00e1<\/strong><br>VSOA ( 7 \u2013 8 let ) \u2013 1. m\u00edsto <strong>Anna Ulehlov\u00e1<\/strong>, 4. m\u00edsto <strong>Veronika Bolibruchov\u00e1<\/strong>, 6. m\u00edsto <strong>Nat\u00e1lie Mat\u00fa\u0161ov\u00e1<\/strong>, 7. <strong>Lenka Jandov\u00e1<\/strong>, 8. m\u00edsto <strong>Apolena Francov\u00e1<\/strong>, 9. m\u00edsto <strong>Mia Kova\u0159\u010d\u00edkov\u00e1<\/strong>,<br>VS0B \u2013 7. m\u00edsto <strong>Barbora Lubojack\u00e1<\/strong><\/p>\n\n\n\n<p>Pro n\u011bkter\u00e1 d\u011bv\u010data to byl \u00fapln\u011b prvn\u00ed z\u00e1vod mimo dom\u00e1c\u00ed t\u011blocvi\u010dnu, ale i p\u0159esto obsadila kr\u00e1sn\u00e1 m\u00edsta, a proto pat\u0159\u00ed gratulace v\u0161em z\u00e1vodnic\u00edm a samoz\u0159ejm\u011b i tren\u00e9r\u016fm.<\/p>\n\n\n\n<p>V\u00fdsledky <a rel=\"noreferrer noopener\" href=\"https:\/\/www.gymfed.cz\/vysledky\/detail\/2213\" target=\"_blank\">ZDE<\/a><\/p>\n\n\n\n<p>Fotky <a rel=\"noreferrer noopener\" href=\"https:\/\/gkvitkovice.rajce.idnes.cz\/Prebor_Moravskoslezskeho_kraje_9.10.2021%2C_Koprivnice\/\" target=\"_blank\">ZDE<\/a><\/p>\n\n\n<div class=\"fb-like\" data-href=\"http:\/\/gkvitkovice.cz\/?p=4212\" data-width=\"\" data-layout=\"standard\" data-action=\"like\" data-size=\"small\" data-share=\"true\"><\/div>","protected":false},"excerpt":{"rendered":"<div class=\"wp-block-image\">\n<figure class=\"aligncenter size-large is-resized\"><a href=\"http:\/\/gkvitkovice.cz\/wp-content\/uploads\/2021\/10\/received_662775857989146.jpeg\"><img loading=\"lazy\" src=\"http:\/\/gkvitkovice.cz\/wp-content\/uploads\/2021\/10\/received_662775857989146-768x1024.jpeg\" alt=\"\" class=\"wp-image-4213\" width=\"384\" height=\"512\" srcset=\"https:\/\/gkvitkovice.cz\/wp-content\/uploads\/2021\/10\/received_662775857989146-768x1024.jpeg 768w, https:\/\/gkvitkovice.cz\/wp-content\/uploads\/2021\/10\/received_662775857989146-225x300.jpeg 225w, https:\/\/gkvitkovice.cz\/wp-content\/uploads\/2021\/10\/received_662775857989146.jpeg 828w\" sizes=\"(max-width: 384px) 100vw, 384px\" \/><\/a><\/figure>\n<\/div>\n<p><!-- \/wp:image --><\/p>\n<p><!-- wp:paragraph --><\/p>\n<p>V sobotu 9. 10. 2021 se na\u0161e d\u011bv\u010data z\u00fa\u010dastnila P\u0159eboru Moravskoslezsk\u00e9ho kraje nepostupov\u00fdch kategori\u00ed v Kop\u0159ivnici. Na\u0161e d\u011bv\u010data op\u011bt p\u0159edvedla skv\u011bl\u00e9 v\u00fdkony, ve v\u011bt\u0161in\u011b kategori\u00ed, ve kter\u00fdch jsme m\u011bli zastoupen\u00ed, se n\u00e1m poda\u0159ilo vybojovat n\u011bkter\u00fd z cenn\u00fdch kov\u016f.<\/p>\n","protected":false},"author":1,"featured_media":0,"comment_status":"closed","ping_status":"open","sticky":false,"template":"","format":"standard","meta":[],"categories":[16],"tags":[],"_links":{"self":[{"href":"https:\/\/gkvitkovice.cz\/index.php?rest_route=\/wp\/v2\/posts\/4212"}],"collection":[{"href":"https:\/\/gkvitkovice.cz\/index.php?rest_route=\/wp\/v2\/posts"}],"about":[{"href":"https:\/\/gkvitkovice.cz\/index.php?rest_route=\/wp\/v2\/types\/post"}],"author":[{"embeddable":true,"href":"https:\/\/gkvitkovice.cz\/index.php?rest_route=\/wp\/v2\/users\/1"}],"replies":[{"embeddable":true,"href":"https:\/\/gkvitkovice.cz\/index.php?rest_route=%2Fwp%2Fv2%2Fcomments&post=4212"}],"version-history":[{"count":3,"href":"https:\/\/gkvitkovice.cz\/index.php?rest_route=\/wp\/v2\/posts\/4212\/revisions"}],"predecessor-version":[{"id":4217,"href":"https:\/\/gkvitkovice.cz\/index.php?rest_route=\/wp\/v2\/posts\/4212\/revisions\/4217"}],"wp:attachment":[{"href":"https:\/\/gkvitkovice.cz\/index.php?rest_route=%2Fwp%2Fv2%2Fmedia&parent=4212"}],"wp:term":[{"taxonomy":"category","embeddable":true,"href":"https:\/\/gkvitkovice.cz\/index.php?rest_route=%2Fwp%2Fv2%2Fcategories&post=4212"},{"taxonomy":"post_tag","embeddable":true,"href":"https:\/\/gkvitkovice.cz\/index.php?rest_route=%2Fwp%2Fv2%2Ftags&post=4212"}],"curies":[{"name":"wp","href":"https:\/\/api.w.org\/{rel}","templated":true}]}}