{"id":4221,"date":"2021-10-14T09:08:03","date_gmt":"2021-10-14T09:08:03","guid":{"rendered":"http:\/\/gkvitkovice.cz\/?p=4221"},"modified":"2021-10-14T09:09:18","modified_gmt":"2021-10-14T09:09:18","slug":"soutezni-maraton-2021","status":"publish","type":"post","link":"https:\/\/gkvitkovice.cz\/?p=4221","title":{"rendered":"Sout\u011b\u017en\u00ed maraton 2021"},"content":{"rendered":"<div id=\"fb-root\"><\/div>\n<p><script async=\"\" defer=\"\" crossorigin=\"anonymous\" src=\"https:\/\/connect.facebook.net\/cs_CZ\/sdk.js#xfbml=1&amp;version=v12.0\" nonce=\"20VCOl7f\"><\/script><\/p>\n\n\n<div class=\"wp-block-image\"><figure class=\"aligncenter size-large is-resized\"><a href=\"http:\/\/gkvitkovice.cz\/wp-content\/uploads\/2021\/10\/IMG-20210911-WA0029.jpg\"><img loading=\"lazy\" src=\"http:\/\/gkvitkovice.cz\/wp-content\/uploads\/2021\/10\/IMG-20210911-WA0029-768x1024.jpg\" alt=\"\" class=\"wp-image-4223\" width=\"384\" height=\"512\" srcset=\"https:\/\/gkvitkovice.cz\/wp-content\/uploads\/2021\/10\/IMG-20210911-WA0029-768x1024.jpg 768w, https:\/\/gkvitkovice.cz\/wp-content\/uploads\/2021\/10\/IMG-20210911-WA0029-225x300.jpg 225w, https:\/\/gkvitkovice.cz\/wp-content\/uploads\/2021\/10\/IMG-20210911-WA0029-1152x1536.jpg 1152w, https:\/\/gkvitkovice.cz\/wp-content\/uploads\/2021\/10\/IMG-20210911-WA0029.jpg 1200w\" sizes=\"(max-width: 384px) 100vw, 384px\" \/><\/a><\/figure><\/div>\n\n\n\n<p>V&nbsp;term\u00ednu od 11. 9. 2021 absolvovala na\u0161e d\u011bv\u010data sout\u011b\u017en\u00ed maraton, kter\u00fd odstartoval P\u0159eborem m\u011bsta Ostravy z\u00e1vodn\u00edch kategori\u00ed linie A, B i C, v\u010detn\u011b nejmen\u0161\u00edch, za\u010d\u00ednaj\u00edc\u00edch z\u00e1vodnic. V\u0161echny na\u0161e z\u00e1vodnice p\u0159edvedly moc p\u011bkn\u00e9 v\u00fdkony a v&nbsp;ka\u017ed\u00e9 kategorii, ve kter\u00e9 m\u011bl GK V\u00edtkovice zastoupen\u00ed, obsadily p\u0159edn\u00ed p\u0159\u00ed\u010dky, v\u010detn\u011b t\u011bch medailov\u00fdch.<\/p>\n\n\n\n<p>Fotky <a rel=\"noreferrer noopener\" href=\"https:\/\/gkvitkovice.rajce.idnes.cz\/Mestsky_prebor_Ostrava_11.9.2021\/\" target=\"_blank\">ZDE<\/a><\/p>\n\n\n\n<p>V\u00fdsledky <a rel=\"noreferrer noopener\" href=\"https:\/\/www.gymfed.cz\/vysledky\/detail\/2211\" target=\"_blank\">ZDE<\/a><\/p>\n\n\n\n<p>Na tento z\u00e1vod nav\u00e1zal plynule dne 18. 9. 2021 p\u0159ebor Moravskoslezsk\u00e9ho kraje postupov\u00fdch kategori\u00ed, kter\u00fd byl rovn\u011b\u017e kvalifikac\u00ed na M\u010cR linie A a linie B v&nbsp;Ostrav\u011b a M\u010cR linie C v Praze. P\u0159\u00edmou \u00fa\u010dast na nadch\u00e1zej\u00edc\u00ed M\u010cR si vybojovaly v kategorii VS1A \u2013 <strong>Frederika Prutkayov\u00e1<\/strong> a <strong>S\u00e1ra K\u0159i\u017eo\u0161\u010dakov\u00e1<\/strong>, v&nbsp;kategorii VS2A \u2013 <strong>Barbora Skotnicov\u00e1<\/strong>, <strong>Linda Rakov\u00e1<\/strong> a <strong>Ad\u00e9la Chudov\u00e1<\/strong>, v&nbsp;kategorii VS4B \u2013 <strong>Aneta Neni\u010dkov\u00e1<\/strong>, v&nbsp;kategorii VS5B \u2013 <strong>Aneta Nykodymov\u00e1<\/strong>, <strong>Dominika Friedrichov\u00e1<\/strong>, v&nbsp;kategorii VS3C \u2013 <strong>Ema Kiesewetterov\u00e1<\/strong>, v&nbsp;kategorii VS4C \u2013 <strong>Elen Ludwigov\u00e1<\/strong> a v&nbsp;kategorii VS6C \u2013 <strong>Nat\u00e1lie Najdekov\u00e1<\/strong>.<\/p>\n\n\n\n<p>V\u00fdsledky <a rel=\"noreferrer noopener\" href=\"https:\/\/www.gymfed.cz\/vysledky\/detail\/2210\" target=\"_blank\">ZDE<\/a><\/p>\n\n\n\n<div class=\"wp-block-image\"><figure class=\"aligncenter size-large is-resized\"><a href=\"http:\/\/gkvitkovice.cz\/wp-content\/uploads\/2021\/10\/IMG-20210926-WA0000.jpg\"><img loading=\"lazy\" src=\"http:\/\/gkvitkovice.cz\/wp-content\/uploads\/2021\/10\/IMG-20210926-WA0000-768x1024.jpg\" alt=\"\" class=\"wp-image-4222\" width=\"384\" height=\"512\" srcset=\"https:\/\/gkvitkovice.cz\/wp-content\/uploads\/2021\/10\/IMG-20210926-WA0000-768x1024.jpg 768w, https:\/\/gkvitkovice.cz\/wp-content\/uploads\/2021\/10\/IMG-20210926-WA0000-225x300.jpg 225w, https:\/\/gkvitkovice.cz\/wp-content\/uploads\/2021\/10\/IMG-20210926-WA0000-1152x1536.jpg 1152w, https:\/\/gkvitkovice.cz\/wp-content\/uploads\/2021\/10\/IMG-20210926-WA0000.jpg 1536w\" sizes=\"(max-width: 384px) 100vw, 384px\" \/><\/a><\/figure><\/div>\n\n\n\n<p>\u010c\u00e1st d\u011bv\u010dat se pak v&nbsp;n\u00e1sleduj\u00edc\u00edm t\u00fddnu vydala na kvalifika\u010dn\u00ed z\u00e1vod kategorie VS2A a VS3A do Prahy. Z\u00e1vod kategorie VS3A prob\u011bhl 25. 9. 2021 v&nbsp;pozdn\u00edch odpoledn\u00edch hodin\u00e1ch a v&nbsp;konkurenci 46 d\u011bv\u010dat si svou \u00fa\u010dast na M\u010cR vybojovaly kr\u00e1sn\u00fdm 13. m\u00edstem <strong>Ad\u00e9la Nykodymov\u00e1<\/strong> a 18. m\u00edstem <strong>Kate\u0159ina B\u00e1rtkov\u00e1<\/strong>. V&nbsp;ned\u011bli 26. 9. 2021 na n\u011b nav\u00e1zaly rovn\u011b\u017e d\u011bv\u010data z\u00e1vod\u00edc\u00ed v&nbsp;kategorii VS2A, kde o postup na M\u010cR bojovalo 55 z\u00e1vodnic. <strong>Barboru Skotnicovou<\/strong>, kter\u00e1 potvrdila svou \u00fa\u010dast na M\u010cR 1. m\u00edstem v&nbsp;kvalifikaci, doplnily z&nbsp;10. m\u00edsta <strong>Julie Biolkov\u00e1 <\/strong>a z&nbsp;26. m\u00edsta <strong>Zoe Kol\u00e1\u0159ov\u00e1<\/strong>. <strong>Lucie Li\u0161kov\u00e1<\/strong>, kter\u00e1 skon\u010dila v&nbsp;kvalifikaci na 50. m\u00edst\u011b, byla za\u0159azena jako prvn\u00ed n\u00e1hradnice.<\/p>\n\n\n\n<p>Sou\u010dasn\u011b s kvalifika\u010dn\u00edm z\u00e1vodem prob\u011bhlo v sobotu 25. 9. 2021 dopoledne v t\u011blocvi\u010dn\u011b TJ Bohemians Praha Mistrovstv\u00ed \u010cR kadetek, kter\u00e9ho se z d\u016fvodu karant\u00e9ny bohu\u017eel nemohla z\u00fa\u010dastnit st\u0159\u00edbrn\u00e1 z p\u0159eboru kraje <strong>Klaudie Hynek<\/strong> a p\u00e1t\u00e1 <strong>Roz\u00e1lie O\u017eanov\u00e1<\/strong>. Na\u0161e barvy tak h\u00e1jily <strong>Lucie G\u0159e\u0161ov\u00e1<\/strong>, kter\u00e1 obsadila p\u011bkn\u00e9 12. m\u00edsto a <strong>Nat\u00e1lie Papou\u0161kov\u00e1<\/strong>, kter\u00e1 skon\u010dila 14.<\/p>\n\n\n\n<p>Fotky <a rel=\"noreferrer noopener\" href=\"https:\/\/gkvitkovice.rajce.idnes.cz\/MCR_VS4A%2C_kvalifikace_VS3A%2C_VS2A%2C_25.-26.9.2021%2C_Praha\/\" target=\"_blank\">ZDE<\/a><\/p>\n\n\n\n<p>V\u00fdsledky M\u010cR VS4A <a href=\"https:\/\/www.gymfed.cz\/vysledky\/detail\/2167\" target=\"_blank\" rel=\"noreferrer noopener\">ZDE<\/a><\/p>\n\n\n\n<p>V\u00fdsledky kvalifikace VS3A, VS2A <a href=\"https:\/\/www.gymfed.cz\/vysledky\/detail\/2168\" target=\"_blank\" rel=\"noreferrer noopener\">ZDE<\/a><\/p>\n\n\n\n<p>Z\u00e1vodn\u00ed program pokra\u010duje t\u011bmito z\u00e1vody:<\/p>\n\n\n\n<p>1. &#8211; 3. 10. 2021 &nbsp;&nbsp;&nbsp;&nbsp;&nbsp;&nbsp;&nbsp;&nbsp;  Mistrovstv\u00ed \u010cR jednotlivky\u0148 (VS)<\/p>\n\n\n\n<p>9. 10. 2021&nbsp;&nbsp;&nbsp;&nbsp;&nbsp;&nbsp;&nbsp;&nbsp;&nbsp;&nbsp;&nbsp;&nbsp;&nbsp;&nbsp;&nbsp;&nbsp; P\u0159ebor Moravskoslezsk\u00e9ho kraje nepostupov\u00fdch kategori\u00ed<\/p>\n\n\n\n<p>15. &#8211; 17. 10. 2021&nbsp;&nbsp;&nbsp;&nbsp;&nbsp;&nbsp; Mistrovstv\u00ed \u010cR jednotlivky\u0148 \u201eC\u201c<\/p>\n\n\n\n<p>V\u0161em d\u011bv\u010dat\u016fm d\u011bkujeme za p\u0159edveden\u00e9 v\u00fdkony a tren\u00e9r\u016fm za jejich p\u0159\u00edpravu.<\/p>\n\n\n\n<p><p><em>(Tereza Skotnicov\u00e1)<\/em><\/p>\n<div class=\"fb-like\" data-href=\"http:\/\/gkvitkovice.cz\/?p=4221\" data-width=\"\" data-layout=\"standard\" data-action=\"like\" data-size=\"small\" data-share=\"true\"><\/div><\/p>\n","protected":false},"excerpt":{"rendered":"<p><!-- wp:image {\"align\":\"center\",\"id\":4222,\"width\":384,\"height\":512,\"sizeSlug\":\"large\",\"linkDestination\":\"media\"} --><\/p>\n<div class=\"wp-block-image\">\n<figure class=\"aligncenter size-large is-resized\"><a href=\"http:\/\/gkvitkovice.cz\/wp-content\/uploads\/2021\/10\/IMG-20210926-WA0000.jpg\"><img loading=\"lazy\" src=\"http:\/\/gkvitkovice.cz\/wp-content\/uploads\/2021\/10\/IMG-20210926-WA0000-768x1024.jpg\" alt=\"\" class=\"wp-image-4222\" width=\"384\" height=\"512\" srcset=\"https:\/\/gkvitkovice.cz\/wp-content\/uploads\/2021\/10\/IMG-20210926-WA0000-768x1024.jpg 768w, https:\/\/gkvitkovice.cz\/wp-content\/uploads\/2021\/10\/IMG-20210926-WA0000-225x300.jpg 225w, https:\/\/gkvitkovice.cz\/wp-content\/uploads\/2021\/10\/IMG-20210926-WA0000-1152x1536.jpg 1152w, https:\/\/gkvitkovice.cz\/wp-content\/uploads\/2021\/10\/IMG-20210926-WA0000.jpg 1536w\" sizes=\"(max-width: 384px) 100vw, 384px\" \/><\/a><\/figure>\n<\/div>\n<p><!-- \/wp:image --><\/p>\n<p><!-- wp:paragraph --><\/p>\n<p>V\u00a0term\u00ednu od 11. 9. 2021 absolvovala na\u0161e d\u011bv\u010data sout\u011b\u017en\u00ed maraton, kter\u00fd odstartoval P\u0159eborem m\u011bsta Ostravy z\u00e1vodn\u00edch kategori\u00ed linie A, B i C, v\u010detn\u011b nejmen\u0161\u00edch, za\u010d\u00ednaj\u00edc\u00edch z\u00e1vodnic. <\/p>\n","protected":false},"author":1,"featured_media":0,"comment_status":"closed","ping_status":"open","sticky":false,"template":"","format":"standard","meta":[],"categories":[16],"tags":[],"_links":{"self":[{"href":"https:\/\/gkvitkovice.cz\/index.php?rest_route=\/wp\/v2\/posts\/4221"}],"collection":[{"href":"https:\/\/gkvitkovice.cz\/index.php?rest_route=\/wp\/v2\/posts"}],"about":[{"href":"https:\/\/gkvitkovice.cz\/index.php?rest_route=\/wp\/v2\/types\/post"}],"author":[{"embeddable":true,"href":"https:\/\/gkvitkovice.cz\/index.php?rest_route=\/wp\/v2\/users\/1"}],"replies":[{"embeddable":true,"href":"https:\/\/gkvitkovice.cz\/index.php?rest_route=%2Fwp%2Fv2%2Fcomments&post=4221"}],"version-history":[{"count":2,"href":"https:\/\/gkvitkovice.cz\/index.php?rest_route=\/wp\/v2\/posts\/4221\/revisions"}],"predecessor-version":[{"id":4226,"href":"https:\/\/gkvitkovice.cz\/index.php?rest_route=\/wp\/v2\/posts\/4221\/revisions\/4226"}],"wp:attachment":[{"href":"https:\/\/gkvitkovice.cz\/index.php?rest_route=%2Fwp%2Fv2%2Fmedia&parent=4221"}],"wp:term":[{"taxonomy":"category","embeddable":true,"href":"https:\/\/gkvitkovice.cz\/index.php?rest_route=%2Fwp%2Fv2%2Fcategories&post=4221"},{"taxonomy":"post_tag","embeddable":true,"href":"https:\/\/gkvitkovice.cz\/index.php?rest_route=%2Fwp%2Fv2%2Ftags&post=4221"}],"curies":[{"name":"wp","href":"https:\/\/api.w.org\/{rel}","templated":true}]}}