{"id":4256,"date":"2021-11-17T08:19:30","date_gmt":"2021-11-17T08:19:30","guid":{"rendered":"http:\/\/gkvitkovice.cz\/?p=4256"},"modified":"2021-11-17T08:20:30","modified_gmt":"2021-11-17T08:20:30","slug":"mcr-tg-2021","status":"publish","type":"post","link":"https:\/\/gkvitkovice.cz\/?p=4256","title":{"rendered":"M\u010cR TG 2021"},"content":{"rendered":"<div id=\"fb-root\"><\/div>\n<p><script async=\"\" defer=\"\" crossorigin=\"anonymous\" src=\"https:\/\/connect.facebook.net\/cs_CZ\/sdk.js#xfbml=1&amp;version=v12.0\" nonce=\"xIqOlNv5\"><\/script><\/p>\n\n\n<div class=\"wp-block-image\"><figure class=\"aligncenter size-large is-resized\"><a href=\"http:\/\/gkvitkovice.cz\/wp-content\/uploads\/2021\/11\/07_FotoTG_3.jpg\"><img loading=\"lazy\" src=\"http:\/\/gkvitkovice.cz\/wp-content\/uploads\/2021\/11\/07_FotoTG_3.jpg\" alt=\"\" class=\"wp-image-4257\" width=\"450\" height=\"300\" srcset=\"https:\/\/gkvitkovice.cz\/wp-content\/uploads\/2021\/11\/07_FotoTG_3.jpg 600w, https:\/\/gkvitkovice.cz\/wp-content\/uploads\/2021\/11\/07_FotoTG_3-300x200.jpg 300w\" sizes=\"(max-width: 450px) 100vw, 450px\" \/><\/a><\/figure><\/div>\n\n\n<p>28. 10. 2021 jsme, stejn\u011b jako p\u0159edloni, vyrazili do sportovn\u00ed haly UP Olomouc na teamgymov\u00e9 mistrovstv\u00ed \u010cR.<br>Po dvou a p\u016fl letech jsme se utkali s t\u011bmi nejlep\u0161\u00edmi v kategorii junior II. V souboji 16ti t\u00fdm\u016f z cel\u00e9 \u010cR jsme obsadili \u010dtvrt\u00e9 m\u00edsto. Medaile n\u00e1m utekla o pouh\u00fdch 0,13 b.<br>Po\u0159adatelem se stala TJ Chropyn\u011b, z\u00e1vod prob\u011bhl v klidn\u00e9 atmosf\u00e9\u0159e, a byl \u017eiv\u011b p\u0159en\u00e1\u0161en na gymtv. V\u0161em fanou\u0161k\u016fm v hale i u po\u010d\u00edta\u010de moc d\u011bkujeme za podporu a u\u017e nyn\u00ed se t\u011b\u0161\u00edme na jaro \ud83d\ude42<br>Slo\u017een\u00ed t\u00fdmu: Adam\u00edkov\u00e1, Friedrichov\u00e1, G\u0159e\u0161ov\u00e1, Hynek, Kr\u00fdsov\u00e1, O\u017eanov\u00e1, Papou\u0161kov\u00e1 a tren\u00e9rky G. Hynek a L. Papou\u0161kov\u00e1. Na pomoc jsme p\u0159ibrali A. Orliczkovou z TJ T\u0159ince (moc d\u011bkujeme za p\u016fj\u010den\u00ed).<\/p>\n<p>Fotky <a href=\"https:\/\/gkvitkovice.rajce.idnes.cz\/MCR_TG_2021%2C_kat._junior_II\/\" target=\"_blank\" rel=\"noopener\">ZDE<\/a><\/p>\n<p><em>(Gabriela Hynek)<\/em><\/p>\n\n\n<figure class=\"wp-block-image size-large\"><a href=\"blob:http:\/\/gkvitkovice.cz\/02a7483d-e9ff-4db8-b218-fe5a6be09868\"><img src=\"blob:http:\/\/gkvitkovice.cz\/02a7483d-e9ff-4db8-b218-fe5a6be09868\" alt=\"\"\/><\/a><\/figure>\n\n\n<div class=\"fb-like\" data-href=\"http:\/\/gkvitkovice.cz\/?p=4256\" data-width=\"\" data-layout=\"standard\" data-action=\"like\" data-size=\"small\" data-share=\"true\"><\/div>","protected":false},"excerpt":{"rendered":"<p><!-- wp:image {\"align\":\"center\",\"id\":4257,\"width\":450,\"height\":300,\"sizeSlug\":\"large\",\"linkDestination\":\"media\"} --><\/p>\n<div class=\"wp-block-image\">\n<figure class=\"aligncenter size-large is-resized\"><a href=\"http:\/\/gkvitkovice.cz\/wp-content\/uploads\/2021\/11\/07_FotoTG_3.jpg\"><img loading=\"lazy\" src=\"http:\/\/gkvitkovice.cz\/wp-content\/uploads\/2021\/11\/07_FotoTG_3.jpg\" alt=\"\" class=\"wp-image-4257\" width=\"450\" height=\"300\" srcset=\"https:\/\/gkvitkovice.cz\/wp-content\/uploads\/2021\/11\/07_FotoTG_3.jpg 600w, https:\/\/gkvitkovice.cz\/wp-content\/uploads\/2021\/11\/07_FotoTG_3-300x200.jpg 300w\" sizes=\"(max-width: 450px) 100vw, 450px\" \/><\/a><\/figure>\n<\/div>\n<p><!-- \/wp:image --><\/p>\n<p>28. 10. 2021 jsme, stejn\u011b jako p\u0159edloni, vyrazili do sportovn\u00ed haly UP Olomouc na teamgymov\u00e9 mistrovstv\u00ed \u010cR.<\/p>\n","protected":false},"author":1,"featured_media":0,"comment_status":"closed","ping_status":"open","sticky":false,"template":"","format":"standard","meta":[],"categories":[16],"tags":[],"_links":{"self":[{"href":"https:\/\/gkvitkovice.cz\/index.php?rest_route=\/wp\/v2\/posts\/4256"}],"collection":[{"href":"https:\/\/gkvitkovice.cz\/index.php?rest_route=\/wp\/v2\/posts"}],"about":[{"href":"https:\/\/gkvitkovice.cz\/index.php?rest_route=\/wp\/v2\/types\/post"}],"author":[{"embeddable":true,"href":"https:\/\/gkvitkovice.cz\/index.php?rest_route=\/wp\/v2\/users\/1"}],"replies":[{"embeddable":true,"href":"https:\/\/gkvitkovice.cz\/index.php?rest_route=%2Fwp%2Fv2%2Fcomments&post=4256"}],"version-history":[{"count":2,"href":"https:\/\/gkvitkovice.cz\/index.php?rest_route=\/wp\/v2\/posts\/4256\/revisions"}],"predecessor-version":[{"id":4259,"href":"https:\/\/gkvitkovice.cz\/index.php?rest_route=\/wp\/v2\/posts\/4256\/revisions\/4259"}],"wp:attachment":[{"href":"https:\/\/gkvitkovice.cz\/index.php?rest_route=%2Fwp%2Fv2%2Fmedia&parent=4256"}],"wp:term":[{"taxonomy":"category","embeddable":true,"href":"https:\/\/gkvitkovice.cz\/index.php?rest_route=%2Fwp%2Fv2%2Fcategories&post=4256"},{"taxonomy":"post_tag","embeddable":true,"href":"https:\/\/gkvitkovice.cz\/index.php?rest_route=%2Fwp%2Fv2%2Ftags&post=4256"}],"curies":[{"name":"wp","href":"https:\/\/api.w.org\/{rel}","templated":true}]}}