{"id":4260,"date":"2021-11-17T08:30:00","date_gmt":"2021-11-17T08:30:00","guid":{"rendered":"http:\/\/gkvitkovice.cz\/?p=4260"},"modified":"2021-11-17T08:30:42","modified_gmt":"2021-11-17T08:30:42","slug":"mestsky-prebor-druzstev-zakyne-a-liga-2021","status":"publish","type":"post","link":"https:\/\/gkvitkovice.cz\/?p=4260","title":{"rendered":"M\u011bstsk\u00fd p\u0159ebor dru\u017estev &#8211; \u017e\u00e1kyn\u011b a liga 2021"},"content":{"rendered":"<div id=\"fb-root\"><\/div>\n<p><script async=\"\" defer=\"\" crossorigin=\"anonymous\" src=\"https:\/\/connect.facebook.net\/cs_CZ\/sdk.js#xfbml=1&amp;version=v12.0\" nonce=\"yfBfiyWg\"><\/script><\/p>\n\n\n<div class=\"wp-block-image\"><figure class=\"aligncenter size-large is-resized\"><a href=\"http:\/\/gkvitkovice.cz\/wp-content\/uploads\/2021\/11\/MP_podzim2021_48.jpg\"><img loading=\"lazy\" src=\"http:\/\/gkvitkovice.cz\/wp-content\/uploads\/2021\/11\/MP_podzim2021_48-1024x682.jpg\" alt=\"\" class=\"wp-image-4263\" width=\"768\" height=\"512\" srcset=\"https:\/\/gkvitkovice.cz\/wp-content\/uploads\/2021\/11\/MP_podzim2021_48-1024x682.jpg 1024w, https:\/\/gkvitkovice.cz\/wp-content\/uploads\/2021\/11\/MP_podzim2021_48-300x200.jpg 300w, https:\/\/gkvitkovice.cz\/wp-content\/uploads\/2021\/11\/MP_podzim2021_48-768x512.jpg 768w, https:\/\/gkvitkovice.cz\/wp-content\/uploads\/2021\/11\/MP_podzim2021_48-1536x1024.jpg 1536w, https:\/\/gkvitkovice.cz\/wp-content\/uploads\/2021\/11\/MP_podzim2021_48.jpg 2000w\" sizes=\"(max-width: 768px) 100vw, 768px\" \/><\/a><\/figure><\/div>\n\n\n<p>13. 11. 2021 jsme uspo\u0159\u00e1dali MP, kter\u00e9ho se \u00fa\u010dastnilo necel\u00fdch sto d\u011bv\u010dat ze \u010dty\u0159 odd\u00edl\u016f z cel\u00e9 Ostravy. Nejv\u011bt\u0161\u00ed zastoupen\u00ed m\u011bl n\u00e1\u0161 odd\u00edl a zaslou\u017een\u011b si d\u011bv\u010data ze v\u0161ech kategori\u00ed (krom\u011b \u017e\u00e1ky\u0148 B) odvezla kovy nejcenn\u011bj\u0161\u00ed.<br>Z\u00e1vod prob\u011bhl dle \u010dasov\u00e9ho pl\u00e1nu a hygienick\u00fdch opat\u0159en\u00ed.<br>Moc d\u011bkujeme po\u0159adatel\u016fm, tren\u00e9r\u016fm, rozhod\u010d\u00edm, ale i div\u00e1k\u016fm a z\u00e1vodnic\u00edm za pohodov\u00fd z\u00e1vod.<\/p>\n<p>V\u00fdsledky <a href=\"https:\/\/www.gymfed.cz\/vysledky\/detail\/2267\" target=\"_blank\" rel=\"noopener\">ZDE<\/a><\/p>\n<p>Fotky <a href=\"https:\/\/gkvitkovice.rajce.idnes.cz\/MP_druzstev%2C_13._11._2021\/\" target=\"_blank\" rel=\"noopener\">ZDE<\/a><\/p>\n<p><em>(Gabriela Hynek)<\/em><\/p>\n<div class=\"fb-like\" data-href=\"http:\/\/gkvitkovice.cz\/?p=4260\" data-width=\"\" data-layout=\"standard\" data-action=\"like\" data-size=\"small\" data-share=\"true\"><\/div>","protected":false},"excerpt":{"rendered":"<p><!-- wp:image {\"align\":\"center\",\"id\":4263,\"width\":768,\"height\":512,\"sizeSlug\":\"large\",\"linkDestination\":\"media\"} --><\/p>\n<div class=\"wp-block-image\">\n<figure class=\"aligncenter size-large is-resized\"><a href=\"http:\/\/gkvitkovice.cz\/wp-content\/uploads\/2021\/11\/MP_podzim2021_48.jpg\"><img loading=\"lazy\" src=\"http:\/\/gkvitkovice.cz\/wp-content\/uploads\/2021\/11\/MP_podzim2021_48-1024x682.jpg\" alt=\"\" class=\"wp-image-4263\" width=\"768\" height=\"512\" srcset=\"https:\/\/gkvitkovice.cz\/wp-content\/uploads\/2021\/11\/MP_podzim2021_48-1024x682.jpg 1024w, https:\/\/gkvitkovice.cz\/wp-content\/uploads\/2021\/11\/MP_podzim2021_48-300x200.jpg 300w, https:\/\/gkvitkovice.cz\/wp-content\/uploads\/2021\/11\/MP_podzim2021_48-768x512.jpg 768w, https:\/\/gkvitkovice.cz\/wp-content\/uploads\/2021\/11\/MP_podzim2021_48-1536x1024.jpg 1536w, https:\/\/gkvitkovice.cz\/wp-content\/uploads\/2021\/11\/MP_podzim2021_48.jpg 2000w\" sizes=\"(max-width: 768px) 100vw, 768px\" \/><\/a><\/figure>\n<\/div>\n<p><!-- \/wp:image --><\/p>\n<p>13. 11. 2021 jsme uspo\u0159\u00e1dali MP, kter\u00e9ho se \u00fa\u010dastnilo necel\u00fdch sto d\u011bv\u010dat ze \u010dty\u0159 odd\u00edl\u016f z cel\u00e9 Ostravy. <\/p>\n","protected":false},"author":1,"featured_media":0,"comment_status":"closed","ping_status":"open","sticky":false,"template":"","format":"standard","meta":[],"categories":[16],"tags":[],"_links":{"self":[{"href":"https:\/\/gkvitkovice.cz\/index.php?rest_route=\/wp\/v2\/posts\/4260"}],"collection":[{"href":"https:\/\/gkvitkovice.cz\/index.php?rest_route=\/wp\/v2\/posts"}],"about":[{"href":"https:\/\/gkvitkovice.cz\/index.php?rest_route=\/wp\/v2\/types\/post"}],"author":[{"embeddable":true,"href":"https:\/\/gkvitkovice.cz\/index.php?rest_route=\/wp\/v2\/users\/1"}],"replies":[{"embeddable":true,"href":"https:\/\/gkvitkovice.cz\/index.php?rest_route=%2Fwp%2Fv2%2Fcomments&post=4260"}],"version-history":[{"count":5,"href":"https:\/\/gkvitkovice.cz\/index.php?rest_route=\/wp\/v2\/posts\/4260\/revisions"}],"predecessor-version":[{"id":4266,"href":"https:\/\/gkvitkovice.cz\/index.php?rest_route=\/wp\/v2\/posts\/4260\/revisions\/4266"}],"wp:attachment":[{"href":"https:\/\/gkvitkovice.cz\/index.php?rest_route=%2Fwp%2Fv2%2Fmedia&parent=4260"}],"wp:term":[{"taxonomy":"category","embeddable":true,"href":"https:\/\/gkvitkovice.cz\/index.php?rest_route=%2Fwp%2Fv2%2Fcategories&post=4260"},{"taxonomy":"post_tag","embeddable":true,"href":"https:\/\/gkvitkovice.cz\/index.php?rest_route=%2Fwp%2Fv2%2Ftags&post=4260"}],"curies":[{"name":"wp","href":"https:\/\/api.w.org\/{rel}","templated":true}]}}