{"id":4286,"date":"2021-11-29T15:58:07","date_gmt":"2021-11-29T15:58:07","guid":{"rendered":"http:\/\/gkvitkovice.cz\/?p=4286"},"modified":"2021-11-29T15:59:32","modified_gmt":"2021-11-29T15:59:32","slug":"memorial-very-medove-2021","status":"publish","type":"post","link":"https:\/\/gkvitkovice.cz\/?p=4286","title":{"rendered":"Memori\u00e1l V\u011bry Medov\u00e9 2021"},"content":{"rendered":"<div id=\"fb-root\"><\/div>\n<p><script async=\"\" defer=\"\" crossorigin=\"anonymous\" src=\"https:\/\/connect.facebook.net\/cs_CZ\/sdk.js#xfbml=1&amp;version=v12.0\" nonce=\"obHeX73Z\"><\/script><\/p>\n\n\n<div class=\"wp-block-image\"><figure class=\"aligncenter size-large is-resized\"><a href=\"http:\/\/gkvitkovice.cz\/wp-content\/uploads\/2021\/11\/262253337_562331955065935_3030724707884971989_n.jpg\"><img loading=\"lazy\" src=\"http:\/\/gkvitkovice.cz\/wp-content\/uploads\/2021\/11\/262253337_562331955065935_3030724707884971989_n.jpg\" alt=\"\" class=\"wp-image-4287\" width=\"361\" height=\"480\" srcset=\"https:\/\/gkvitkovice.cz\/wp-content\/uploads\/2021\/11\/262253337_562331955065935_3030724707884971989_n.jpg 721w, https:\/\/gkvitkovice.cz\/wp-content\/uploads\/2021\/11\/262253337_562331955065935_3030724707884971989_n-225x300.jpg 225w\" sizes=\"(max-width: 361px) 100vw, 361px\" \/><\/a><\/figure><\/div>\n\n\n\n<p>V&nbsp;ned\u011bli 28. 11. 2021 uspo\u0159\u00e1dal odd\u00edl sportovn\u00ed gymnastiky TJ Sokol Kampa tradi\u010dn\u00ed z\u00e1vod \u017e\u00e1ky\u0148 ve 3 v\u011bkov\u00fdch kategori\u00edch. <\/p>\n\n\n\n<p>V&nbsp;III. kategorii z\u00e1vodnic ro\u010d. 2011-2012 nastoupila nejpo\u010detn\u011bj\u0161\u00ed skupina z\u00e1vodnic na\u0161eho klubu. P\u0159esto\u017ee holky musely vst\u00e1vat hodn\u011b brzy, aby stihly organizovan\u00e9 rozcvi\u010den\u00ed, nevedly si v\u016fbec \u0161patn\u011b \u2013 <strong>Ad\u00e9la Chudov\u00e1<\/strong> zv\u00edt\u011bzila,<strong> Katka Ad\u00e1mkov\u00e1<\/strong>, kter\u00e1 startuje za sv\u016fj mate\u0159sk\u00fd odd\u00edl TJ Vala\u0161sk\u00e9 Mezi\u0159\u00ed\u010d\u00ed, ale p\u0159ipravuje se v&nbsp;na\u0161em klubu pod veden\u00edm tren\u00e9rky Moniky Prutkayov\u00e9, z\u00edskala bronzovou medaili, <strong>Linda Rakov\u00e1<\/strong> obsadila kr\u00e1sn\u00e9 4. m\u00edsto a do 10 nejlep\u0161\u00edch se ve\u0161ly i <strong>M\u00ed\u0161a Vavro\u0161ov\u00e1<\/strong> na 8. m\u00edst\u011b a <strong>Julie Biolkov\u00e1<\/strong> na 9. m\u00edst\u011b. M\u00ed\u0161a p\u0159idala za \u010dist\u011b zacvi\u010denou sestavu na kladin\u011b je\u0161t\u011b 2. m\u00edsto v&nbsp;Cen\u011b Aleny Z\u00e1mostn\u00e9. Um\u00edst\u011bn\u00ed dal\u0161\u00edch na\u0161ich z\u00e1vodnic &#8211; <strong>Zoe Kol\u00e1\u0159ov\u00e1<\/strong> obsadila 19. m\u00edsto, <strong>Kl\u00e1rka Pape\u017eov\u00e1<\/strong> 24. m\u00edsto,<strong> Elen Kantorov\u00e1 <\/strong>25. a<strong> Lili Mlyn\u00e1\u0159ov\u00e1<\/strong> po nezdarech na kladin\u011b 38. m\u00edsto.<\/p>\n\n\n\n<p>V&nbsp;druh\u00e9 kategorii \u017e\u00e1ky\u0148 ro\u010d. 2013-2014 startovaly 3 na\u0161e z\u00e1vodnice. <strong>Frederka Prutkayov\u00e1<\/strong> p\u0159edvedla na v\u0161ech n\u00e1\u0159ad\u00edch velmi p\u011bkn\u00e9 sestavy a zaslou\u017een\u011b z\u00edskala zlatou medaili. Tak\u00e9 o rok mlad\u0161\u00ed <strong>Ani\u010dka Ulehlov\u00e1<\/strong> a <strong>Nat\u00e1lka Mat\u00fa\u0161ov\u00e1<\/strong> cvi\u010dily moc p\u011bkn\u011b, Ani\u010dka obsadila v\u00fdborn\u00e9 11. m\u00edsto a Nat\u00e1lka 32. m\u00edsto.<\/p>\n\n\n\n<p>V&nbsp;posledn\u00ed kategorii \u017e\u00e1ky\u0148 ro\u010d. 2015-2016 nastoupily 2 na\u0161e z\u00e1vodnice. Jen o 0,15 bodu byla lep\u0161\u00ed <strong>Elenka \u0160ilerov\u00e1<\/strong>, kter\u00e1 z\u00edskala bronzovou medaili, <strong>Lili Such\u00e1<\/strong> obsadila v\u00fdborn\u00e9 4. m\u00edsto.<\/p>\n\n\n\n<p>Dal\u0161\u00ed zlatou medaili jsme pak z\u00edskaly v&nbsp;sout\u011b\u017ei dru\u017estev, kde se po\u010d\u00edtal v\u00fdsledek nejlep\u0161\u00ed z\u00e1vodnice klubu z&nbsp;ka\u017ed\u00e9 kategorie. Za n\u00e1s se po\u010d\u00edtal v\u00fdsledek Ad\u00e9lky, Frederky a Elenky. St\u0159\u00edbrnou medaili z\u00edskalo dru\u017estvo Bohemians Praha a bronz z\u016fstal dom\u00e1c\u00edm z\u00e1vodnic\u00edm T. J. Sokol Kampa.<\/p>\n\n\n\n<p>V\u0161em z\u00fa\u010dastn\u011bn\u00fdm z\u00e1vodnic\u00edm a tren\u00e9rk\u00e1m gratulujeme.<\/p>\n\n\n\n<p>Fotky <a rel=\"noreferrer noopener\" href=\"https:\/\/gkvitkovice.rajce.idnes.cz\/Memorial_V._Medove_28.11.2021\/\" target=\"_blank\">ZDE<\/a><\/p>\n\n\n\n<p>V\u00fdsledky <a rel=\"noreferrer noopener\" href=\"https:\/\/www.gymfed.cz\/vysledky\/detail\/2086\" target=\"_blank\">ZDE<\/a><\/p>\n\n\n\n<p><em>(Sv\u011btlana Grmelov\u00e1)<\/em><\/p>\n\n\n<div class=\"fb-like\" data-href=\"http:\/\/gkvitkovice.cz\/?p=4286\" data-width=\"\" data-layout=\"standard\" data-action=\"like\" data-size=\"small\" data-share=\"true\"><\/div>","protected":false},"excerpt":{"rendered":"<p><!-- wp:image {\"align\":\"center\",\"id\":4287,\"width\":361,\"height\":480,\"sizeSlug\":\"large\",\"linkDestination\":\"media\"} --><\/p>\n<div class=\"wp-block-image\">\n<figure class=\"aligncenter size-large is-resized\"><a href=\"http:\/\/gkvitkovice.cz\/wp-content\/uploads\/2021\/11\/262253337_562331955065935_3030724707884971989_n.jpg\"><img loading=\"lazy\" src=\"http:\/\/gkvitkovice.cz\/wp-content\/uploads\/2021\/11\/262253337_562331955065935_3030724707884971989_n.jpg\" alt=\"\" class=\"wp-image-4287\" width=\"361\" height=\"480\" srcset=\"https:\/\/gkvitkovice.cz\/wp-content\/uploads\/2021\/11\/262253337_562331955065935_3030724707884971989_n.jpg 721w, https:\/\/gkvitkovice.cz\/wp-content\/uploads\/2021\/11\/262253337_562331955065935_3030724707884971989_n-225x300.jpg 225w\" sizes=\"(max-width: 361px) 100vw, 361px\" \/><\/a><\/figure>\n<\/div>\n<p><!-- \/wp:image --><\/p>\n<p><!-- wp:paragraph --><\/p>\n<p>V\u00a0ned\u011bli 28. 11. 2021 uspo\u0159\u00e1dal odd\u00edl sportovn\u00ed gymnastiky TJ Sokol Kampa tradi\u010dn\u00ed z\u00e1vod \u017e\u00e1ky\u0148 ve 3 v\u011bkov\u00fdch kategori\u00edch. <\/p>\n","protected":false},"author":1,"featured_media":0,"comment_status":"closed","ping_status":"open","sticky":false,"template":"","format":"standard","meta":[],"categories":[16],"tags":[],"_links":{"self":[{"href":"https:\/\/gkvitkovice.cz\/index.php?rest_route=\/wp\/v2\/posts\/4286"}],"collection":[{"href":"https:\/\/gkvitkovice.cz\/index.php?rest_route=\/wp\/v2\/posts"}],"about":[{"href":"https:\/\/gkvitkovice.cz\/index.php?rest_route=\/wp\/v2\/types\/post"}],"author":[{"embeddable":true,"href":"https:\/\/gkvitkovice.cz\/index.php?rest_route=\/wp\/v2\/users\/1"}],"replies":[{"embeddable":true,"href":"https:\/\/gkvitkovice.cz\/index.php?rest_route=%2Fwp%2Fv2%2Fcomments&post=4286"}],"version-history":[{"count":2,"href":"https:\/\/gkvitkovice.cz\/index.php?rest_route=\/wp\/v2\/posts\/4286\/revisions"}],"predecessor-version":[{"id":4289,"href":"https:\/\/gkvitkovice.cz\/index.php?rest_route=\/wp\/v2\/posts\/4286\/revisions\/4289"}],"wp:attachment":[{"href":"https:\/\/gkvitkovice.cz\/index.php?rest_route=%2Fwp%2Fv2%2Fmedia&parent=4286"}],"wp:term":[{"taxonomy":"category","embeddable":true,"href":"https:\/\/gkvitkovice.cz\/index.php?rest_route=%2Fwp%2Fv2%2Fcategories&post=4286"},{"taxonomy":"post_tag","embeddable":true,"href":"https:\/\/gkvitkovice.cz\/index.php?rest_route=%2Fwp%2Fv2%2Ftags&post=4286"}],"curies":[{"name":"wp","href":"https:\/\/api.w.org\/{rel}","templated":true}]}}