{"id":4314,"date":"2021-12-21T13:25:33","date_gmt":"2021-12-21T13:25:33","guid":{"rendered":"http:\/\/gkvitkovice.cz\/?p=4314"},"modified":"2021-12-21T20:34:04","modified_gmt":"2021-12-21T20:34:04","slug":"mikulassky-dvojboj-2021","status":"publish","type":"post","link":"https:\/\/gkvitkovice.cz\/?p=4314","title":{"rendered":"Mikul\u00e1\u0161sk\u00fd dvojboj 2021"},"content":{"rendered":"<div id=\"fb-root\"><\/div>\n<p><script async=\"\" defer=\"\" crossorigin=\"anonymous\" src=\"https:\/\/connect.facebook.net\/cs_CZ\/sdk.js#xfbml=1&amp;version=v12.0\" nonce=\"OoisATHG\"><\/script><\/p>\n\n\n<div class=\"wp-block-image\"><figure class=\"aligncenter size-large is-resized\"><a href=\"http:\/\/gkvitkovice.cz\/wp-content\/uploads\/2021\/12\/IMG_5723.jpg\"><img loading=\"lazy\" src=\"http:\/\/gkvitkovice.cz\/wp-content\/uploads\/2021\/12\/IMG_5723-1024x682.jpg\" alt=\"\" class=\"wp-image-4316\" width=\"512\" height=\"341\" srcset=\"https:\/\/gkvitkovice.cz\/wp-content\/uploads\/2021\/12\/IMG_5723-1024x682.jpg 1024w, https:\/\/gkvitkovice.cz\/wp-content\/uploads\/2021\/12\/IMG_5723-300x200.jpg 300w, https:\/\/gkvitkovice.cz\/wp-content\/uploads\/2021\/12\/IMG_5723-768x512.jpg 768w, https:\/\/gkvitkovice.cz\/wp-content\/uploads\/2021\/12\/IMG_5723-1536x1024.jpg 1536w, https:\/\/gkvitkovice.cz\/wp-content\/uploads\/2021\/12\/IMG_5723.jpg 2000w\" sizes=\"(max-width: 512px) 100vw, 512px\" \/><\/a><\/figure><\/div>\n\n\n\n<p>Posledn\u00edm z\u00e1vodem v leto\u0161n\u00edm roce byl Mikul\u00e1\u0161sk\u00fd dvojboj, kter\u00fd po\u0159\u00e1dal odd\u00edl TJ Sokol Kop\u0159ivnice 18. 12. 2021. Z\u00e1vod prob\u00edhal velmi svi\u017en\u011b, sou\u010dasn\u011b ve dvou t\u011blocvi\u010dn\u00e1ch v r\u016fzn\u00fdch kategori\u00edch.<\/p>\n\n\n\n<p><br>Jako prvn\u00ed se p\u0159edstavily nejmlad\u0161\u00ed gymnastky a nejl\u00e9pe se vedlo <strong>Jul\u010di Marszolkov\u00e9<\/strong> v kategorii ro\u010dn\u00edk\u016f 2015, kter\u00e1 p\u0159edvedla na obou n\u00e1\u0159ad\u00edch velmi p\u011bkn\u00e9 sestavy. Vedlo se tak\u00e9 jej\u00ed klubov\u00e9 kolegyni <strong>Karol\u00ednce K\u00e1\u0148ov\u00e9<\/strong>, kter\u00e1 obsadila 3. m\u00edsto. D\u00e1le pak na 4. m\u00edst\u011b <strong>Vivi Farn\u00edkov\u00e1<\/strong>, 5. m\u00edst\u011b <strong>Nelka Nov\u00e1kov\u00e1<\/strong> a 7. m\u00edst\u011b <strong>Ani\u010dka Nov\u00e1kov\u00e1<\/strong>.\u00a0<\/p>\n\n\n\n<p>V nejpo\u010detn\u011bj\u0161\u00ed kategorii ro\u010dn\u00edk\u016f 2014-2013 jsme tak\u00e9 z\u00edskali medaili, a to bronzovou, z\u00e1sluhou <strong>Ani\u010dky Ulehlov\u00e9<\/strong>, kter\u00e9 se takt\u00e9\u017e ob\u011b sestavy vyda\u0159ily. Na 6. m\u00edst\u011b se um\u00edstila <strong>Ver\u010da Bolibruchov\u00e1 <\/strong>a na 11. m\u00edst\u011b <strong>Naty Mat\u00fa\u0161ov\u00e1<\/strong>.<\/p>\n\n\n\n<p><br><\/p>\n\n\n\n<div class=\"wp-block-image\"><figure class=\"aligncenter size-large is-resized\"><a href=\"http:\/\/gkvitkovice.cz\/wp-content\/uploads\/2021\/12\/IMG_5889.jpg\"><img loading=\"lazy\" src=\"http:\/\/gkvitkovice.cz\/wp-content\/uploads\/2021\/12\/IMG_5889-682x1024.jpg\" alt=\"\" class=\"wp-image-4317\" width=\"341\" height=\"512\" srcset=\"https:\/\/gkvitkovice.cz\/wp-content\/uploads\/2021\/12\/IMG_5889-682x1024.jpg 682w, https:\/\/gkvitkovice.cz\/wp-content\/uploads\/2021\/12\/IMG_5889-200x300.jpg 200w, https:\/\/gkvitkovice.cz\/wp-content\/uploads\/2021\/12\/IMG_5889-768x1152.jpg 768w, https:\/\/gkvitkovice.cz\/wp-content\/uploads\/2021\/12\/IMG_5889-1024x1536.jpg 1024w, https:\/\/gkvitkovice.cz\/wp-content\/uploads\/2021\/12\/IMG_5889.jpg 1333w\" sizes=\"(max-width: 341px) 100vw, 341px\" \/><\/a><\/figure><\/div>\n\n\n\n<p>Ve II. sledu startovaly star\u0161\u00ed \u017e\u00e1kyn\u011b a tak\u00e9 naopak na\u0161e nejstar\u0161\u00ed z\u00e1vodnice. V kategorii juniorky a \u017eeny si zlatou medaili odvezla <strong>Klaudi Hynek<\/strong> a st\u0159\u00edbrnou medaili <strong>Roza O\u017eanov\u00e1<\/strong>. Ob\u011b d\u011bv\u010data zacvi\u010dila \u010dist\u011b, bez v\u011bt\u0161\u00edch zav\u00e1h\u00e1n\u00ed. Na kladin\u011b se p\u0159\u00edli\u0161 nezada\u0159ilo <strong>Ani\u010dce Kr\u00fdsov\u00e9<\/strong>, i p\u0159esto v\u0161ak obsadila p\u011bkn\u00e9\u00a06. m\u00edsto, 10. m\u00edsto <strong>Ella Kosteleck\u00e1<\/strong>. <\/p>\n\n\n\n<p>V kategorii star\u0161\u00edch \u017e\u00e1ky\u0148 se p\u0159edstavily <strong>Lucka Li\u0161kov\u00e1<\/strong>, kter\u00e1 obsadila 7. m\u00edsto, a <strong>Elen Ludwigov\u00e1<\/strong> na 10. m\u00edst\u011b. V posledn\u00edm sledu nastoupily dv\u011b na\u0161e gymnastky <strong>Liliana Mlyn\u00e1\u0159ov\u00e1<\/strong> s <strong>Kristin Bujokovou<\/strong>. Velmi p\u011bkn\u00fdm cvi\u010den\u00edm si Lili vybojovala zlatou medaili a Kristin obsadila 10. m\u00edsto.<\/p>\n\n\n\n<p><br>V\u0161echna d\u011bv\u010data si krom\u011b medaile, diplomu a v\u011bcn\u00e9 ceny odvezla i Mikul\u00e1\u0161skou \u010depici. <\/p>\n\n\n\n<p>Gratulujeme nejen medailistk\u00e1m, ale i ostatn\u00edm d\u011bv\u010d\u00e1tk\u016fm, kter\u00fdm to na bednu tentokr\u00e1t nevy\u0161lo, a moc d\u011bkujeme po\u0159adatel\u016fm za kr\u00e1sn\u00fd a pohodov\u00fd z\u00e1vod v posledn\u00edm v\u00edkendu p\u0159ed V\u00e1noci. Gymnastky odj\u00ed\u017ed\u011bly spokojen\u00e9 a nabit\u00e9 energi\u00ed do nov\u00e9ho roku.<\/p>\n\n\n\n<p>Fotky<a rel=\"noreferrer noopener\" href=\"https:\/\/gkvitkovice.rajce.idnes.cz\/Mikulassky_dvojboj%2C_18._12._2021%2C_Koprivnice\/\" target=\"_blank\"> ZDE<\/a><\/p>\n\n\n\n<div class=\"wp-block-file\"><a href=\"http:\/\/gkvitkovice.cz\/wp-content\/uploads\/2021\/12\/Mikulassky_dvojboj_vysledky_2021.pdf\">Mikulassky_dvojboj_vysledky_2021<\/a><a href=\"http:\/\/gkvitkovice.cz\/wp-content\/uploads\/2021\/12\/Mikulassky_dvojboj_vysledky_2021.pdf\" class=\"wp-block-file__button\" download>St\u00e1hnout<\/a><\/div>\n\n\n\n<p><em>(G. Hynek, M. Prutkayov\u00e1)<\/em><\/p>\n\n\n<div class=\"fb-like\" data-href=\"http:\/\/gkvitkovice.cz\/?p=4314\" data-width=\"\" data-layout=\"standard\" data-action=\"like\" data-size=\"small\" data-share=\"true\"><\/div>","protected":false},"excerpt":{"rendered":"<p><!-- wp:image {\"align\":\"center\",\"id\":4316,\"width\":512,\"height\":341,\"sizeSlug\":\"large\",\"linkDestination\":\"media\"} --><\/p>\n<div class=\"wp-block-image\">\n<figure class=\"aligncenter size-large is-resized\"><a href=\"http:\/\/gkvitkovice.cz\/wp-content\/uploads\/2021\/12\/IMG_5723.jpg\"><img loading=\"lazy\" src=\"http:\/\/gkvitkovice.cz\/wp-content\/uploads\/2021\/12\/IMG_5723-1024x682.jpg\" alt=\"\" class=\"wp-image-4316\" width=\"512\" height=\"341\" srcset=\"https:\/\/gkvitkovice.cz\/wp-content\/uploads\/2021\/12\/IMG_5723-1024x682.jpg 1024w, https:\/\/gkvitkovice.cz\/wp-content\/uploads\/2021\/12\/IMG_5723-300x200.jpg 300w, https:\/\/gkvitkovice.cz\/wp-content\/uploads\/2021\/12\/IMG_5723-768x512.jpg 768w, https:\/\/gkvitkovice.cz\/wp-content\/uploads\/2021\/12\/IMG_5723-1536x1024.jpg 1536w, https:\/\/gkvitkovice.cz\/wp-content\/uploads\/2021\/12\/IMG_5723.jpg 2000w\" sizes=\"(max-width: 512px) 100vw, 512px\" \/><\/a><\/figure>\n<\/div>\n<p><!-- \/wp:image --><\/p>\n<p><!-- wp:paragraph --><\/p>\n<p>Posledn\u00edm z\u00e1vodem v leto\u0161n\u00edm roce byl Mikul\u00e1\u0161sk\u00fd dvojboj, kter\u00fd po\u0159\u00e1dal odd\u00edl TJ Sokol Kop\u0159ivnice 18. 12. 2021. <\/p>\n","protected":false},"author":1,"featured_media":0,"comment_status":"closed","ping_status":"open","sticky":false,"template":"","format":"standard","meta":[],"categories":[16],"tags":[],"_links":{"self":[{"href":"https:\/\/gkvitkovice.cz\/index.php?rest_route=\/wp\/v2\/posts\/4314"}],"collection":[{"href":"https:\/\/gkvitkovice.cz\/index.php?rest_route=\/wp\/v2\/posts"}],"about":[{"href":"https:\/\/gkvitkovice.cz\/index.php?rest_route=\/wp\/v2\/types\/post"}],"author":[{"embeddable":true,"href":"https:\/\/gkvitkovice.cz\/index.php?rest_route=\/wp\/v2\/users\/1"}],"replies":[{"embeddable":true,"href":"https:\/\/gkvitkovice.cz\/index.php?rest_route=%2Fwp%2Fv2%2Fcomments&post=4314"}],"version-history":[{"count":4,"href":"https:\/\/gkvitkovice.cz\/index.php?rest_route=\/wp\/v2\/posts\/4314\/revisions"}],"predecessor-version":[{"id":4321,"href":"https:\/\/gkvitkovice.cz\/index.php?rest_route=\/wp\/v2\/posts\/4314\/revisions\/4321"}],"wp:attachment":[{"href":"https:\/\/gkvitkovice.cz\/index.php?rest_route=%2Fwp%2Fv2%2Fmedia&parent=4314"}],"wp:term":[{"taxonomy":"category","embeddable":true,"href":"https:\/\/gkvitkovice.cz\/index.php?rest_route=%2Fwp%2Fv2%2Fcategories&post=4314"},{"taxonomy":"post_tag","embeddable":true,"href":"https:\/\/gkvitkovice.cz\/index.php?rest_route=%2Fwp%2Fv2%2Ftags&post=4314"}],"curies":[{"name":"wp","href":"https:\/\/api.w.org\/{rel}","templated":true}]}}