{"id":4333,"date":"2022-01-26T18:17:40","date_gmt":"2022-01-26T18:17:40","guid":{"rendered":"http:\/\/gkvitkovice.cz\/?p=4333"},"modified":"2022-01-26T18:18:46","modified_gmt":"2022-01-26T18:18:46","slug":"nominace-sirsiho-reprezentacniho-vyberu-ceske-republiky-pro-me-teamgym-2022","status":"publish","type":"post","link":"https:\/\/gkvitkovice.cz\/?p=4333","title":{"rendered":"Nominace \u0161ir\u0161\u00edho reprezenta\u010dn\u00edho v\u00fdb\u011bru \u010cesk\u00e9 republiky pro ME TeamGym 2022"},"content":{"rendered":"<div id=\"fb-root\"><\/div>\n<p><script async=\"\" defer=\"\" crossorigin=\"anonymous\" src=\"https:\/\/connect.facebook.net\/cs_CZ\/sdk.js#xfbml=1&amp;version=v12.0\" nonce=\"IPMUkXth\"><\/script><\/p>\n\n\n<div class=\"wp-block-image\"><figure class=\"aligncenter size-large is-resized\"><a href=\"http:\/\/gkvitkovice.cz\/wp-content\/uploads\/2022\/01\/IMG_20220123_092048.jpg\"><img loading=\"lazy\" src=\"http:\/\/gkvitkovice.cz\/wp-content\/uploads\/2022\/01\/IMG_20220123_092048-1024x575.jpg\" alt=\"\" class=\"wp-image-4334\" width=\"512\" height=\"288\" srcset=\"https:\/\/gkvitkovice.cz\/wp-content\/uploads\/2022\/01\/IMG_20220123_092048-1024x575.jpg 1024w, https:\/\/gkvitkovice.cz\/wp-content\/uploads\/2022\/01\/IMG_20220123_092048-300x169.jpg 300w, https:\/\/gkvitkovice.cz\/wp-content\/uploads\/2022\/01\/IMG_20220123_092048-768x432.jpg 768w, https:\/\/gkvitkovice.cz\/wp-content\/uploads\/2022\/01\/IMG_20220123_092048-1536x863.jpg 1536w, https:\/\/gkvitkovice.cz\/wp-content\/uploads\/2022\/01\/IMG_20220123_092048.jpg 2000w\" sizes=\"(max-width: 512px) 100vw, 512px\" \/><\/a><\/figure><\/div>\n\n\n\n<p>23. 1. 2022 prob\u011bhlo teamgymov\u00e9 testov\u00e1n\u00ed \u0161ir\u0161\u00edho reprezenta\u010dn\u00edho v\u00fdb\u011bru pod veden\u00edm tren\u00e9r\u016f Johna Erika Salte a Krist\u00fdny \u010cerm\u00e1kov\u00e9. Z na\u0161eho odd\u00edlu bojovaly o postup <strong>Anni Kr\u00fdsov\u00e1<\/strong> a <strong>Lucka G\u0159e\u0161ov\u00e1<\/strong>, ob\u011b se l\u00edbily natolik, \u017ee se do v\u00fdb\u011bru dostaly. Dal\u0161\u00ed dv\u011b d\u011bv\u010data &#8211; <strong>Klaudi Hynek<\/strong> a <strong>Rozi O\u017eanov\u00e1<\/strong> se vzhledem k nemoci nemohly \u00fa\u010dastnit osobn\u011b, nicm\u00e9n\u011b i jim (po shl\u00e9dnut\u00ed n\u011bkolika vide\u00ed) byla d\u00e1na mo\u017enost postoupit do &#8222;Nominace \u0161ir\u0161\u00edho reprezenta\u010dn\u00edho v\u00fdb\u011bru \u010cesk\u00e9 republiky pro ME TeamGym 2022, 14. &#8211; 17. 9. 2022 v Lucembursku&#8220;. Ani\u010dka postoupila mezi seniorky\/senior mix a ostatn\u00ed d\u011bv\u010data, spolu s <strong>K\u00e1jou Adam\u00edkovou<\/strong>, budou usilovat o sv\u00e9 m\u00edsto v juniorsk\u00e9m t\u00fdmu. K\u00e1ja nemusela na testov\u00e1n\u00ed, vzhledem ke startu na posledn\u00edm z\u00e1vodu ME. V\u0161em p\u011bti d\u011bv\u010dat\u016fm tedy dr\u017e\u00edme palce, aby se ve v\u00fdb\u011bru udr\u017eela co nejd\u00e9le a v ide\u00e1ln\u00edm p\u0159\u00edpad\u011b odcestovala v z\u00e1\u0159\u00ed do Lucemburska.<\/p>\n\n\n\n<p>Nominace <a rel=\"noreferrer noopener\" href=\"https:\/\/www.gymfed.cz\/1163-nominace-reprezentacnich-vyberu-teamgym.html\" target=\"_blank\">ZDE<\/a><\/p>\n\n\n\n<p>Fotky <a rel=\"noreferrer noopener\" href=\"https:\/\/gkvitkovice.rajce.idnes.cz\/Testovani_TG_repre_vyberu_pro_ME_2022\/\" target=\"_blank\">ZDE<\/a><\/p>\n\n\n\n<p><em>(Gabriela Hynek)<\/em><\/p>\n\n\n<div class=\"fb-like\" data-href=\"http:\/\/gkvitkovice.cz\/?p=4333\" data-width=\"\" data-layout=\"standard\" data-action=\"like\" data-size=\"small\" data-share=\"true\"><\/div>","protected":false},"excerpt":{"rendered":"<p><!-- wp:image {\"align\":\"center\",\"id\":4334,\"width\":512,\"height\":288,\"sizeSlug\":\"large\",\"linkDestination\":\"media\"} --><\/p>\n<div class=\"wp-block-image\">\n<figure class=\"aligncenter size-large is-resized\"><a href=\"http:\/\/gkvitkovice.cz\/wp-content\/uploads\/2022\/01\/IMG_20220123_092048.jpg\"><img loading=\"lazy\" src=\"http:\/\/gkvitkovice.cz\/wp-content\/uploads\/2022\/01\/IMG_20220123_092048-1024x575.jpg\" alt=\"\" class=\"wp-image-4334\" width=\"512\" height=\"288\" srcset=\"https:\/\/gkvitkovice.cz\/wp-content\/uploads\/2022\/01\/IMG_20220123_092048-1024x575.jpg 1024w, https:\/\/gkvitkovice.cz\/wp-content\/uploads\/2022\/01\/IMG_20220123_092048-300x169.jpg 300w, https:\/\/gkvitkovice.cz\/wp-content\/uploads\/2022\/01\/IMG_20220123_092048-768x432.jpg 768w, https:\/\/gkvitkovice.cz\/wp-content\/uploads\/2022\/01\/IMG_20220123_092048-1536x863.jpg 1536w, https:\/\/gkvitkovice.cz\/wp-content\/uploads\/2022\/01\/IMG_20220123_092048.jpg 2000w\" sizes=\"(max-width: 512px) 100vw, 512px\" \/><\/a><\/figure>\n<\/div>\n<p><!-- \/wp:image --><\/p>\n<p><!-- wp:paragraph --><\/p>\n<p>23. 1. 2022 prob\u011bhlo teamgymov\u00e9 testov\u00e1n\u00ed \u0161ir\u0161\u00edho reprezenta\u010dn\u00edho v\u00fdb\u011bru pod veden\u00edm tren\u00e9r\u016f Johna Erika Salte a Krist\u00fdny \u010cerm\u00e1kov\u00e9.<\/p>\n","protected":false},"author":1,"featured_media":0,"comment_status":"closed","ping_status":"open","sticky":false,"template":"","format":"standard","meta":[],"categories":[17],"tags":[],"_links":{"self":[{"href":"https:\/\/gkvitkovice.cz\/index.php?rest_route=\/wp\/v2\/posts\/4333"}],"collection":[{"href":"https:\/\/gkvitkovice.cz\/index.php?rest_route=\/wp\/v2\/posts"}],"about":[{"href":"https:\/\/gkvitkovice.cz\/index.php?rest_route=\/wp\/v2\/types\/post"}],"author":[{"embeddable":true,"href":"https:\/\/gkvitkovice.cz\/index.php?rest_route=\/wp\/v2\/users\/1"}],"replies":[{"embeddable":true,"href":"https:\/\/gkvitkovice.cz\/index.php?rest_route=%2Fwp%2Fv2%2Fcomments&post=4333"}],"version-history":[{"count":2,"href":"https:\/\/gkvitkovice.cz\/index.php?rest_route=\/wp\/v2\/posts\/4333\/revisions"}],"predecessor-version":[{"id":4337,"href":"https:\/\/gkvitkovice.cz\/index.php?rest_route=\/wp\/v2\/posts\/4333\/revisions\/4337"}],"wp:attachment":[{"href":"https:\/\/gkvitkovice.cz\/index.php?rest_route=%2Fwp%2Fv2%2Fmedia&parent=4333"}],"wp:term":[{"taxonomy":"category","embeddable":true,"href":"https:\/\/gkvitkovice.cz\/index.php?rest_route=%2Fwp%2Fv2%2Fcategories&post=4333"},{"taxonomy":"post_tag","embeddable":true,"href":"https:\/\/gkvitkovice.cz\/index.php?rest_route=%2Fwp%2Fv2%2Ftags&post=4333"}],"curies":[{"name":"wp","href":"https:\/\/api.w.org\/{rel}","templated":true}]}}