{"id":4339,"date":"2022-01-30T18:07:12","date_gmt":"2022-01-30T18:07:12","guid":{"rendered":"http:\/\/gkvitkovice.cz\/?p=4339"},"modified":"2022-01-30T18:08:24","modified_gmt":"2022-01-30T18:08:24","slug":"nabor-2022","status":"publish","type":"post","link":"https:\/\/gkvitkovice.cz\/?p=4339","title":{"rendered":"N\u00e1bor 2022"},"content":{"rendered":"\n<div class=\"wp-block-image\"><figure class=\"aligncenter size-large\"><a href=\"http:\/\/gkvitkovice.cz\/wp-content\/uploads\/2017\/03\/vykricniky_nad_ostravou_03_150x120.jpg\"><img loading=\"lazy\" width=\"150\" height=\"120\" src=\"http:\/\/gkvitkovice.cz\/wp-content\/uploads\/2017\/03\/vykricniky_nad_ostravou_03_150x120.jpg\" alt=\"\" class=\"wp-image-1082\"\/><\/a><\/figure><\/div>\n\n\n\n<p>Vzhledem k velk\u00e9mu po\u010dtu d\u011bt\u00ed p\u0159ij\u00edm\u00e1 n\u00e1\u0161 odd\u00edl v sou\u010dasn\u00e9 dob\u011b z\u00e1jemce pouze do gymnastick\u00e9 \u0161koli\u010dky a do rekrea\u010dn\u00ed gymnastiky. Nov\u00fd n\u00e1bor do p\u0159\u00edpravky d\u00edvek a chlapc\u016f prob\u011bhne a\u017e v \u010dervnu 2022 se zah\u00e1jen\u00edm cvi\u010den\u00ed v z\u00e1\u0159\u00ed, term\u00edn \u010dervnov\u00e9ho n\u00e1boru bude vyv\u011b\u0161en\u00fd zde na str\u00e1nk\u00e1ch odd\u00edlu p\u0159ibli\u017en\u011b m\u011bs\u00edc p\u0159ed kon\u00e1n\u00edm. <\/p>\n\n\n\n<p>D\u011bkujeme za pochopen\u00ed.<\/p>\n","protected":false},"excerpt":{"rendered":"<p><!-- wp:image {\"align\":\"center\",\"id\":1082,\"sizeSlug\":\"large\",\"linkDestination\":\"media\"} --><\/p>\n<div class=\"wp-block-image\">\n<figure class=\"aligncenter size-large\"><a href=\"http:\/\/gkvitkovice.cz\/wp-content\/uploads\/2017\/03\/vykricniky_nad_ostravou_03_150x120.jpg\"><img loading=\"lazy\" width=\"150\" height=\"120\" src=\"http:\/\/gkvitkovice.cz\/wp-content\/uploads\/2017\/03\/vykricniky_nad_ostravou_03_150x120.jpg\" alt=\"\" class=\"wp-image-1082\"\/><\/a><\/figure>\n<\/div>\n<p><!-- \/wp:image --><\/p>\n<p><!-- wp:paragraph --><\/p>\n<p>Vzhledem k velk\u00e9mu po\u010dtu d\u011bt\u00ed p\u0159ij\u00edm\u00e1 n\u00e1\u0161 odd\u00edl v sou\u010dasn\u00e9 dob\u011b z\u00e1jemce pouze do gymnastick\u00e9 \u0161koli\u010dky a do rekrea\u010dn\u00ed gymnastiky. Nov\u00fd n\u00e1bor do p\u0159\u00edpravky d\u00edvek a chlapc\u016f prob\u011bhne a\u017e v \u010dervnu 2022 se zah\u00e1jen\u00edm cvi\u010den\u00ed v z\u00e1\u0159\u00ed, term\u00edn \u010dervnov\u00e9ho n\u00e1boru bude vyv\u011b\u0161en\u00fd zde na str\u00e1nk\u00e1ch odd\u00edlu p\u0159ibli\u017en\u011b m\u011bs\u00edc p\u0159ed kon\u00e1n\u00edm. <\/p>\n<p><!-- \/wp:paragraph --><\/p>\n<p><!-- wp:paragraph --><\/p>\n<p>D\u011bkujeme za pochopen\u00ed.<\/p>\n<p><!-- \/wp:paragraph --><\/p>\n","protected":false},"author":1,"featured_media":0,"comment_status":"closed","ping_status":"open","sticky":false,"template":"","format":"standard","meta":[],"categories":[17],"tags":[],"_links":{"self":[{"href":"https:\/\/gkvitkovice.cz\/index.php?rest_route=\/wp\/v2\/posts\/4339"}],"collection":[{"href":"https:\/\/gkvitkovice.cz\/index.php?rest_route=\/wp\/v2\/posts"}],"about":[{"href":"https:\/\/gkvitkovice.cz\/index.php?rest_route=\/wp\/v2\/types\/post"}],"author":[{"embeddable":true,"href":"https:\/\/gkvitkovice.cz\/index.php?rest_route=\/wp\/v2\/users\/1"}],"replies":[{"embeddable":true,"href":"https:\/\/gkvitkovice.cz\/index.php?rest_route=%2Fwp%2Fv2%2Fcomments&post=4339"}],"version-history":[{"count":2,"href":"https:\/\/gkvitkovice.cz\/index.php?rest_route=\/wp\/v2\/posts\/4339\/revisions"}],"predecessor-version":[{"id":4341,"href":"https:\/\/gkvitkovice.cz\/index.php?rest_route=\/wp\/v2\/posts\/4339\/revisions\/4341"}],"wp:attachment":[{"href":"https:\/\/gkvitkovice.cz\/index.php?rest_route=%2Fwp%2Fv2%2Fmedia&parent=4339"}],"wp:term":[{"taxonomy":"category","embeddable":true,"href":"https:\/\/gkvitkovice.cz\/index.php?rest_route=%2Fwp%2Fv2%2Fcategories&post=4339"},{"taxonomy":"post_tag","embeddable":true,"href":"https:\/\/gkvitkovice.cz\/index.php?rest_route=%2Fwp%2Fv2%2Ftags&post=4339"}],"curies":[{"name":"wp","href":"https:\/\/api.w.org\/{rel}","templated":true}]}}