{"id":4343,"date":"2022-01-31T09:21:50","date_gmt":"2022-01-31T09:21:50","guid":{"rendered":"http:\/\/gkvitkovice.cz\/?p=4343"},"modified":"2022-01-31T09:22:59","modified_gmt":"2022-01-31T09:22:59","slug":"duo-gym-cup-2022","status":"publish","type":"post","link":"https:\/\/gkvitkovice.cz\/?p=4343","title":{"rendered":"Duo Gym Cup 2022"},"content":{"rendered":"<div id=\"fb-root\"><\/div>\n<p><script async=\"\" defer=\"\" crossorigin=\"anonymous\" src=\"https:\/\/connect.facebook.net\/cs_CZ\/sdk.js#xfbml=1&amp;version=v12.0\" nonce=\"7nc2tpBi\"><\/script><\/p>\n\n\n<div class=\"wp-block-image\"><figure class=\"aligncenter size-large is-resized\"><a href=\"http:\/\/gkvitkovice.cz\/wp-content\/uploads\/2022\/01\/272295530_1295469797603997_7023298272402475809_n.jpg\"><img loading=\"lazy\" src=\"http:\/\/gkvitkovice.cz\/wp-content\/uploads\/2022\/01\/272295530_1295469797603997_7023298272402475809_n.jpg\" alt=\"\" class=\"wp-image-4344\" width=\"434\" height=\"326\" srcset=\"https:\/\/gkvitkovice.cz\/wp-content\/uploads\/2022\/01\/272295530_1295469797603997_7023298272402475809_n.jpg 867w, https:\/\/gkvitkovice.cz\/wp-content\/uploads\/2022\/01\/272295530_1295469797603997_7023298272402475809_n-300x225.jpg 300w, https:\/\/gkvitkovice.cz\/wp-content\/uploads\/2022\/01\/272295530_1295469797603997_7023298272402475809_n-768x577.jpg 768w\" sizes=\"(max-width: 434px) 100vw, 434px\" \/><\/a><\/figure><\/div>\n\n\n\n<p>Z\u00fa\u010dastnily jsme se ve dnech 22. &#8211; 23. 1. 2022 velmi p\u011bkn\u00e9ho z\u00e1vodu dvojic v pra\u017esk\u00fdch \u0160estajovic\u00edch, Duo Gym Cupu.<\/p>\n\n\n\n<p><br>V sobotu si zaz\u00e1vodily na\u0161e nejmen\u0161\u00ed gymnastky, kter\u00fdm se poda\u0159ilo utrhnout hned dv\u011b nejcenn\u011bj\u0161\u00ed um\u00edst\u011bn\u00ed, a to prvn\u00ed m\u00edsto d\u00edky dvoj\u010dat\u016fm <strong>Lili Such\u00e9<\/strong> + <strong>El\u010di \u0160ilerov\u00e9<\/strong>, a druh\u00e9 m\u00edsto pat\u0159ilo dvoj\u010dat\u016fm <strong>Maru\u0161ce Je\u017ekov\u00e9<\/strong> + <strong>Mari\u010dce \u0160perl\u00ednov\u00e9<\/strong>.<\/p>\n\n\n\n<p><br>V ned\u011bli u\u017e jsme m\u011bli zastoupen\u00ed ve v\u00edcero kategori\u00edch. Mlad\u0161\u00ed I&nbsp;vybojovaly z\u00e1sluhou<strong> Ani\u010dky Ulehlov\u00e9<\/strong> + <strong>Frederky Prutkayov\u00e9<\/strong> st\u0159\u00edbrnou p\u0159\u00ed\u010dku a \u0161est\u00e9 m\u00edsto pat\u0159ilo <strong>S\u00e1rce K\u0159i\u017eo\u0161\u010dakov\u00e9<\/strong> + <strong>Naty Mat\u00fa\u0161ov\u00e9<\/strong>.<\/p>\n\n\n\n<p>Mlad\u0161\u00ed II&nbsp;zde jsme m\u011bli zastoupen\u00ed ve dvojici <strong>Jul\u010di Biolkov\u00e9<\/strong> + <strong>Zoe Kol\u00e1\u0159ov\u00e9<\/strong>, kter\u00e9 rovn\u011b\u017e z\u00edskaly zlat\u00e9 medaile.<\/p>\n\n\n\n<p>Star\u0161\u00ed I&nbsp;se zada\u0159ilo <strong>Anet Neni\u010dkov\u00e9<\/strong>, kter\u00e1 nakonec startovala ve dvojici s gymnastkou z dom\u00e1c\u00edho klubu GT \u0160estajovice, a to z d\u016fvodu karant\u00e9ny v\u00edtkovick\u00e9 gymnastky. D\u011bv\u010data si p\u011bkn\u00fdmi v\u00fdkony zajistily um\u00edst\u011bn\u00ed na t\u0159et\u00edm m\u00edst\u011b. Dal\u0161\u00edm dvoj\u010detem v z\u00e1vod\u011b byly <strong>Ka\u010dka B\u00e1rtkov\u00e1<\/strong> + <strong>Ad\u00e9l Nykodymov\u00e1<\/strong>, kter\u00e9 se i p\u0159es nezdary um\u00edstily na sedm\u00e9m m\u00edst\u011b.<\/p>\n\n\n\n<p>Star\u0161\u00ed II&nbsp;z\u00edskala dvojice <strong>K\u00e1ja Adam\u00edkov\u00e1<\/strong> + <strong>Anet Nykodymov\u00e1<\/strong> sv\u00fdm hezk\u00fdm cvi\u010den\u00edm dal\u0161\u00ed medaili, tentokr\u00e1t st\u0159\u00edbrnou.<br><\/p>\n\n\n\n<p>Sou\u010d\u00e1st\u00ed z\u00e1vodu bylo vyhl\u00e1\u0161en\u00ed nejlep\u0161\u00edho dru\u017estva o putovn\u00ed poh\u00e1r starosty obce \u0160estajovice. Dru\u017estvo tvo\u0159\u00ed v\u017edy nejlep\u0161\u00ed dru\u017estvo z dan\u00e9ho klubu v kategorii&nbsp;Mlad\u0161\u00edch&nbsp;to byly Ani\u010dka Ulehlov\u00e1 + Frederka Prutkayov\u00e1 a v kategorii&nbsp;Star\u0161\u00edch&nbsp;K\u00e1ja Adam\u00edkov\u00e1 + Anet Nykodymov\u00e1. Zn\u00e1mky t\u011bchto dvou dvoj\u010dat se s\u010d\u00edtaj\u00ed a tvo\u0159\u00ed v\u00fdslednou zn\u00e1mku. Tato \u010dtve\u0159ice d\u011bv\u010dat se v kone\u010dn\u00e9m sou\u010dtu um\u00edstily na st\u0159\u00edbrn\u00e9 pozici a odvezly si nejen dal\u0161\u00ed medaili, ale tak\u00e9 dort s \u0161ampusem, samoz\u0159ejm\u011b d\u011btsk\u00fdm \ud83d\ude42 .<\/p>\n\n\n\n<p><br>D\u011bkujeme v\u0161em gymnastk\u00e1m, tren\u00e9r\u016fm, rozhod\u010d\u00edm za vzornou reprezentaci klubu, v\u010detn\u011b rodi\u010d\u016f, kte\u0159\u00ed v\u00e1\u017eili cestu, i p\u0159esto, \u017ee nemohli b\u00fdt p\u0159\u00edtomni z\u00e1vodu!<\/p>\n\n\n\n<p>Fotky <a href=\"https:\/\/gkvitkovice.rajce.idnes.cz\/DuoGymCup%2C_Sestajovice_22.-23.1.2022\/\" target=\"_blank\" rel=\"noreferrer noopener\">ZDE<\/a><\/p>\n\n\n\n<p>V\u00fdsledky <a href=\"https:\/\/www.gymfed.cz\/vysledky\/detail\/2289\" target=\"_blank\" rel=\"noreferrer noopener\">ZDE<\/a><\/p>\n\n\n\n<p><em>(Monika Prutkayov\u00e1)<\/em><\/p>\n\n\n<div class=\"fb-like\" data-href=\"http:\/\/gkvitkovice.cz\/?p=4343\" data-width=\"\" data-layout=\"standard\" data-action=\"like\" data-size=\"small\" data-share=\"true\"><\/div>","protected":false},"excerpt":{"rendered":"<p><!-- wp:image {\"align\":\"center\",\"id\":4344,\"width\":434,\"height\":326,\"sizeSlug\":\"large\",\"linkDestination\":\"media\"} --><\/p>\n<div class=\"wp-block-image\">\n<figure class=\"aligncenter size-large is-resized\"><a href=\"http:\/\/gkvitkovice.cz\/wp-content\/uploads\/2022\/01\/272295530_1295469797603997_7023298272402475809_n.jpg\"><img loading=\"lazy\" src=\"http:\/\/gkvitkovice.cz\/wp-content\/uploads\/2022\/01\/272295530_1295469797603997_7023298272402475809_n.jpg\" alt=\"\" class=\"wp-image-4344\" width=\"434\" height=\"326\" srcset=\"https:\/\/gkvitkovice.cz\/wp-content\/uploads\/2022\/01\/272295530_1295469797603997_7023298272402475809_n.jpg 867w, https:\/\/gkvitkovice.cz\/wp-content\/uploads\/2022\/01\/272295530_1295469797603997_7023298272402475809_n-300x225.jpg 300w, https:\/\/gkvitkovice.cz\/wp-content\/uploads\/2022\/01\/272295530_1295469797603997_7023298272402475809_n-768x577.jpg 768w\" sizes=\"(max-width: 434px) 100vw, 434px\" \/><\/a><\/figure>\n<\/div>\n<p><!-- \/wp:image --><\/p>\n<p><!-- wp:paragraph --><\/p>\n<p>Z\u00fa\u010dastnily jsme se ve dnech 22. &#8211; 23. 1. 2022 velmi p\u011bkn\u00e9ho z\u00e1vodu dvojic v pra\u017esk\u00fdch \u0160estajovic\u00edch, Duo Gym Cupu.<\/p>\n<p><!-- \/wp:paragraph --><\/p>\n","protected":false},"author":1,"featured_media":0,"comment_status":"closed","ping_status":"open","sticky":false,"template":"","format":"standard","meta":[],"categories":[17],"tags":[],"_links":{"self":[{"href":"https:\/\/gkvitkovice.cz\/index.php?rest_route=\/wp\/v2\/posts\/4343"}],"collection":[{"href":"https:\/\/gkvitkovice.cz\/index.php?rest_route=\/wp\/v2\/posts"}],"about":[{"href":"https:\/\/gkvitkovice.cz\/index.php?rest_route=\/wp\/v2\/types\/post"}],"author":[{"embeddable":true,"href":"https:\/\/gkvitkovice.cz\/index.php?rest_route=\/wp\/v2\/users\/1"}],"replies":[{"embeddable":true,"href":"https:\/\/gkvitkovice.cz\/index.php?rest_route=%2Fwp%2Fv2%2Fcomments&post=4343"}],"version-history":[{"count":2,"href":"https:\/\/gkvitkovice.cz\/index.php?rest_route=\/wp\/v2\/posts\/4343\/revisions"}],"predecessor-version":[{"id":4346,"href":"https:\/\/gkvitkovice.cz\/index.php?rest_route=\/wp\/v2\/posts\/4343\/revisions\/4346"}],"wp:attachment":[{"href":"https:\/\/gkvitkovice.cz\/index.php?rest_route=%2Fwp%2Fv2%2Fmedia&parent=4343"}],"wp:term":[{"taxonomy":"category","embeddable":true,"href":"https:\/\/gkvitkovice.cz\/index.php?rest_route=%2Fwp%2Fv2%2Fcategories&post=4343"},{"taxonomy":"post_tag","embeddable":true,"href":"https:\/\/gkvitkovice.cz\/index.php?rest_route=%2Fwp%2Fv2%2Ftags&post=4343"}],"curies":[{"name":"wp","href":"https:\/\/api.w.org\/{rel}","templated":true}]}}